{"id":22206,"date":"2023-05-28T13:26:00","date_gmt":"2023-05-28T16:26:00","guid":{"rendered":"https:\/\/chacosintesis.com.ar\/?p=22206"},"modified":"2023-05-28T17:28:34","modified_gmt":"2023-05-28T20:28:34","slug":"ley-de-retiro-voluntario-cuesta-reitero-la-necesidad-de-su-implementacion","status":"publish","type":"post","link":"https:\/\/chacosintesis.com.ar\/index.php\/ley-de-retiro-voluntario-cuesta-reitero-la-necesidad-de-su-implementacion\/","title":{"rendered":"Ley de Retiro Voluntario: Cuesta reiter\u00f3 la necesidad de su implementaci\u00f3n"},"content":{"rendered":"\n<p>La Ley de Retiro Voluntario para las y los trabajadores estatales que tienen personas con discapacidad a cargo, sancionada por el Poder Legislativo, recibi\u00f3 el veto parcial del Ejecutivo provincial. La autora de la norma, la presidenta Elida Cuesta, se\u00f1al\u00f3 que inicialmente se aprob\u00f3 la ley, la cual manifestaba en uno de sus art\u00edculos que las vacantes quedaban eliminadas de todas aquellas personas que se iban retirando, pero el Poder Ejecutivo argumenta que, en algunos casos, las vacantes que se van a producir son a cargos de direcci\u00f3n, que tienen trabajadores a cargo y que no pueden eliminarse, entonces propone que se cubran las vacantes por concurso de antecedentes y oposici\u00f3n.<\/p>\n\n\n\n<p>Para la titular legislativa es una normativa que necesitan muchas chaque\u00f1as y chaque\u00f1os para el cuidado de las personas con discapacidad que tienen a cargo y agreg\u00f3 que &#8220;nos parece v\u00e1lida la modificaci\u00f3n del art\u00edculo y la verdad es que nosotros queremos que cuanto antes se reglamente la ley, porque hay una necesidad imperiosa de mucha gente que nos consulta y necesita retirarse para dedicarse del todo al cuidado de su familiar&#8221;, remarc\u00f3.<\/p>\n\n\n\n<p>Cuesta se\u00f1al\u00f3 adem\u00e1s que &#8220;no queremos retrasar m\u00e1s la reglamentaci\u00f3n esperando al Ejecutivo. Muchas familias pueden tener la tranquilidad de que a partir de ahora tienen un instrumento que faculta al personal a hacer uso de su retiro voluntario para el cuidado que necesitan las personas con discapacidad a su cargo&#8221;.<\/p>\n","protected":false},"excerpt":{"rendered":"<p>La Ley de Retiro Voluntario para las y los trabajadores estatales que tienen personas con discapacidad a cargo, sancionada por el Poder Legislativo, recibi\u00f3 el veto parcial del Ejecutivo provincial. La autora de la norma, la presidenta Elida Cuesta, se\u00f1al\u00f3 que inicialmente se aprob\u00f3 la ley, la cual manifestaba en uno de sus art\u00edculos que [&hellip;]<\/p>\n","protected":false},"author":1,"featured_media":22207,"comment_status":"closed","ping_status":"closed","sticky":false,"template":"","format":"standard","meta":{"footnotes":""},"categories":[6],"tags":[202],"class_list":{"0":"post-22206","1":"post","2":"type-post","3":"status-publish","4":"format-standard","5":"has-post-thumbnail","7":"category-chaco","8":"tag-legislatura"},"_links":{"self":[{"href":"https:\/\/chacosintesis.com.ar\/index.php\/wp-json\/wp\/v2\/posts\/22206","targetHints":{"allow":["GET"]}}],"collection":[{"href":"https:\/\/chacosintesis.com.ar\/index.php\/wp-json\/wp\/v2\/posts"}],"about":[{"href":"https:\/\/chacosintesis.com.ar\/index.php\/wp-json\/wp\/v2\/types\/post"}],"author":[{"embeddable":true,"href":"https:\/\/chacosintesis.com.ar\/index.php\/wp-json\/wp\/v2\/users\/1"}],"replies":[{"embeddable":true,"href":"https:\/\/chacosintesis.com.ar\/index.php\/wp-json\/wp\/v2\/comments?post=22206"}],"version-history":[{"count":0,"href":"https:\/\/chacosintesis.com.ar\/index.php\/wp-json\/wp\/v2\/posts\/22206\/revisions"}],"wp:featuredmedia":[{"embeddable":true,"href":"https:\/\/chacosintesis.com.ar\/index.php\/wp-json\/wp\/v2\/media\/22207"}],"wp:attachment":[{"href":"https:\/\/chacosintesis.com.ar\/index.php\/wp-json\/wp\/v2\/media?parent=22206"}],"wp:term":[{"taxonomy":"category","embeddable":true,"href":"https:\/\/chacosintesis.com.ar\/index.php\/wp-json\/wp\/v2\/categories?post=22206"},{"taxonomy":"post_tag","embeddable":true,"href":"https:\/\/chacosintesis.com.ar\/index.php\/wp-json\/wp\/v2\/tags?post=22206"}],"curies":[{"name":"wp","href":"https:\/\/api.w.org\/{rel}","templated":true}]}}