{"id":22204,"date":"2023-05-28T10:55:39","date_gmt":"2023-05-28T13:55:39","guid":{"rendered":"https:\/\/chacosintesis.com.ar\/?p=22204"},"modified":"2023-05-28T11:07:33","modified_gmt":"2023-05-28T14:07:33","slug":"un-caballo-suelto-provoco-un-siniestro-fatal-en-santa-sylvina","status":"publish","type":"post","link":"https:\/\/chacosintesis.com.ar\/index.php\/un-caballo-suelto-provoco-un-siniestro-fatal-en-santa-sylvina\/","title":{"rendered":"Un caballo suelto provoc\u00f3 un siniestro fatal en Santa Sylvina"},"content":{"rendered":"<p>Esta madrugada, un autom\u00f3vil choc\u00f3 contra un caballo que deambulaba por la ruta 95 a la altura del kil\u00f3metro 971 y termin\u00f3 en un canal. Como consecuencia del impacto, una joven de 20 a\u00f1os, falleci\u00f3.<br \/>\n De acuerdo al informe policial, el siniestro vial ocurri\u00f3 esta madrugada alrededor de las 4, en la ruta 95 a la altura del kil\u00f3metro 971 cuando un autom\u00f3vil impact\u00f3 contra un caballo suelto que deambulaba por la zona.<\/p>\n<p>Como consecuencia del grave impacto, el veh\u00edculo Fiat Idea termin\u00f3 cayendo a un canal. En su interior iban tres personas, un hombre de 50 a\u00f1os, y dos mujeres de 47 y 20 a\u00f1os. Todos presentaban lesiones y fueron trasladados al hospital Salvador Mazza.<br \/>\nDesde el Hospital informaron que la joven de 20 a\u00f1os falleci\u00f3 por las lesiones, la causa de la muerte &#8220;traumatismo de cr\u00e1neo y herida cortante frontal&#8221;.<br \/>\nEn tanto, el hombre y la mujer permanecen estables con traumatismos.<br \/>\n En el lugar se realizaron las pericias y se hall\u00f3 el animal que no pose\u00eda marcas ni se\u00f1ales, se realiz\u00f3 la extracci\u00f3n de cuero por parte de los efectivos de la Secci\u00f3n Rural.<br \/>\nSe dio intervenci\u00f3n a la Fiscal\u00eda N\u00b0 3 a cargo del fiscal Fabi\u00e1n R\u00edos.<\/p>\n<p>DIARIO NORTE.-<\/p>\n","protected":false},"excerpt":{"rendered":"<p>Esta madrugada, un autom\u00f3vil choc\u00f3 contra un caballo que deambulaba por la ruta 95 a la altura del kil\u00f3metro 971 y termin\u00f3 en un canal. Como consecuencia del impacto, una joven de 20 a\u00f1os, falleci\u00f3. De acuerdo al informe policial, el siniestro vial ocurri\u00f3 esta madrugada alrededor de las 4, en la ruta 95 a [&hellip;]<\/p>\n","protected":false},"author":1,"featured_media":22205,"comment_status":"closed","ping_status":"closed","sticky":false,"template":"","format":"standard","meta":{"footnotes":""},"categories":[6],"tags":[197],"class_list":{"0":"post-22204","1":"post","2":"type-post","3":"status-publish","4":"format-standard","5":"has-post-thumbnail","7":"category-chaco","8":"tag-destacada"},"_links":{"self":[{"href":"https:\/\/chacosintesis.com.ar\/index.php\/wp-json\/wp\/v2\/posts\/22204","targetHints":{"allow":["GET"]}}],"collection":[{"href":"https:\/\/chacosintesis.com.ar\/index.php\/wp-json\/wp\/v2\/posts"}],"about":[{"href":"https:\/\/chacosintesis.com.ar\/index.php\/wp-json\/wp\/v2\/types\/post"}],"author":[{"embeddable":true,"href":"https:\/\/chacosintesis.com.ar\/index.php\/wp-json\/wp\/v2\/users\/1"}],"replies":[{"embeddable":true,"href":"https:\/\/chacosintesis.com.ar\/index.php\/wp-json\/wp\/v2\/comments?post=22204"}],"version-history":[{"count":0,"href":"https:\/\/chacosintesis.com.ar\/index.php\/wp-json\/wp\/v2\/posts\/22204\/revisions"}],"wp:featuredmedia":[{"embeddable":true,"href":"https:\/\/chacosintesis.com.ar\/index.php\/wp-json\/wp\/v2\/media\/22205"}],"wp:attachment":[{"href":"https:\/\/chacosintesis.com.ar\/index.php\/wp-json\/wp\/v2\/media?parent=22204"}],"wp:term":[{"taxonomy":"category","embeddable":true,"href":"https:\/\/chacosintesis.com.ar\/index.php\/wp-json\/wp\/v2\/categories?post=22204"},{"taxonomy":"post_tag","embeddable":true,"href":"https:\/\/chacosintesis.com.ar\/index.php\/wp-json\/wp\/v2\/tags?post=22204"}],"curies":[{"name":"wp","href":"https:\/\/api.w.org\/{rel}","templated":true}]}}