{"id":222013,"date":"2026-05-01T10:04:52","date_gmt":"2026-05-01T13:04:52","guid":{"rendered":"https:\/\/chacosintesis.com.ar\/index.php\/entro-en-vigencia-el-acuerdo-mercosur-union-europea-con-el-que-buscan-duplicar-las-exportaciones\/"},"modified":"2026-05-01T10:04:52","modified_gmt":"2026-05-01T13:04:52","slug":"entro-en-vigencia-el-acuerdo-mercosur-union-europea-con-el-que-buscan-duplicar-las-exportaciones","status":"publish","type":"post","link":"https:\/\/chacosintesis.com.ar\/index.php\/entro-en-vigencia-el-acuerdo-mercosur-union-europea-con-el-que-buscan-duplicar-las-exportaciones\/","title":{"rendered":"Entr\u00f3 en vigencia el acuerdo Mercosur-Uni\u00f3n Europea con el que buscan duplicar las exportaciones"},"content":{"rendered":"<p><\/p>\n<div>\n<aside class=\"scaip scaip-1    \">\n\t\t<\/aside>\n<p>El <strong><a href=\"https:\/\/www.cancilleria.gob.ar\/es\/politica-exterior\/acuerdos-preferenciales-y-de-libre-comercio\/ue-mercosur\" target=\"_blank\" rel=\"noreferrer noopener\">Tratado de Libre Comercio<\/a><\/strong> entre el <strong>Mercosur <\/strong>y la <strong>Uni\u00f3n Europea <\/strong>finalmente entra en vigencia este viernes, consolidando as\u00ed un mercado de 700 millones de personas, con estrategias que involucran una reducci\u00f3n arancelaria, pol\u00edticas conjuntas para el establecimiento de inversiones y cuotas preferenciales.  <\/p>\n<p>Seg\u00fan los especialistas, el Tratado de Libre Comercio tiene potencial para duplicar las exportaciones argentinas al viejo continente, que es hoy el principal socio comercial. La consultora Abeceb, por ejemplo, proyect\u00f3 un salto de casi 80% en las exportaciones de aqu\u00ed a 2030, desde los u$s 8.500 millones actuales a los u$s 15.100 millones. <\/p>\n<aside class=\"scaip scaip-2    \">\n\t\t<\/aside>\n<p>Sin embargo, el Tratado no est\u00e1 vigente en su totalidad, porque debido a que algunos pasos formales a\u00fan restan cumplirse, el convenio inici\u00f3 de <strong>manera provisoria <\/strong>con la implementaci\u00f3n de la parte <strong>comercial<\/strong>. Los temas\u00a0institucionales y de cooperaci\u00f3n quedan para una segunda etapa, cuando se completen los pasos que restan.<\/p>\n<p>Tras el amparo presentado por <strong>Espa\u00f1a <\/strong>y <strong>Francia <\/strong>especialmente por el tema agr\u00edcola, en Europa a\u00fan se discuten algunos aspectos legales del acuerdo y resta la aprobaci\u00f3n parlamentaria en cada uno de esos pa\u00edses. El bloque Mercosur ya cumpli\u00f3 con ese paso.<\/p>\n<aside class=\"scaip scaip-3    \">\n\t\t<\/aside>\n<p>De esta manera, comienza un gradual <strong>desmantelamiento arancelario<\/strong> para m\u00e1s del 90% del comercio bilateral. Esta reducci\u00f3n no es homog\u00e9nea, sino que cada sector tiene reg\u00edmenes diferentes que, en algunos casos, alcanzan hasta los 15 a\u00f1os, como en el caso de la industria automotriz.<\/p>\n<p>El convenio establece <strong>cuota arancelarias colectivas para el Mercosur<\/strong> entre los que se destacan: carnes bovinas, aviares y porcinas, arroz, ma\u00edz, sorgo, miel, quesos, leche en polvo, etanol y ovoproductos. Adem\u00e1s, el 80% de las <strong>exportaciones industriales<\/strong> comenzar\u00e1n a tener un arancel de entrada de cero por ciento.<\/p>\n<aside class=\"scaip scaip-4    \">\n\t\t<\/aside>\n<p>Los beneficios directos lo recibir\u00e1n productos como el aceite de soja para uso industrial, el aceite de girasol y \u00a0productos pesqueros. En <strong>carnes y granos <\/strong>no habr\u00e1 aranceles cero para todo el volumen que se exporte sino cuotas con arancel preferencial, a la vez que en carne vacuna habr\u00e1 una cuota 99.000 toneladas (con un arancel del 7.5%). Para Argentina, esto es vital ya que la Cuota Hilton (carne de alta calidad) pasa a tener arancel 0% inmediatamente.<\/p>\n<p>En <strong>carne aviar<\/strong> se estableci\u00f3 un cupo de 180.000 toneladas para el bloque, con eliminaci\u00f3n total de aranceles repartida en un plazo de 5 a\u00f1os, mientras que en arroz, el cupo con arancel cero es de 60.000 toneladas, a implementarse gradualmente en 5 a\u00f1os y en miel, el cupo con arancel cero es para 45.000 toneladas; entre otros sectores que ya empezar\u00e1n a gozar de estos beneficios.<\/p>\n<p><h3 class=\"jp-relatedposts-headline\"><em>M\u00c1S NOTICIAS:<\/em><\/h3>\n<\/p>\n<section id=\"block-24\" class=\"below-content widget widget_block\"\/>\t<\/div>\n","protected":false},"excerpt":{"rendered":"<p>El Tratado de Libre Comercio entre el Mercosur y la Uni\u00f3n Europea finalmente entra en vigencia este viernes, consolidando as\u00ed un mercado de 700 millones de personas, con estrategias que involucran una reducci\u00f3n arancelaria, pol\u00edticas conjuntas para el establecimiento de inversiones y cuotas preferenciales. Seg\u00fan los especialistas, el Tratado de Libre Comercio tiene potencial para [&hellip;]<\/p>\n","protected":false},"author":1,"featured_media":222023,"comment_status":"","ping_status":"","sticky":false,"template":"","format":"standard","meta":{"footnotes":""},"categories":[8],"tags":[],"class_list":{"0":"post-222013","1":"post","2":"type-post","3":"status-publish","4":"format-standard","5":"has-post-thumbnail","7":"category-nacionales"},"_links":{"self":[{"href":"https:\/\/chacosintesis.com.ar\/index.php\/wp-json\/wp\/v2\/posts\/222013","targetHints":{"allow":["GET"]}}],"collection":[{"href":"https:\/\/chacosintesis.com.ar\/index.php\/wp-json\/wp\/v2\/posts"}],"about":[{"href":"https:\/\/chacosintesis.com.ar\/index.php\/wp-json\/wp\/v2\/types\/post"}],"author":[{"embeddable":true,"href":"https:\/\/chacosintesis.com.ar\/index.php\/wp-json\/wp\/v2\/users\/1"}],"replies":[{"embeddable":true,"href":"https:\/\/chacosintesis.com.ar\/index.php\/wp-json\/wp\/v2\/comments?post=222013"}],"version-history":[{"count":0,"href":"https:\/\/chacosintesis.com.ar\/index.php\/wp-json\/wp\/v2\/posts\/222013\/revisions"}],"wp:featuredmedia":[{"embeddable":true,"href":"https:\/\/chacosintesis.com.ar\/index.php\/wp-json\/wp\/v2\/media\/222023"}],"wp:attachment":[{"href":"https:\/\/chacosintesis.com.ar\/index.php\/wp-json\/wp\/v2\/media?parent=222013"}],"wp:term":[{"taxonomy":"category","embeddable":true,"href":"https:\/\/chacosintesis.com.ar\/index.php\/wp-json\/wp\/v2\/categories?post=222013"},{"taxonomy":"post_tag","embeddable":true,"href":"https:\/\/chacosintesis.com.ar\/index.php\/wp-json\/wp\/v2\/tags?post=222013"}],"curies":[{"name":"wp","href":"https:\/\/api.w.org\/{rel}","templated":true}]}}