{"id":22198,"date":"2023-05-27T17:25:52","date_gmt":"2023-05-27T20:25:52","guid":{"rendered":"https:\/\/chacosintesis.com.ar\/?p=22198"},"modified":"2023-05-27T17:36:55","modified_gmt":"2023-05-27T20:36:55","slug":"juan-carlos-polini-encabezo-el-encuentro-del-centro-de-desarrollo-de-politicas-publicas","status":"publish","type":"post","link":"https:\/\/chacosintesis.com.ar\/index.php\/juan-carlos-polini-encabezo-el-encuentro-del-centro-de-desarrollo-de-politicas-publicas\/","title":{"rendered":"Juan Carlos Polini encabez\u00f3 el encuentro del Centro de Desarrollo de Pol\u00edticas P\u00fablicas"},"content":{"rendered":"<p>Este viernes se realiz\u00f3 un encuentro abierto en instalaciones de la FADyCC de la UNNE, donde representantes de distintas \u00e1reas e interesados en general se dieron cita para dialogar sobre actualidad y acciones concretas de crecimiento para la provincia del Chaco, ello en el marco de una convocatoria del Centro de Desarrollo de Pol\u00edticas P\u00fablicas -CDPP-.<\/p>\n<p>El encuentro cont\u00f3 con la presencia del precandidato a gobernador, Juan Carlos Polini, quien dijo sentirse muy satisfecho con la convocatoria e inst\u00f3 a seguir ampli\u00e1ndola.<\/p>\n<p> &#8220;M\u00e1s de un centenar de chaque\u00f1os en representaci\u00f3n de sindicatos, fundaciones, iglesias, organizaciones sociales y dem\u00e1s instituciones pudieron expresar sus ideas para un Chaco distinto. Este es el esp\u00edritu de nuestro centro: un espacio de di\u00e1logo y debate en donde el ciudadano sea escuchado y su propuesta tome forma de pol\u00edtica p\u00fablica aplicable en el corto, mediano y largo plazo&#8221;, expres\u00f3 el diputado nacional.<\/p>\n<p>Adem\u00e1s, agreg\u00f3: &#8220;Fundamentalmente buscamos volcar el conocimiento del territorio y hacerlo converger con los tecnicismos necesarios para que, a futuro, sean estas ideas las que solucionen los grandes problemas que tiene la sociedad. El Centro de Desarrollo de Pol\u00edticas P\u00fablicas encarna esta idea, es la gente trabajando por la gente misma&#8221;.<\/p>\n","protected":false},"excerpt":{"rendered":"<p>Este viernes se realiz\u00f3 un encuentro abierto en instalaciones de la FADyCC de la UNNE, donde representantes de distintas \u00e1reas e interesados en general se dieron cita para dialogar sobre actualidad y acciones concretas de crecimiento para la provincia del Chaco, ello en el marco de una convocatoria del Centro de Desarrollo de Pol\u00edticas P\u00fablicas [&hellip;]<\/p>\n","protected":false},"author":1,"featured_media":22199,"comment_status":"closed","ping_status":"closed","sticky":false,"template":"","format":"standard","meta":{"footnotes":""},"categories":[6],"tags":[],"class_list":{"0":"post-22198","1":"post","2":"type-post","3":"status-publish","4":"format-standard","5":"has-post-thumbnail","7":"category-chaco"},"_links":{"self":[{"href":"https:\/\/chacosintesis.com.ar\/index.php\/wp-json\/wp\/v2\/posts\/22198","targetHints":{"allow":["GET"]}}],"collection":[{"href":"https:\/\/chacosintesis.com.ar\/index.php\/wp-json\/wp\/v2\/posts"}],"about":[{"href":"https:\/\/chacosintesis.com.ar\/index.php\/wp-json\/wp\/v2\/types\/post"}],"author":[{"embeddable":true,"href":"https:\/\/chacosintesis.com.ar\/index.php\/wp-json\/wp\/v2\/users\/1"}],"replies":[{"embeddable":true,"href":"https:\/\/chacosintesis.com.ar\/index.php\/wp-json\/wp\/v2\/comments?post=22198"}],"version-history":[{"count":0,"href":"https:\/\/chacosintesis.com.ar\/index.php\/wp-json\/wp\/v2\/posts\/22198\/revisions"}],"wp:featuredmedia":[{"embeddable":true,"href":"https:\/\/chacosintesis.com.ar\/index.php\/wp-json\/wp\/v2\/media\/22199"}],"wp:attachment":[{"href":"https:\/\/chacosintesis.com.ar\/index.php\/wp-json\/wp\/v2\/media?parent=22198"}],"wp:term":[{"taxonomy":"category","embeddable":true,"href":"https:\/\/chacosintesis.com.ar\/index.php\/wp-json\/wp\/v2\/categories?post=22198"},{"taxonomy":"post_tag","embeddable":true,"href":"https:\/\/chacosintesis.com.ar\/index.php\/wp-json\/wp\/v2\/tags?post=22198"}],"curies":[{"name":"wp","href":"https:\/\/api.w.org\/{rel}","templated":true}]}}