{"id":221965,"date":"2026-05-01T08:01:16","date_gmt":"2026-05-01T11:01:16","guid":{"rendered":"https:\/\/chacosintesis.com.ar\/index.php\/ricardo-arjona-recordo-su-historia-con-buenos-aires-y-se-prepara-para-su-historica-serie-de-shows-en-el-movistar-arena_a69f407ec7825f88153bbece3\/"},"modified":"2026-05-01T08:01:16","modified_gmt":"2026-05-01T11:01:16","slug":"ricardo-arjona-recordo-su-historia-con-buenos-aires-y-se-prepara-para-su-historica-serie-de-shows-en-el-movistar-arena_a69f407ec7825f88153bbece3","status":"publish","type":"post","link":"https:\/\/chacosintesis.com.ar\/index.php\/ricardo-arjona-recordo-su-historia-con-buenos-aires-y-se-prepara-para-su-historica-serie-de-shows-en-el-movistar-arena_a69f407ec7825f88153bbece3\/","title":{"rendered":"Ricardo Arjona record\u00f3 su historia con Buenos Aires y se prepara para su hist\u00f3rica serie de shows en el Movistar Arena"},"content":{"rendered":"<p><img decoding=\"async\" src=\"data:image\/gif;base64,R0lGODlhAQABAIAAAAAAAP\/\/\/ywAAAAAAQABAAACAUwAOw==\" fifu-lazy=\"1\" fifu-data-sizes=\"auto\" fifu-data-srcset=\"https:\/\/i3.wp.com\/chacosintesis.com.ar\/wp-content\/uploads\/2026\/05\/Ricardo-Arjona-recordo-su-historia-con-Buenos-Aires-y-se.jpeg?ssl=1&w=75&resize=75&ssl=1 75w, https:\/\/i3.wp.com\/chacosintesis.com.ar\/wp-content\/uploads\/2026\/05\/Ricardo-Arjona-recordo-su-historia-con-Buenos-Aires-y-se.jpeg?ssl=1&w=100&resize=100&ssl=1 100w, https:\/\/i3.wp.com\/chacosintesis.com.ar\/wp-content\/uploads\/2026\/05\/Ricardo-Arjona-recordo-su-historia-con-Buenos-Aires-y-se.jpeg?ssl=1&w=150&resize=150&ssl=1 150w, https:\/\/i3.wp.com\/chacosintesis.com.ar\/wp-content\/uploads\/2026\/05\/Ricardo-Arjona-recordo-su-historia-con-Buenos-Aires-y-se.jpeg?ssl=1&w=240&resize=240&ssl=1 240w, https:\/\/i3.wp.com\/chacosintesis.com.ar\/wp-content\/uploads\/2026\/05\/Ricardo-Arjona-recordo-su-historia-con-Buenos-Aires-y-se.jpeg?ssl=1&w=320&resize=320&ssl=1 320w, https:\/\/i3.wp.com\/chacosintesis.com.ar\/wp-content\/uploads\/2026\/05\/Ricardo-Arjona-recordo-su-historia-con-Buenos-Aires-y-se.jpeg?ssl=1&w=500&resize=500&ssl=1 500w, https:\/\/i3.wp.com\/chacosintesis.com.ar\/wp-content\/uploads\/2026\/05\/Ricardo-Arjona-recordo-su-historia-con-Buenos-Aires-y-se.jpeg?ssl=1&w=640&resize=640&ssl=1 640w, https:\/\/i3.wp.com\/chacosintesis.com.ar\/wp-content\/uploads\/2026\/05\/Ricardo-Arjona-recordo-su-historia-con-Buenos-Aires-y-se.jpeg?ssl=1&w=800&resize=800&ssl=1 800w, https:\/\/i3.wp.com\/chacosintesis.com.ar\/wp-content\/uploads\/2026\/05\/Ricardo-Arjona-recordo-su-historia-con-Buenos-Aires-y-se.jpeg?ssl=1&w=1024&resize=1024&ssl=1 1024w, https:\/\/i3.wp.com\/chacosintesis.com.ar\/wp-content\/uploads\/2026\/05\/Ricardo-Arjona-recordo-su-historia-con-Buenos-Aires-y-se.jpeg?ssl=1&w=1280&resize=1280&ssl=1 1280w, https:\/\/i3.wp.com\/chacosintesis.com.ar\/wp-content\/uploads\/2026\/05\/Ricardo-Arjona-recordo-su-historia-con-Buenos-Aires-y-se.jpeg?ssl=1&w=1600&resize=1600&ssl=1 1600w\" fifu-data-src=\"https:\/\/i3.wp.com\/chacosintesis.com.ar\/wp-content\/uploads\/2026\/05\/Ricardo-Arjona-recordo-su-historia-con-Buenos-Aires-y-se.jpeg?ssl=1\" \/><\/p>\n<div itemprop=\"articleBody\">\n<p><strong>Buenos Aires, 30 abril (NA)<\/strong> \u2014 <strong>Ricardo Arjona volvi\u00f3 a emocionar a sus seguidores argentinos<\/strong> al publicar un video en TikTok titulado \u201cBuenos Aires, como en los viejos tiempos\u201d, donde repas\u00f3 con nostalgia sus primeros pasos en la capital argentina, una ciudad que marc\u00f3 profundamente su historia art\u00edstica y personal.<\/p>\n<p>En el mensaje, el m\u00fasico record\u00f3 lugares emblem\u00e1ticos como la calle Suipacha, el Hotel Conquistador, la Recoleta, la calle Florida y los bares donde escribi\u00f3 parte de sus canciones, mientras evoc\u00f3 antiguos amores, noches interminables y momentos que defini\u00f3 como \u201cun viaje a la luna\u201d.<\/p>\n<figure data-url=\"https:\/\/www.tiktok.com\/@ricardoarjona\/video\/7634617632183848206?_r=1&amp;_t=ZS-95z6au56gcL\" class=\"multimedia\" data-html=\"\" data-tadevel-template=\"web\/multimedia\" data-type=\"rich\"><figcaption class=\"caption\">\n<p>Buenos Aires, como en los viejos tiempos.<\/p>\n<\/figcaption><\/figure>\n<p><tadevel-ad  class=\"block-4d\" slot-id=\"article-inline-01\"\/><\/p>\n<p style=\"--ipspy: __IP__;color: __IP__;text-decoration: __IP__;\" alt=\"__IP__\" data-ipspy=\"__IP__\" title=\"__IP__\">El emotivo posteo llega en la previa de su esperado regreso al pa\u00eds con la gira internacional <strong>\u201cLo que el SECO no dijo\u201d<\/strong>, que lo llevar\u00e1 al Movistar Arena de Buenos Aires los d\u00edas 1, 2, 3, 7, 8, 10, 11, 12, 17, 18, 19, 23, 24 y 25 de mayo. <strong>Seg\u00fan supo la Agencia Noticias Argentinas, Arjona agot\u00f3 las entradas de las 14 funciones<\/strong> y se convirti\u00f3 en el primer artista solista internacional en alcanzar ese r\u00e9cord en el recinto.<span style=\"opacity: 0;\" data-nosnippet=\"\">__IP__<\/span><\/p>\n<p>Antes de desembarcar en Latinoam\u00e9rica, el cantante celebr\u00f3 su exitoso paso por Estados Unidos, donde realiz\u00f3 36 conciertos. <strong>\u201cLa br\u00fajula apuntando al sur\u201d<\/strong>, escribi\u00f3 en redes sociales, reflejando su entusiasmo por volver a una regi\u00f3n clave en su carrera y especialmente a Buenos Aires, una ciudad que, seg\u00fan sus propias palabras, <strong>sigue siendo parte esencial de sus recuerdos m\u00e1s profundos<\/strong>.<\/p>\n<p><tadevel-ad  class=\"block-4d\" slot-id=\"article-inline-02\"\/><\/p>\n<p><a href=\"\/-agenciana_t6916e70a4551e78eb9423f59\">#AgenciaNA<\/a>\u00a0<\/p>\n<\/div>\n<p><script async src=\"\/\/www.tiktok.com\/embed.js\"><\/script><br \/>\n<img decoding=\"async\" src=\"data:image\/gif;base64,R0lGODlhAQABAIAAAAAAAP\/\/\/ywAAAAAAQABAAACAUwAOw==\" fifu-lazy=\"1\" fifu-data-sizes=\"auto\" fifu-data-srcset=\"https:\/\/i1.wp.com\/chacosintesis.com.ar\/wp-content\/uploads\/2026\/05\/1777633276_811_Ricardo-Arjona-recordo-su-historia-con-Buenos-Aires-y-se.jpeg?ssl=1&w=75&resize=75&ssl=1 75w, https:\/\/i1.wp.com\/chacosintesis.com.ar\/wp-content\/uploads\/2026\/05\/1777633276_811_Ricardo-Arjona-recordo-su-historia-con-Buenos-Aires-y-se.jpeg?ssl=1&w=100&resize=100&ssl=1 100w, https:\/\/i1.wp.com\/chacosintesis.com.ar\/wp-content\/uploads\/2026\/05\/1777633276_811_Ricardo-Arjona-recordo-su-historia-con-Buenos-Aires-y-se.jpeg?ssl=1&w=150&resize=150&ssl=1 150w, https:\/\/i1.wp.com\/chacosintesis.com.ar\/wp-content\/uploads\/2026\/05\/1777633276_811_Ricardo-Arjona-recordo-su-historia-con-Buenos-Aires-y-se.jpeg?ssl=1&w=240&resize=240&ssl=1 240w, https:\/\/i1.wp.com\/chacosintesis.com.ar\/wp-content\/uploads\/2026\/05\/1777633276_811_Ricardo-Arjona-recordo-su-historia-con-Buenos-Aires-y-se.jpeg?ssl=1&w=320&resize=320&ssl=1 320w, https:\/\/i1.wp.com\/chacosintesis.com.ar\/wp-content\/uploads\/2026\/05\/1777633276_811_Ricardo-Arjona-recordo-su-historia-con-Buenos-Aires-y-se.jpeg?ssl=1&w=500&resize=500&ssl=1 500w, https:\/\/i1.wp.com\/chacosintesis.com.ar\/wp-content\/uploads\/2026\/05\/1777633276_811_Ricardo-Arjona-recordo-su-historia-con-Buenos-Aires-y-se.jpeg?ssl=1&w=640&resize=640&ssl=1 640w, https:\/\/i1.wp.com\/chacosintesis.com.ar\/wp-content\/uploads\/2026\/05\/1777633276_811_Ricardo-Arjona-recordo-su-historia-con-Buenos-Aires-y-se.jpeg?ssl=1&w=800&resize=800&ssl=1 800w, https:\/\/i1.wp.com\/chacosintesis.com.ar\/wp-content\/uploads\/2026\/05\/1777633276_811_Ricardo-Arjona-recordo-su-historia-con-Buenos-Aires-y-se.jpeg?ssl=1&w=1024&resize=1024&ssl=1 1024w, https:\/\/i1.wp.com\/chacosintesis.com.ar\/wp-content\/uploads\/2026\/05\/1777633276_811_Ricardo-Arjona-recordo-su-historia-con-Buenos-Aires-y-se.jpeg?ssl=1&w=1280&resize=1280&ssl=1 1280w, https:\/\/i1.wp.com\/chacosintesis.com.ar\/wp-content\/uploads\/2026\/05\/1777633276_811_Ricardo-Arjona-recordo-su-historia-con-Buenos-Aires-y-se.jpeg?ssl=1&w=1600&resize=1600&ssl=1 1600w\" fifu-data-src=\"https:\/\/i1.wp.com\/chacosintesis.com.ar\/wp-content\/uploads\/2026\/05\/1777633276_811_Ricardo-Arjona-recordo-su-historia-con-Buenos-Aires-y-se.jpeg?ssl=1\"><\/p>\n<p>Noticias Argentinas<\/p>\n","protected":false},"excerpt":{"rendered":"<p>Buenos Aires, 30 abril (NA) \u2014 Ricardo Arjona volvi\u00f3 a emocionar a sus seguidores argentinos al publicar un video en TikTok titulado \u201cBuenos Aires, como en los viejos tiempos\u201d, donde repas\u00f3 con nostalgia sus primeros pasos en la capital argentina, una ciudad que marc\u00f3 profundamente su historia art\u00edstica y personal. En el mensaje, el m\u00fasico [&hellip;]<\/p>\n","protected":false},"author":1,"featured_media":221976,"comment_status":"closed","ping_status":"","sticky":false,"template":"","format":"standard","meta":{"footnotes":""},"categories":[188],"tags":[],"class_list":{"0":"post-221965","1":"post","2":"type-post","3":"status-publish","4":"format-standard","5":"has-post-thumbnail","7":"category-farandula"},"_links":{"self":[{"href":"https:\/\/chacosintesis.com.ar\/index.php\/wp-json\/wp\/v2\/posts\/221965","targetHints":{"allow":["GET"]}}],"collection":[{"href":"https:\/\/chacosintesis.com.ar\/index.php\/wp-json\/wp\/v2\/posts"}],"about":[{"href":"https:\/\/chacosintesis.com.ar\/index.php\/wp-json\/wp\/v2\/types\/post"}],"author":[{"embeddable":true,"href":"https:\/\/chacosintesis.com.ar\/index.php\/wp-json\/wp\/v2\/users\/1"}],"replies":[{"embeddable":true,"href":"https:\/\/chacosintesis.com.ar\/index.php\/wp-json\/wp\/v2\/comments?post=221965"}],"version-history":[{"count":0,"href":"https:\/\/chacosintesis.com.ar\/index.php\/wp-json\/wp\/v2\/posts\/221965\/revisions"}],"wp:featuredmedia":[{"embeddable":true,"href":"https:\/\/chacosintesis.com.ar\/index.php\/wp-json\/wp\/v2\/media\/221976"}],"wp:attachment":[{"href":"https:\/\/chacosintesis.com.ar\/index.php\/wp-json\/wp\/v2\/media?parent=221965"}],"wp:term":[{"taxonomy":"category","embeddable":true,"href":"https:\/\/chacosintesis.com.ar\/index.php\/wp-json\/wp\/v2\/categories?post=221965"},{"taxonomy":"post_tag","embeddable":true,"href":"https:\/\/chacosintesis.com.ar\/index.php\/wp-json\/wp\/v2\/tags?post=221965"}],"curies":[{"name":"wp","href":"https:\/\/api.w.org\/{rel}","templated":true}]}}