{"id":22196,"date":"2023-05-27T13:58:15","date_gmt":"2023-05-27T16:58:15","guid":{"rendered":"https:\/\/chacosintesis.com.ar\/?p=22196"},"modified":"2023-05-27T14:07:08","modified_gmt":"2023-05-27T17:07:08","slug":"moser-con-empresarios-y-comerciantes-pensamos-herramientas-para-generar-mas-empleo","status":"publish","type":"post","link":"https:\/\/chacosintesis.com.ar\/index.php\/moser-con-empresarios-y-comerciantes-pensamos-herramientas-para-generar-mas-empleo\/","title":{"rendered":"Moser con empresarios y comerciantes: &#8220;Pensamos herramientas para generar mas empleo&#8221;"},"content":{"rendered":"<p>El subsecretario y precandidato a diputado provincial, Lucho Moser, junto al precandidato a intendente de Resistencia, Diego Ar\u00e9valo y el Subsecretario de Empleo, Lucas Cepeda, participaron de un encuentro con empresarios y comerciantes de la ciudad. Durante la reuni\u00f3n, se trataron diferentes problem\u00e1ticas e intercambiaron ideas para mejorar la situaci\u00f3n del sector.<br \/>\n\u201cCuando decimos que pretendemos una legislatura m\u00e1s presente y cercana, nos referimos a fomentar estos espacios, en donde el sector p\u00fablico act\u00faa como socio estrat\u00e9gico del sector privado, potenciando sus capacidades y herramientas a la hora de crecer y de generar m\u00e1s y mejor empleo\u201d, manifest\u00f3 Moser.<br \/>\nDel encuentro, que se llev\u00f3 a cabo en la Usina Urbana, participaron empresarios y emprendedores del sector comercial, industrial y de servicio, que han sido beneficiados con el programa M\u00e1s Empleo en Chaco.<br \/>\nEn ese contexto, agreg\u00f3: \u201cAsumimos el compromiso de transformar en Ley el programa M\u00e1s Empleo en Chaco, de manera que podamos dotar de certidumbre y permanencia a una pol\u00edtica de empleo activa que ha beneficiado a m\u00e1s de dos mil trabajadores y m\u00e1s de 500 empresas desde su creaci\u00f3n y que se convirti\u00f3 en una herramienta indispensable para las Pymes chaque\u00f1as\u201d.<br \/>\nPor su parte los empresarios se\u00f1alaron que, el mayor obst\u00e1culo para su crecimiento se encuentra en \u201clos interminables tr\u00e1mites que se solicitan desde el Municipio de Resistencia, frenando todo intento del sector por cumplir con las exigencias legales para su correcto funcionamiento\u201d.<br \/>\nEn ese sentido Ar\u00e9valo manifest\u00f3 que \u201cnuestro desaf\u00edo m\u00e1s grande consiste en hacerle la vida m\u00e1s f\u00e1cil a todos los vecinos y vecinas. En el sector empresarial tenemos un desaf\u00edo importante y vamos a generar las herramientas que sean necesarias para seguir acompa\u00f1ando el crecimiento con tr\u00e1mites \u00e1giles, transparentes y eficaces\u201d.<br \/>\nPROGRAMA M\u00c1S EMPLEO CHACO<br \/>\nEl programa fue creado y reglamentado por la Subsecretaria de Empleo de la Provincia y tiene como objeto promover e incentivar la creaci\u00f3n de nuevos puestos de trabajo en el sector privado para personas en situaci\u00f3n de desempleo, contemplado a todas las personas de 18 a 64 a\u00f1os de edad con un monto que asciende hasta los $50.000 y se extiende por hasta 24 meses consecutivos.<br \/>\nM\u00e1s Empleo es parte de una pol\u00edtica p\u00fablica integral del Gobierno del Chaco, que invierte con aportes no reintegrables a cada PyMe chaque\u00f1a con una determinada suma de dinero, por cada persona contratada.<br \/>\nDe esta manera, las empresas se aseguran la cobertura de estos aportes y ahorran un porcentaje del salario (hasta 50 mil pesos) seg\u00fan el tama\u00f1o del emprendimiento y reciben incentivos mayores cuando contratan a mujeres y diversidades.<\/p>\n","protected":false},"excerpt":{"rendered":"<p>El subsecretario y precandidato a diputado provincial, Lucho Moser, junto al precandidato a intendente de Resistencia, Diego Ar\u00e9valo y el Subsecretario de Empleo, Lucas Cepeda, participaron de un encuentro con empresarios y comerciantes de la ciudad. Durante la reuni\u00f3n, se trataron diferentes problem\u00e1ticas e intercambiaron ideas para mejorar la situaci\u00f3n del sector. \u201cCuando decimos que [&hellip;]<\/p>\n","protected":false},"author":1,"featured_media":22197,"comment_status":"closed","ping_status":"closed","sticky":false,"template":"","format":"standard","meta":{"footnotes":""},"categories":[6],"tags":[],"class_list":{"0":"post-22196","1":"post","2":"type-post","3":"status-publish","4":"format-standard","5":"has-post-thumbnail","7":"category-chaco"},"_links":{"self":[{"href":"https:\/\/chacosintesis.com.ar\/index.php\/wp-json\/wp\/v2\/posts\/22196","targetHints":{"allow":["GET"]}}],"collection":[{"href":"https:\/\/chacosintesis.com.ar\/index.php\/wp-json\/wp\/v2\/posts"}],"about":[{"href":"https:\/\/chacosintesis.com.ar\/index.php\/wp-json\/wp\/v2\/types\/post"}],"author":[{"embeddable":true,"href":"https:\/\/chacosintesis.com.ar\/index.php\/wp-json\/wp\/v2\/users\/1"}],"replies":[{"embeddable":true,"href":"https:\/\/chacosintesis.com.ar\/index.php\/wp-json\/wp\/v2\/comments?post=22196"}],"version-history":[{"count":0,"href":"https:\/\/chacosintesis.com.ar\/index.php\/wp-json\/wp\/v2\/posts\/22196\/revisions"}],"wp:featuredmedia":[{"embeddable":true,"href":"https:\/\/chacosintesis.com.ar\/index.php\/wp-json\/wp\/v2\/media\/22197"}],"wp:attachment":[{"href":"https:\/\/chacosintesis.com.ar\/index.php\/wp-json\/wp\/v2\/media?parent=22196"}],"wp:term":[{"taxonomy":"category","embeddable":true,"href":"https:\/\/chacosintesis.com.ar\/index.php\/wp-json\/wp\/v2\/categories?post=22196"},{"taxonomy":"post_tag","embeddable":true,"href":"https:\/\/chacosintesis.com.ar\/index.php\/wp-json\/wp\/v2\/tags?post=22196"}],"curies":[{"name":"wp","href":"https:\/\/api.w.org\/{rel}","templated":true}]}}