{"id":22193,"date":"2023-05-27T13:39:38","date_gmt":"2023-05-27T16:39:38","guid":{"rendered":"https:\/\/chacosintesis.com.ar\/?p=22193"},"modified":"2023-05-27T13:39:39","modified_gmt":"2023-05-27T16:39:39","slug":"cuesta-aunque-algunos-critiquen-los-festivales-populares-generan-union-cultura-y-trabajo","status":"publish","type":"post","link":"https:\/\/chacosintesis.com.ar\/index.php\/cuesta-aunque-algunos-critiquen-los-festivales-populares-generan-union-cultura-y-trabajo\/","title":{"rendered":"Cuesta: &#8220;Aunque algunos critiquen, los festivales populares generan uni\u00f3n, cultura y trabajo&#8221;"},"content":{"rendered":"\n<p>La candidata a intendenta de Resistencia por la lista 665 del Frente CER (Corriente de Expresi\u00f3n Renovada), Elida Cuesta, acompa\u00f1\u00f3 la jornada del Festival Patrio que se realiz\u00f3 en el Parque de la Democracia de la capital chaque\u00f1a. Cuesta dialog\u00f3 con las y los vecinos, artistas y emprendedores, quienes le pidieron continuar con esta pol\u00edtica de Estado.<\/p>\n\n\n\n<p>&#8220;Aunque algunos critiquen, los festivales populares generan la uni\u00f3n de las familias, potencian a nuestras y nuestros artistas locales y les dan a las y los vecinos la posibilidad de trabajar&#8221;, manifest\u00f3 la candidata.<\/p>\n\n\n\n<p>Asimismo, se refiri\u00f3 a la importancia de recuperar los espacios p\u00fablicos para el disfrute de las y los resistencianos. &#8220;Aunque con dificultades, la decisi\u00f3n pol\u00edtica de recuperar los espacios p\u00fablicos es muy importante porque permite a la gente disfrutar de su ciudad y ver que los impuestos vuelven en mejores lugares para todas y todos&#8221;, asegur\u00f3.<\/p>\n\n\n\n<p>Por otra parte, destac\u00f3 el esfuerzo conjunto entre los sectores p\u00fablico y privado para reactivar la econom\u00eda en la ciudad. &#8220;Se est\u00e1 generando un c\u00edrculo virtuoso con el sector privado y el Municipio para trabajan en conjunto y desarrollar estos festivales que dan trabajo a mucha gente como las y los artistas, empresarios, emprendedores, vendedores ambulantes y hasta el sector hotelero, por lo que si el pueblo de Resistencia nos da la posibilidad de llegar al gobierno municipal lo vamos a mantener y potenciar&#8221;, remarc\u00f3 la candidata del CER.<\/p>\n\n\n\n<p>Adem\u00e1s, Cuesta reforz\u00f3 su compromiso de estar cerca de la gente. &#8220;No somos pol\u00edticos de oficina que salimos solamente a pedir el voto, somos gente comprometida con nuestro pueblo, lo cual nos permite entender este tipo de cosas. Lo que vimos es que, m\u00e1s all\u00e1 de obras grandilocuentes, nuestro pueblo necesita encontrarse, trabajar y mostrar todo su potencial emprendedor y cultural, que lo tiene y es muy importante&#8221;, concluy\u00f3.<\/p>\n","protected":false},"excerpt":{"rendered":"<p>La candidata a intendenta de Resistencia por la lista 665 del Frente CER (Corriente de Expresi\u00f3n Renovada), Elida Cuesta, acompa\u00f1\u00f3 la jornada del Festival Patrio que se realiz\u00f3 en el Parque de la Democracia de la capital chaque\u00f1a. Cuesta dialog\u00f3 con las y los vecinos, artistas y emprendedores, quienes le pidieron continuar con esta pol\u00edtica [&hellip;]<\/p>\n","protected":false},"author":1,"featured_media":22194,"comment_status":"closed","ping_status":"closed","sticky":false,"template":"","format":"standard","meta":{"footnotes":""},"categories":[6],"tags":[202],"class_list":{"0":"post-22193","1":"post","2":"type-post","3":"status-publish","4":"format-standard","5":"has-post-thumbnail","7":"category-chaco","8":"tag-legislatura"},"_links":{"self":[{"href":"https:\/\/chacosintesis.com.ar\/index.php\/wp-json\/wp\/v2\/posts\/22193","targetHints":{"allow":["GET"]}}],"collection":[{"href":"https:\/\/chacosintesis.com.ar\/index.php\/wp-json\/wp\/v2\/posts"}],"about":[{"href":"https:\/\/chacosintesis.com.ar\/index.php\/wp-json\/wp\/v2\/types\/post"}],"author":[{"embeddable":true,"href":"https:\/\/chacosintesis.com.ar\/index.php\/wp-json\/wp\/v2\/users\/1"}],"replies":[{"embeddable":true,"href":"https:\/\/chacosintesis.com.ar\/index.php\/wp-json\/wp\/v2\/comments?post=22193"}],"version-history":[{"count":0,"href":"https:\/\/chacosintesis.com.ar\/index.php\/wp-json\/wp\/v2\/posts\/22193\/revisions"}],"wp:featuredmedia":[{"embeddable":true,"href":"https:\/\/chacosintesis.com.ar\/index.php\/wp-json\/wp\/v2\/media\/22194"}],"wp:attachment":[{"href":"https:\/\/chacosintesis.com.ar\/index.php\/wp-json\/wp\/v2\/media?parent=22193"}],"wp:term":[{"taxonomy":"category","embeddable":true,"href":"https:\/\/chacosintesis.com.ar\/index.php\/wp-json\/wp\/v2\/categories?post=22193"},{"taxonomy":"post_tag","embeddable":true,"href":"https:\/\/chacosintesis.com.ar\/index.php\/wp-json\/wp\/v2\/tags?post=22193"}],"curies":[{"name":"wp","href":"https:\/\/api.w.org\/{rel}","templated":true}]}}