{"id":221927,"date":"2026-04-30T20:09:09","date_gmt":"2026-04-30T23:09:09","guid":{"rendered":"https:\/\/chacosintesis.com.ar\/index.php\/vuelve-a-subir-la-nafta-en-mendoza-mientras-el-petroleo-alcanza-su-valor-mas-alto\/"},"modified":"2026-04-30T20:09:09","modified_gmt":"2026-04-30T23:09:09","slug":"vuelve-a-subir-la-nafta-en-mendoza-mientras-el-petroleo-alcanza-su-valor-mas-alto","status":"publish","type":"post","link":"https:\/\/chacosintesis.com.ar\/index.php\/vuelve-a-subir-la-nafta-en-mendoza-mientras-el-petroleo-alcanza-su-valor-mas-alto\/","title":{"rendered":"Vuelve a subir la nafta en Mendoza, mientras el petr\u00f3leo alcanza su valor m\u00e1s alto"},"content":{"rendered":"<p><\/p>\n<div>\n<aside class=\"scaip scaip-1    \">\n\t\t<\/aside>\n<p>El <strong>precio de los combustibles volver\u00e1 a incrementarse este viernes en Mendoza<\/strong>, en un contexto marcado por la escalada internacional del <strong>petr\u00f3leo<\/strong>. La suba se produjo apenas d\u00edas despu\u00e9s del \u00faltimo ajuste aplicado por <strong>YPF<\/strong>, que el <strong>martes hab\u00eda elevado en unos $3 <\/strong>el valor de la nafta s\u00faper.<\/p>\n<p>El incremento dispuesto por el Gobierno estuvo determino a una actualizaci\u00f3n parcial de los <strong>impuestos a los combustibles para mayo de 0,5% <\/strong>que impactar\u00e1 en los surtidores y difiri\u00f3 para junio el resto del ajuste pendiente, mediante el Decreto 302\/2026 publicado este jueves en el Bolet\u00edn Oficial.<\/p>\n<aside class=\"scaip scaip-2    \">\n\t\t<\/aside>\n<div class=\"wp-block-newspack-blocks-homepage-articles recomendada wpnbha show-image image-alignleft ts-2 is-1 is-landscape recomendada\" style=\"\">\n<div data-posts=\"\" data-current-post-id=\"2205023\">\n<article data-post-id=\"2213300\" class=\"tag-cultura tag-estrella-eventos-y-espectaculos-s-a tag-home-destacada-inferior-03 tag-presupuesto tag-vendimia category-mendoza type-post post-has-image\">\n<figure class=\"post-thumbnail\">\n\t\t\t\t\t\t\t\t<a href=\"https:\/\/www.elsol.com.ar\/mendoza\/vendimia-2026-el-gobierno-hizo-un-cambio-por-decreto-y-el-costo-final-sigue-sin-conocerse\/\" rel=\"bookmark\" tabindex=\"-1\" aria-hidden=\"true\"><br \/>\n\t\t\t\t\t\t\t\t\t\t\t\t<img loading=\"lazy\" loading=\"lazy\" decoding=\"async\" width=\"1200\" height=\"900\" src=\"https:\/\/i0.wp.com\/www.elsol.com.ar\/wp-content\/uploads\/2026\/03\/VENDIMIA-2026-11.jpeg?resize=1200%2C900&amp;quality=89&amp;ssl=1\" class=\"attachment-newspack-article-block-landscape-large size-newspack-article-block-landscape-large wp-post-image\" alt=\"Vendimia 2026: el Gobierno hizo un cambio por decreto y el costo final sigue sin conocerse\" data-hero-candidate=\"1\" srcset=\"https:\/\/i0.wp.com\/www.elsol.com.ar\/wp-content\/uploads\/2026\/03\/VENDIMIA-2026-11.jpeg?resize=1200%2C900&amp;quality=89&amp;ssl=1 1200w, https:\/\/i0.wp.com\/www.elsol.com.ar\/wp-content\/uploads\/2026\/03\/VENDIMIA-2026-11.jpeg?resize=800%2C600&amp;quality=89&amp;ssl=1 800w, https:\/\/i0.wp.com\/www.elsol.com.ar\/wp-content\/uploads\/2026\/03\/VENDIMIA-2026-11.jpeg?resize=600%2C450&amp;quality=89&amp;ssl=1 600w, https:\/\/i0.wp.com\/www.elsol.com.ar\/wp-content\/uploads\/2026\/03\/VENDIMIA-2026-11.jpeg?resize=400%2C300&amp;quality=89&amp;ssl=1 400w, https:\/\/i0.wp.com\/www.elsol.com.ar\/wp-content\/uploads\/2026\/03\/VENDIMIA-2026-11.jpeg?resize=200%2C150&amp;quality=89&amp;ssl=1 200w, https:\/\/i0.wp.com\/www.elsol.com.ar\/wp-content\/uploads\/2026\/03\/VENDIMIA-2026-11.jpeg?resize=1200%2C900&amp;quality=89&amp;ssl=1&amp;w=370 370w\" sizes=\"auto, (min-width: 782px) 600px, (min-width: 600px) 42.5vw, 90vw\"\/>\t\t\t\t\t\t\t\t\t\t\t\t<\/a><\/p>\n<\/figure>\n<p><!-- .featured-image --><\/p>\n<div class=\"entry-wrapper\">\n<p>La organizaci\u00f3n de la Fiesta Nacional de la Vendimia 2026 sum\u00f3 un nuevo cap\u00edtulo y a\u00fan persiste el interrogante sobre el costo total que tuvo el evento, dato que Cultura a\u00fan no confirm\u00f3. El Gobierno provincial avanz\u00f3 con una modificaci\u00f3n de\u2026<\/p>\n<\/p><\/div>\n<p><!-- .entry-wrapper --><br \/>\n\t<\/article>\n<\/p><\/div>\n<\/p><\/div>\n<h2 class=\"wp-block-heading\" id=\"h-el-crudo-internacional-sigue-en-alza\">El crudo internacional sigue en alza<\/h2>\n<p>El trasfondo de esta nueva suba est\u00e1 en el fuerte aumento del crudo a nivel global. Este jueves, el barril de Brent super\u00f3 los US$125, alcanzando su valor m\u00e1s alto desde el inicio del conflicto en Medio Oriente.<\/p>\n<aside class=\"scaip scaip-3    \">\n\t\t<\/aside>\n<p>La cotizaci\u00f3n lleg\u00f3 a ubicarse cerca de los US$126 en los mercados asi\u00e1ticos, con una suba cercana al 6,8% en pocas horas. En paralelo, el West Texas Intermediate (WTI) tambi\u00e9n avanz\u00f3 por encima de los US$110, consolidando una tendencia alcista sostenida en los \u00faltimos d\u00edas.<\/p>\n<p>El incremento est\u00e1 impulsado por la tensi\u00f3n geopol\u00edtica y el temor a un bloqueo prolongado en el Estrecho de Ormuz, por donde circula una parte significativa del petr\u00f3leo mundial.<\/p>\n<aside class=\"scaip scaip-4    \">\n\t\t<\/aside>\n<p>El detonante de este nuevo salto en los precios fue la advertencia de Estados Unidos sobre un <strong>posible bloqueo extendido en la regi\u00f3n<\/strong>. Desde la Casa Blanca, el presidente Donald Trump dej\u00f3 entrever que las restricciones sobre los puertos iran\u00edes podr\u00edan mantenerse durante varios meses, en el marco de la presi\u00f3n para que Teher\u00e1n avance en un acuerdo sobre su programa nuclear.<\/p>\n<p><em>\u201cEl bloqueo es m\u00e1s efectivo que los bombardeos. Se est\u00e1n asfixiando\u201d<\/em>, afirm\u00f3 el mandatario en declaraciones al medio Axios, elevando a\u00fan m\u00e1s la tensi\u00f3n internacional. Adem\u00e1s, remarc\u00f3 que la estrategia no se modificar\u00e1 hasta alcanzar un entendimiento con Ir\u00e1n.<\/p>\n<p>Este escenario genera incertidumbre en los mercados, especialmente porque el Estrecho de Ormuz es un punto neur\u00e1lgico del comercio energ\u00e9tico global: por all\u00ed circula aproximadamente una quinta parte del petr\u00f3leo mundial. Su interrupci\u00f3n prolongada pone en jaque el abastecimiento y presiona al alza los precios.<\/p>\n<h2 class=\"wp-block-heading\" id=\"h-impacto-en-los-mercados\">Impacto en los mercados <\/h2>\n<p>El efecto no se limit\u00f3 al crudo. Las principales bolsas asi\u00e1ticas registraron ca\u00eddas, con retrocesos en <strong>Tokio y Hong Kong<\/strong>, reflejando la preocupaci\u00f3n de los inversores ante un conflicto que no muestra se\u00f1ales de desescalada.<\/p>\n<p>Este nuevo pico en los precios record\u00f3 el impacto que tuvo en 2022 la invasi\u00f3n de Rusia a Ucrania, que dispar\u00f3 los valores de la energ\u00eda a nivel global. Sin embargo, el contexto actual suma un factor clave: la incertidumbre sobre la duraci\u00f3n del conflicto en Medio Oriente y sus consecuencias sobre una de las rutas m\u00e1s sensibles del comercio mundial.<\/p>\n<p><h3 class=\"jp-relatedposts-headline\"><em>M\u00c1S NOTICIAS:<\/em><\/h3>\n<\/p>\n<section id=\"block-24\" class=\"below-content widget widget_block\"\/>\t<\/div>\n<p><strong>Recientemente, se conoci\u00f3 una informaci\u00f3n que sorprende.<\/strong><\/p>\n<p>{content}<\/p>\n<p><strong>\ud83d\udc49 Seguinos en Chaco S\u00edntesis para m\u00e1s noticias al instante.<\/strong><\/p>\n","protected":false},"excerpt":{"rendered":"<p>El precio de los combustibles volver\u00e1 a incrementarse este viernes en Mendoza, en un contexto marcado por la escalada internacional del petr\u00f3leo. La suba se produjo apenas d\u00edas despu\u00e9s del \u00faltimo ajuste aplicado por YPF, que el martes hab\u00eda elevado en unos $3 el valor de la nafta s\u00faper. El incremento dispuesto por el Gobierno [&hellip;]<\/p>\n","protected":false},"author":1,"featured_media":221938,"comment_status":"","ping_status":"","sticky":false,"template":"","format":"standard","meta":{"footnotes":""},"categories":[1],"tags":[],"class_list":{"0":"post-221927","1":"post","2":"type-post","3":"status-publish","4":"format-standard","5":"has-post-thumbnail","7":"category-mundo"},"_links":{"self":[{"href":"https:\/\/chacosintesis.com.ar\/index.php\/wp-json\/wp\/v2\/posts\/221927","targetHints":{"allow":["GET"]}}],"collection":[{"href":"https:\/\/chacosintesis.com.ar\/index.php\/wp-json\/wp\/v2\/posts"}],"about":[{"href":"https:\/\/chacosintesis.com.ar\/index.php\/wp-json\/wp\/v2\/types\/post"}],"author":[{"embeddable":true,"href":"https:\/\/chacosintesis.com.ar\/index.php\/wp-json\/wp\/v2\/users\/1"}],"replies":[{"embeddable":true,"href":"https:\/\/chacosintesis.com.ar\/index.php\/wp-json\/wp\/v2\/comments?post=221927"}],"version-history":[{"count":0,"href":"https:\/\/chacosintesis.com.ar\/index.php\/wp-json\/wp\/v2\/posts\/221927\/revisions"}],"wp:featuredmedia":[{"embeddable":true,"href":"https:\/\/chacosintesis.com.ar\/index.php\/wp-json\/wp\/v2\/media\/221938"}],"wp:attachment":[{"href":"https:\/\/chacosintesis.com.ar\/index.php\/wp-json\/wp\/v2\/media?parent=221927"}],"wp:term":[{"taxonomy":"category","embeddable":true,"href":"https:\/\/chacosintesis.com.ar\/index.php\/wp-json\/wp\/v2\/categories?post=221927"},{"taxonomy":"post_tag","embeddable":true,"href":"https:\/\/chacosintesis.com.ar\/index.php\/wp-json\/wp\/v2\/tags?post=221927"}],"curies":[{"name":"wp","href":"https:\/\/api.w.org\/{rel}","templated":true}]}}