{"id":22191,"date":"2023-05-27T10:45:38","date_gmt":"2023-05-27T13:45:38","guid":{"rendered":"https:\/\/chacosintesis.com.ar\/?p=22191"},"modified":"2023-05-27T11:06:39","modified_gmt":"2023-05-27T14:06:39","slug":"intentaban-contrabandear-neumaticos-ilegales-ocultos-en-una-carga-de-arena","status":"publish","type":"post","link":"https:\/\/chacosintesis.com.ar\/index.php\/intentaban-contrabandear-neumaticos-ilegales-ocultos-en-una-carga-de-arena\/","title":{"rendered":"Intentaban contrabandear neum\u00e1ticos ilegales ocultos en una carga de arena"},"content":{"rendered":"<p>Los gendarmes descubrieron el hecho al realizar la inspecci\u00f3n de rutina de un cami\u00f3n en un control vial.<\/p>\n<p>Ayer, efectivos de la Secci\u00f3n Seguridad Vial \u201cLapachito\u201d dependientes del Escuadr\u00f3n 14 \u201cLas Palmas\u201d llevaban a cabo un control de prevenci\u00f3n vial emplazados en la intersecci\u00f3n de la Ruta Nacional N\u00b011 con la Ruta Provincial N\u00b056, en el Departamento de Bermejo, cuando detuvieron la marcha de un transporte de cargas generales que circulaba con itinerario la ciudad de Formosa \u2013 Villa Berthet (Chaco).<br \/>\n Al momento de la requisa del semirremolque del rodado, los funcionarios constataron que el mismo trasladaba arena. Asimismo, siguiendo con la inspecci\u00f3n, detectaron seis neum\u00e1ticos extranjeros sin documentaci\u00f3n que avale su legal origen y tenencia, ocultos debajo del cargamento.<br \/>\n Intervino el Juzgado Federal N\u00b01 de Resistencia que orden\u00f3 la incautaci\u00f3n de las ruedas y que el conductor involucrado quede supeditado a la causa en infracci\u00f3n a la Ley 22.415 del \u201cC\u00f3digo Aduanero\u201d.<\/p>\n","protected":false},"excerpt":{"rendered":"<p>Los gendarmes descubrieron el hecho al realizar la inspecci\u00f3n de rutina de un cami\u00f3n en un control vial. Ayer, efectivos de la Secci\u00f3n Seguridad Vial \u201cLapachito\u201d dependientes del Escuadr\u00f3n 14 \u201cLas Palmas\u201d llevaban a cabo un control de prevenci\u00f3n vial emplazados en la intersecci\u00f3n de la Ruta Nacional N\u00b011 con la Ruta Provincial N\u00b056, en [&hellip;]<\/p>\n","protected":false},"author":1,"featured_media":22192,"comment_status":"closed","ping_status":"closed","sticky":false,"template":"","format":"standard","meta":{"footnotes":""},"categories":[6],"tags":[],"class_list":{"0":"post-22191","1":"post","2":"type-post","3":"status-publish","4":"format-standard","5":"has-post-thumbnail","7":"category-chaco"},"_links":{"self":[{"href":"https:\/\/chacosintesis.com.ar\/index.php\/wp-json\/wp\/v2\/posts\/22191","targetHints":{"allow":["GET"]}}],"collection":[{"href":"https:\/\/chacosintesis.com.ar\/index.php\/wp-json\/wp\/v2\/posts"}],"about":[{"href":"https:\/\/chacosintesis.com.ar\/index.php\/wp-json\/wp\/v2\/types\/post"}],"author":[{"embeddable":true,"href":"https:\/\/chacosintesis.com.ar\/index.php\/wp-json\/wp\/v2\/users\/1"}],"replies":[{"embeddable":true,"href":"https:\/\/chacosintesis.com.ar\/index.php\/wp-json\/wp\/v2\/comments?post=22191"}],"version-history":[{"count":0,"href":"https:\/\/chacosintesis.com.ar\/index.php\/wp-json\/wp\/v2\/posts\/22191\/revisions"}],"wp:featuredmedia":[{"embeddable":true,"href":"https:\/\/chacosintesis.com.ar\/index.php\/wp-json\/wp\/v2\/media\/22192"}],"wp:attachment":[{"href":"https:\/\/chacosintesis.com.ar\/index.php\/wp-json\/wp\/v2\/media?parent=22191"}],"wp:term":[{"taxonomy":"category","embeddable":true,"href":"https:\/\/chacosintesis.com.ar\/index.php\/wp-json\/wp\/v2\/categories?post=22191"},{"taxonomy":"post_tag","embeddable":true,"href":"https:\/\/chacosintesis.com.ar\/index.php\/wp-json\/wp\/v2\/tags?post=22191"}],"curies":[{"name":"wp","href":"https:\/\/api.w.org\/{rel}","templated":true}]}}