{"id":221890,"date":"2026-04-30T20:04:11","date_gmt":"2026-04-30T23:04:11","guid":{"rendered":"https:\/\/chacosintesis.com.ar\/index.php\/charadai-secuestran-mas-de-7-toneladas-de-semilla-y-fardos-de-alfalfa-por-falta-de-documentacion-ultimo-momento-en-chaco\/"},"modified":"2026-04-30T20:05:00","modified_gmt":"2026-04-30T23:05:00","slug":"charadai-secuestran-mas-de-7-toneladas-de-semilla-y-fardos-de-alfalfa-por-falta-de-documentacion-ultimo-momento-en-chaco","status":"publish","type":"post","link":"https:\/\/chacosintesis.com.ar\/index.php\/charadai-secuestran-mas-de-7-toneladas-de-semilla-y-fardos-de-alfalfa-por-falta-de-documentacion-ultimo-momento-en-chaco\/","title":{"rendered":"CHARADAI: Secuestran M\u00e1s De 7 Toneladas De Semilla Y Fardos De Alfalfa Por Falta De Documentaci\u00f3n | \u00daltimo momento en Chaco"},"content":{"rendered":"<p><img decoding=\"async\" src=\"\"><\/p>\n<div id=\"post-363574\">\n<p><\/p>\n<div class=\"single-post-image\">\n<figure><\/figure>\n<\/p><\/div>\n<p><!-- .single-post-image --><br \/>\n\t\t<!-- .entry-header --><\/p>\n<div class=\"entry-content\">\n<p>El operativo se llev\u00f3 a cabo sobre Ruta Provincial N\u00b0 13, a unos 26 kil\u00f3metros de la planta urbana, donde los agentes realizaban controles vehiculares e identificaci\u00f3n de personas.<\/p>\n<p>En primer lugar, interceptaron un cami\u00f3n con acoplado que transportaba semilla de algod\u00f3n y alfalfa. Al solicitar la documentaci\u00f3n, el conductor solo contaba con remitos parciales para una parte de la carga, pero les faltaba la documentaci\u00f3n para acreditar la procedencia de m\u00e1s de 7.700 kilos de semilla de algod\u00f3n.<\/p>\n<p>Posteriormente, detuvieron otro cami\u00f3n que trasladaba aproximadamente 750 fardos de alfalfa, cuya documentaci\u00f3n presentada se encontraba incompleta y vencida.<\/p>\n<p>Ante estas irregularidades y tras consulta con personal del \u00e1rea de fiscalizaci\u00f3n agropecuaria de ARCA, se dispuso la retenci\u00f3n y secuestro de ambos transportes y su carga.<\/p>\n<p>Los camiones quedaron bajo custodia en la comisar\u00eda local hasta tanto se regularice la situaci\u00f3n, mientras que los conductores fueron notificados de las correspondientes actas de infracci\u00f3n.<\/p>\n<div class=\"heateor_sss_sharing_container heateor_sss_horizontal_sharing\" data-heateor-sss-href=\"https:\/\/www.noticiasdelparana.com.ar\/NuevaEdicion\/2026\/04\/30\/charadai-secuestran-mas-de-7-toneladas-de-semilla-y-fardos-de-alfalfa-por-falta-de-documentacion\/\">\n<p>Compart\u00ed esta nota en tus redes sociales&#8230;<\/p>\n<\/div><\/div>\n<p><!-- .entry-content --><\/p>\n<p>\t<!-- .entry-footer -->\n<\/div>\n<\/p>\n<p>El hecho gener\u00f3 repercusi\u00f3n en la comunidad y mantiene en alerta a vecinos de la zona.<\/p>\n<p>Se esperan novedades en las pr\u00f3ximas horas por parte de las autoridades en la provincia del <a href=\"https:\/\/chacosintesis.com.ar\/index.php\/category\/chaco\/\">chaco<\/a>.<\/p>\n<p><strong>Seguinos para m\u00e1s informaci\u00f3n actualizada.<\/strong><\/p>\n","protected":false},"excerpt":{"rendered":"<p>El operativo se llev\u00f3 a cabo sobre Ruta Provincial N\u00b0 13, a unos 26 kil\u00f3metros de la planta urbana, donde los agentes realizaban controles vehiculares e identificaci\u00f3n de personas. En primer lugar, interceptaron un cami\u00f3n con acoplado que transportaba semilla de algod\u00f3n y alfalfa. Al solicitar la documentaci\u00f3n, el conductor solo contaba con remitos parciales [&hellip;]<\/p>\n","protected":false},"author":1,"featured_media":221901,"comment_status":"closed","ping_status":"","sticky":false,"template":"","format":"standard","meta":{"footnotes":""},"categories":[5],"tags":[],"class_list":{"0":"post-221890","1":"post","2":"type-post","3":"status-publish","4":"format-standard","5":"has-post-thumbnail","7":"category-policiales"},"_links":{"self":[{"href":"https:\/\/chacosintesis.com.ar\/index.php\/wp-json\/wp\/v2\/posts\/221890","targetHints":{"allow":["GET"]}}],"collection":[{"href":"https:\/\/chacosintesis.com.ar\/index.php\/wp-json\/wp\/v2\/posts"}],"about":[{"href":"https:\/\/chacosintesis.com.ar\/index.php\/wp-json\/wp\/v2\/types\/post"}],"author":[{"embeddable":true,"href":"https:\/\/chacosintesis.com.ar\/index.php\/wp-json\/wp\/v2\/users\/1"}],"replies":[{"embeddable":true,"href":"https:\/\/chacosintesis.com.ar\/index.php\/wp-json\/wp\/v2\/comments?post=221890"}],"version-history":[{"count":1,"href":"https:\/\/chacosintesis.com.ar\/index.php\/wp-json\/wp\/v2\/posts\/221890\/revisions"}],"predecessor-version":[{"id":221902,"href":"https:\/\/chacosintesis.com.ar\/index.php\/wp-json\/wp\/v2\/posts\/221890\/revisions\/221902"}],"wp:featuredmedia":[{"embeddable":true,"href":"https:\/\/chacosintesis.com.ar\/index.php\/wp-json\/wp\/v2\/media\/221901"}],"wp:attachment":[{"href":"https:\/\/chacosintesis.com.ar\/index.php\/wp-json\/wp\/v2\/media?parent=221890"}],"wp:term":[{"taxonomy":"category","embeddable":true,"href":"https:\/\/chacosintesis.com.ar\/index.php\/wp-json\/wp\/v2\/categories?post=221890"},{"taxonomy":"post_tag","embeddable":true,"href":"https:\/\/chacosintesis.com.ar\/index.php\/wp-json\/wp\/v2\/tags?post=221890"}],"curies":[{"name":"wp","href":"https:\/\/api.w.org\/{rel}","templated":true}]}}