{"id":22189,"date":"2023-05-27T09:46:47","date_gmt":"2023-05-27T12:46:47","guid":{"rendered":"https:\/\/chacosintesis.com.ar\/?p=22189"},"modified":"2023-05-27T10:06:40","modified_gmt":"2023-05-27T13:06:40","slug":"mataron-de-un-tiro-en-el-pecho-a-un-joven-en-saenz-pena-el-principal-sospechoso-estuvo-implicado-en-causas-federales","status":"publish","type":"post","link":"https:\/\/chacosintesis.com.ar\/index.php\/mataron-de-un-tiro-en-el-pecho-a-un-joven-en-saenz-pena-el-principal-sospechoso-estuvo-implicado-en-causas-federales\/","title":{"rendered":"Mataron de un tiro en el pecho a un joven en S\u00e1enz Pe\u00f1a: el principal sospechoso estuvo implicado en causas federales"},"content":{"rendered":"<p>El hecho ocurri\u00f3 alrededor de las 17 horas en el Barrio Santa M\u00f3nica de \u201cLa Termal\u201d y buscan intensamente a \u201cMonito\u201d, por ser el principal apuntado de haber cometido este homicidio y quien ya tiene amplio historial delictivo.<br \/>\n Sucedi\u00f3 este viernes en plena v\u00eda p\u00fablica, en la calle 35 entre 20 y 22 del barrio Santa M\u00f3nica de S\u00e1enz Pe\u00f1a. La v\u00edctima ten\u00eda 24 a\u00f1os, se apellidaba Cabrera y sufri\u00f3 un disparo en el t\u00f3rax a sangre fr\u00eda.<\/p>\n<p>Hasta el momento, se determin\u00f3 que el homicidio se habr\u00eda cometido con un arma calibre 32 y el \u00fanico sospechoso es Yonathan Echegaray, de 31 a\u00f1os quien es conocido como el \u201cMonito\u201d y que ya cuenta con historial carcelario producto de estar implicado en diversas causas federales, entre ellas una por portaci\u00f3n de estupefacientes.<\/p>\n<p>Los familiares de la v\u00edctima decidieron optar por la Justicia por mano propia, y se acercaron al domicilio e intentaron incendiar la casa del sospechoso por lo que tuvo que intervenir Personal Policial.<\/p>\n<p>Momentos de tensi\u00f3n se viven en la ciudad de S\u00e1enz Pe\u00f1a, producto de la inseguridad que padecen los habitantes siendo este un claro ejemplo de que la violencia invadi\u00f3 a la comunidad pese a los intentos de los Efectivos por erradicarla.<\/p>\n<p>Contin\u00faan las tareas investigativas para tratar de determinar el trasfondo de este asesinato y los Agentes permanecen en la vivienda del acusado para evitar problemas mayores, intentando calmar a los familiares del fallecido.<\/p>\n<p>Diario22.ar<\/p>\n","protected":false},"excerpt":{"rendered":"<p>El hecho ocurri\u00f3 alrededor de las 17 horas en el Barrio Santa M\u00f3nica de \u201cLa Termal\u201d y buscan intensamente a \u201cMonito\u201d, por ser el principal apuntado de haber cometido este homicidio y quien ya tiene amplio historial delictivo. Sucedi\u00f3 este viernes en plena v\u00eda p\u00fablica, en la calle 35 entre 20 y 22 del barrio [&hellip;]<\/p>\n","protected":false},"author":1,"featured_media":22190,"comment_status":"closed","ping_status":"closed","sticky":false,"template":"","format":"standard","meta":{"footnotes":""},"categories":[6],"tags":[],"class_list":{"0":"post-22189","1":"post","2":"type-post","3":"status-publish","4":"format-standard","5":"has-post-thumbnail","7":"category-chaco"},"_links":{"self":[{"href":"https:\/\/chacosintesis.com.ar\/index.php\/wp-json\/wp\/v2\/posts\/22189","targetHints":{"allow":["GET"]}}],"collection":[{"href":"https:\/\/chacosintesis.com.ar\/index.php\/wp-json\/wp\/v2\/posts"}],"about":[{"href":"https:\/\/chacosintesis.com.ar\/index.php\/wp-json\/wp\/v2\/types\/post"}],"author":[{"embeddable":true,"href":"https:\/\/chacosintesis.com.ar\/index.php\/wp-json\/wp\/v2\/users\/1"}],"replies":[{"embeddable":true,"href":"https:\/\/chacosintesis.com.ar\/index.php\/wp-json\/wp\/v2\/comments?post=22189"}],"version-history":[{"count":0,"href":"https:\/\/chacosintesis.com.ar\/index.php\/wp-json\/wp\/v2\/posts\/22189\/revisions"}],"wp:featuredmedia":[{"embeddable":true,"href":"https:\/\/chacosintesis.com.ar\/index.php\/wp-json\/wp\/v2\/media\/22190"}],"wp:attachment":[{"href":"https:\/\/chacosintesis.com.ar\/index.php\/wp-json\/wp\/v2\/media?parent=22189"}],"wp:term":[{"taxonomy":"category","embeddable":true,"href":"https:\/\/chacosintesis.com.ar\/index.php\/wp-json\/wp\/v2\/categories?post=22189"},{"taxonomy":"post_tag","embeddable":true,"href":"https:\/\/chacosintesis.com.ar\/index.php\/wp-json\/wp\/v2\/tags?post=22189"}],"curies":[{"name":"wp","href":"https:\/\/api.w.org\/{rel}","templated":true}]}}