{"id":221852,"date":"2026-04-30T17:04:14","date_gmt":"2026-04-30T20:04:14","guid":{"rendered":"https:\/\/chacosintesis.com.ar\/index.php\/premios-martin-fierro-de-television-todos-los-nominados-y-detalles-de-una-gala-con-diversidad-de-ternas_a69f3ab397825f88153b35683\/"},"modified":"2026-04-30T17:04:14","modified_gmt":"2026-04-30T20:04:14","slug":"premios-martin-fierro-de-television-todos-los-nominados-y-detalles-de-una-gala-con-diversidad-de-ternas_a69f3ab397825f88153b35683","status":"publish","type":"post","link":"https:\/\/chacosintesis.com.ar\/index.php\/premios-martin-fierro-de-television-todos-los-nominados-y-detalles-de-una-gala-con-diversidad-de-ternas_a69f3ab397825f88153b35683\/","title":{"rendered":"Premios Mart\u00edn Fierro de Televisi\u00f3n: todos los nominados y detalles"},"content":{"rendered":"<p><img decoding=\"async\" src=\"data:image\/gif;base64,R0lGODlhAQABAIAAAAAAAP\/\/\/ywAAAAAAQABAAACAUwAOw==\" fifu-lazy=\"1\" fifu-data-sizes=\"auto\" fifu-data-srcset=\"https:\/\/i1.wp.com\/chacosintesis.com.ar\/wp-content\/uploads\/2026\/04\/Premios-Martin-Fierro-de-Television-todos-los-nominados-y-detalles.jpeg?ssl=1&w=75&resize=75&ssl=1 75w, https:\/\/i1.wp.com\/chacosintesis.com.ar\/wp-content\/uploads\/2026\/04\/Premios-Martin-Fierro-de-Television-todos-los-nominados-y-detalles.jpeg?ssl=1&w=100&resize=100&ssl=1 100w, https:\/\/i1.wp.com\/chacosintesis.com.ar\/wp-content\/uploads\/2026\/04\/Premios-Martin-Fierro-de-Television-todos-los-nominados-y-detalles.jpeg?ssl=1&w=150&resize=150&ssl=1 150w, https:\/\/i1.wp.com\/chacosintesis.com.ar\/wp-content\/uploads\/2026\/04\/Premios-Martin-Fierro-de-Television-todos-los-nominados-y-detalles.jpeg?ssl=1&w=240&resize=240&ssl=1 240w, https:\/\/i1.wp.com\/chacosintesis.com.ar\/wp-content\/uploads\/2026\/04\/Premios-Martin-Fierro-de-Television-todos-los-nominados-y-detalles.jpeg?ssl=1&w=320&resize=320&ssl=1 320w, https:\/\/i1.wp.com\/chacosintesis.com.ar\/wp-content\/uploads\/2026\/04\/Premios-Martin-Fierro-de-Television-todos-los-nominados-y-detalles.jpeg?ssl=1&w=500&resize=500&ssl=1 500w, https:\/\/i1.wp.com\/chacosintesis.com.ar\/wp-content\/uploads\/2026\/04\/Premios-Martin-Fierro-de-Television-todos-los-nominados-y-detalles.jpeg?ssl=1&w=640&resize=640&ssl=1 640w, https:\/\/i1.wp.com\/chacosintesis.com.ar\/wp-content\/uploads\/2026\/04\/Premios-Martin-Fierro-de-Television-todos-los-nominados-y-detalles.jpeg?ssl=1&w=800&resize=800&ssl=1 800w, https:\/\/i1.wp.com\/chacosintesis.com.ar\/wp-content\/uploads\/2026\/04\/Premios-Martin-Fierro-de-Television-todos-los-nominados-y-detalles.jpeg?ssl=1&w=1024&resize=1024&ssl=1 1024w, https:\/\/i1.wp.com\/chacosintesis.com.ar\/wp-content\/uploads\/2026\/04\/Premios-Martin-Fierro-de-Television-todos-los-nominados-y-detalles.jpeg?ssl=1&w=1280&resize=1280&ssl=1 1280w, https:\/\/i1.wp.com\/chacosintesis.com.ar\/wp-content\/uploads\/2026\/04\/Premios-Martin-Fierro-de-Television-todos-los-nominados-y-detalles.jpeg?ssl=1&w=1600&resize=1600&ssl=1 1600w\" fifu-data-src=\"https:\/\/i1.wp.com\/chacosintesis.com.ar\/wp-content\/uploads\/2026\/04\/Premios-Martin-Fierro-de-Television-todos-los-nominados-y-detalles.jpeg?ssl=1\" \/><\/p>\n<div itemprop=\"articleBody\">\n<p><a href=\"\/\"><strong>Buenos Aires, 30 abril (NA) <\/strong><\/a>\u2013 Los premios <strong>Mart\u00edn Fierro 2026<\/strong> a la <strong>Televisi\u00f3n Abierta<\/strong> se otorgar\u00e1n el pr\u00f3ximo <strong>s\u00e1bado 18 de mayo en el Hotel Hilton<\/strong> y reconocer\u00e1n a los trabajos m\u00e1s destacados de la pantalla chica nacional. La ceremonia estar\u00e1 a cargo de <strong>Santiago del Moro <\/strong>y se transmitir\u00e1 por la se\u00f1al de <strong>Telefe<\/strong>.\u00a0<\/p>\n<p>Seg\u00fan supo la <strong>Agencia Noticias Argentinas<\/strong>, los nombres de los nominados se revelaron esta ma\u00f1ana en <i>A la Barbarossa<\/i>, junto a la conductora <strong>Georgina Barbarossa<\/strong> y el presidente de APTRA, <strong>Luis Ventura<\/strong>.<\/p>\n<p>\u201cLa voz ausente\u201d, la serie basada en el libro de Gabriel Rol\u00f3n, fue el proyecto con m\u00e1s nominaciones. Le sigue MasterChef Celebrity con 7 nominaciones repartidas por jurado, revelaciones, direcci\u00f3n, producci\u00f3n integral y conducci\u00f3n, seguido por un empate con cinco nominaciones cada uno para La Voz Argentina, A la Barbarossa y Otro D\u00eda Perdido.<\/p>\n<p><tadevel-ad  class=\"block-4d\" slot-id=\"article-inline-01\"\/><\/p>\n<h3>A continuaci\u00f3n, los nominados:<\/h3>\n<p><strong>Ficci\u00f3n:<\/strong><br \/>AMIA (Telefe)<br \/>La voz ausente (El Trece)<br \/>Taf\u00ed Viejo, verdor sin tiempo (El Nueve)<\/p>\n<p><strong>Period\u00edstico<\/strong>:<br \/>Camino a Casa (Telefe)<br \/>GPS (Am\u00e9rica)<br \/>Opini\u00f3n p\u00fablica (El Nueve)<\/p>\n<p><strong>Noticiero diurno:<\/strong><br \/>Arriba Argentinos (El Trece)<br \/>El Noticiero de la Gente (Telefe)<br \/>Telenueve al Mediod\u00eda (El Nueve)<\/p>\n<p><strong>Noticiero nocturno:<\/strong><br \/>Am\u00e9rica Noticias (Am\u00e9rica)<br \/>Telefe Noticias (Telefe)<br \/>Telenoche (El Trece)<\/p>\n<p><strong>Musical:<\/strong><br \/>Hay m\u00fasica siempre (Televisi\u00f3n P\u00fablica)<br \/>La Pe\u00f1a de Morfi (Telefe)<br \/>Pasi\u00f3n de S\u00e1bado (Am\u00e9rica)<br \/>Planeta Nueve (El Nueve)<\/p>\n<p><strong>Humor\u00edstico \/ de actualidad:<\/strong><br \/>La noche perfecta (El Trece)<br \/>Las chicas de la culpa (El Trece)<br \/>Pol\u00e9mica en el bar (Am\u00e9rica)<\/p>\n<p><strong>Magazine:<\/strong><br \/>A la Barbarossa (Telefe)<br \/>Cort\u00e1 por Lozano (Telefe)<br \/>Nara que ver (El Nueve)<br \/>Te Veo (Net TV)<br \/>Con Carmen (El Nueve)<\/p>\n<p><strong>Entretenimiento:<\/strong><br \/>Ahora caigo (El Trece)<br \/>Buenas noches, familia (El Trece)<br \/>Pasapalabra (Telefe)<\/p>\n<p><tadevel-ad  class=\"block-4d\" slot-id=\"article-inline-02\"\/><\/p>\n<p><strong>Big Show:<\/strong><br \/>La Voz Argentina (Telefe)<br \/>Medianoche con Jey (El Nueve)<br \/>Otro d\u00eda perdido (El Trece)<\/p>\n<p><strong>Reality:<\/strong><br \/>Cuesti\u00f3n de peso (El Trece)<br \/>MasterChef Celebrity (Telefe)<br \/>Gran Hermano (Telefe)<\/p>\n<p><strong>Gastronom\u00eda:<\/strong><br \/>Ariel en su salsa (Telefe)<br \/>Escuela de cocina (El Nueve)<br \/>Qu\u00e9 ma\u00f1ana (El Nueve)<\/p>\n<p><strong>Jurados:<\/strong><br \/>Betular, De Santis y Martitegui, por MasterChef Celebrity (Telefe)<br \/>Drago, Ram\u00edrez, Mart\u00ednez, Wirtz, Bachor y Pucheta, por Bienvenidos a ganar (El Nueve)<br \/>Lali, Miranda!, Luck Ra y Pastorutti, por La Voz Argentina (Telefe)<\/p>\n<p><strong>Mejor actor:<\/strong><br \/>C\u00e9sar Bord\u00f3n, por La voz ausente (El Trece) y AMIA (Telefe)<br \/>Luciano C\u00e1ceres, por Taf\u00ed Viejo (El Nueve)<br \/>Gustavo Garz\u00f3n, por La voz ausente (El Trece)<br \/>Benjam\u00edn Vicu\u00f1a, por La voz ausente (El Trece)<\/p>\n<p><strong>Mejor actriz:<\/strong><br \/>Gimena Accardi, por La voz ausente (El Trece)<br \/>Paloma Contreras, por Taf\u00ed Viejo (El Nueve)<br \/>Sus\u00fa Pecoraro, por La voz ausente (El Trece)<br \/>Jazm\u00edn Stuart, por La voz ausente (El Trece)<\/p>\n<p><tadevel-ad  class=\"block-4d\" slot-id=\"article-inline-03\"\/><\/p>\n<p><strong>Revelaci\u00f3n:<\/strong><br \/>Laura Grandinetti, por Taf\u00ed Viejo (El Nueve)<br \/>Ian Lucas, por MasterChef Celebrity (Telefe)<br \/>Sof\u00eda Gonet, por MasterChef Celebrity (Telefe)<\/p>\n<p><strong>Director no ficci\u00f3n:<\/strong><br \/>Claudio Cuscuela, Otro d\u00eda perdido (El Trece)<br \/>Fernando Emiliozzi, MasterChef Celebrity y La Voz Argentina (Telefe)<br \/>Christian Font\u00e1n, La Noche Perfecta, Los 8 escalones, Cuesti\u00f3n de Peso y The Floor (El Trece)<\/p>\n<p><strong>Panelista femenina:<\/strong><br \/>Marcela Feudale, LAM (Am\u00e9rica)<br \/>Edith Hermida, Bendita (El Nueve)<br \/>Natalie Weber, Pas\u00f3 en Am\u00e9rica (Am\u00e9rica)<br \/>Anal\u00eda Franch\u00edn, A la Barbarossa (Telefe)<br \/>Mariana Brey, A la Barbarossa (Telefe)<\/p>\n<p><strong>Panelista masculino:<\/strong><br \/>Mart\u00edn Candalaft, Diario de Mariana (Am\u00e9rica)<br \/>Ceferino Reato, Gran Hermano El Debate (Telefe)<br \/>Luis Bremer, A la tarde y Desayuno Americano (Am\u00e9rica)<br \/>Paulo Kablan, A la Barbarossa y El Noticiero de la Gente (Telefe)<\/p>\n<p><tadevel-ad  class=\"block-4d\" slot-id=\"article-inline-04\"\/><\/p>\n<p><strong>Producci\u00f3n integral:<\/strong><br \/>La Voz Argentina (Telefe)<br \/>Otro d\u00eda perdido (El Trece)<br \/>MasterChef Celebrity (Telefe)<br \/>Telefe Noticias (Telefe)<\/p>\n<p><strong>Inter\u00e9s general:<\/strong><br \/>Almorzando con Juana (El Trece)<br \/>El Diario de Mariana (Am\u00e9rica)<br \/>Los profesionales de siempre (El Nueve)<br \/>S\u00e1lvese quien pueda (Am\u00e9rica)<br \/>LAM (Am\u00e9rica)<br \/>Lape Club Social Informativo (Am\u00e9rica)<\/p>\n<p><strong>Labor en conducci\u00f3n masculina:<\/strong><br \/>Dar\u00edo Barassi, por Ahora caigo (El Trece)<br \/>Iv\u00e1n de Pineda, por Pasapalabra (Telefe)<br \/>Guido Kaczka, por Buenas noches, familia (El Trece)<br \/>Santiago del Moro, por Gran Hermano (Telefe)<br \/>Nico Occhiato, por La Voz Argentina (Telefe)<\/p>\n<p><strong>Labor conducci\u00f3n feminina:<\/strong><br \/>Moria Cas\u00e1n, por La ma\u00f1ana con Moria (El Trece)<br \/>Pamela David, por Desayuno Americano (Am\u00e9rica)<br \/>Vero Lozano, por Cort\u00e1 por Lozano y Chef al div\u00e1n (Telefe)<br \/>Karina Mazzocco, por A la tarde (Am\u00e9rica)<br \/>Wanda Nara, por MasterChef Celebrity (Telefe)<br \/>Mariana Fabbiani, por El Diario de Mariana (Am\u00e9rica)<br \/>Georgina Barbarossa, por A la Barbarossa (Telefe)<\/p>\n<p><tadevel-ad  class=\"block-4d\" slot-id=\"article-inline-05\"\/><\/p>\n<p><strong>Labor period\u00edstica femenina:<\/strong><br \/>Carolina Amoroso, Telenoche (El Trece)<br \/>Soledad Larghi, Am\u00e9rica Noticias (Am\u00e9rica)<br \/>Mirtha Legrand, La Noche de Mirtha (El Trece)<\/p>\n<p><strong>Labor period\u00edstica masculina:<\/strong><br \/>Nelson Castro, Telenoche (El Trece)<br \/>Rolando Gra\u00f1a, Am\u00e9rica Noticias (Am\u00e9rica)<br \/>Mauro Szeta, Lape Club Social Informativo (Am\u00e9rica)<br \/>Germ\u00e1n Paoloski, El Noticiero de la Gente (Telefe)<\/p>\n<p><strong>Cronista \/ Movilero:<\/strong><br \/>Alejandro Guatti, Intrusos (Am\u00e9rica)<br \/>Cecilia Insinga, Arriba Argentinos (El Trece)<br \/>Mart\u00edn Salwe, Lape Club Social Informativo (Am\u00e9rica)<br \/>Daniel Roggiano, Buen Telefe, El Noticiero de la Gente y Telefe Noticias (Telefe)<\/p>\n<p><strong>Labor humor\u00edstica:<\/strong><br \/>Agust\u00edn Rada Aristar\u00e1n, Otro d\u00eda perdido (El Trece)<br \/>Connie Ballarini, Las chicas de la culpa (El Trece)<br \/>Dar\u00edo Lopilato, Viralizados (Am\u00e9rica)<br \/>Laila Roth, Otro d\u00eda perdido (El Trece)<\/p>\n<p><tadevel-ad  class=\"block-4d\" slot-id=\"article-inline-06\"\/><\/p>\n<p><strong>Viajes \/ Turismo:<\/strong><br \/>Iv\u00e1n de viaje (Telefe)<br \/>Por el Mundo (Telefe)<br \/>Resto del Mundo (El Trece)<\/p>\n<p><strong>Deportivo:<\/strong><br \/>Knockout 9 (El Nueve)<br \/>Mundial de F\u00fatbol (Telefe)<br \/>Pasi\u00f3n por el F\u00fatbol (El Trece)<\/p>\n<p><strong>Director:<\/strong><br \/>Gustavo Hern\u00e1ndez, La voz ausente (El Trece)<br \/>Eduardo Pinto, Taf\u00ed Viejo (El Nueve)<br \/>Guillermo Rocamora, AMIA (Telefe)<\/p>\n<p><strong>Autor \/ Guionista:<\/strong><br \/>Roma, Meira, Zicanelli, \u00c1valrez y Custo, por La voz ausente (El Trece)<br \/>Harlev, Gur, Snir, Arazi, Bertilotti y Bonet, por AMIA (Telefe)<br \/>Pinto, Mac\u00edas y Torres, por Taf\u00ed Viejo (El Nueve)<\/p>\n<p><strong>Cultural \/ Educativo:<\/strong><br \/>Argentina de pel\u00edcula (Am\u00e9rica)<br \/>Ser humanos (Am\u00e9rica)<br \/>Tierras (Telefe)<\/p>\n<p style=\"--ipspy: __IP__;color: __IP__;text-decoration: __IP__;\" alt=\"__IP__\" data-ipspy=\"__IP__\" title=\"__IP__\"><strong>Aviso publicitario:<\/strong><br \/>Dec\u00edselo, Quilmes (ABI INBEV \/ La Am\u00e9rica)<br \/>Tarjetita, Swiss Medical (La Am\u00e9rica)<br \/>Universo Dad\u00e1, Grupo Pe\u00f1aflor (La Comunidad)<br \/>Paparazzi, Stella Artois (ABI INBEV \/ GUT Buenos Aires)<span style=\"opacity: 0;\" data-nosnippet=\"\">__IP__<\/span><\/p>\n<p><tadevel-ad  class=\"block-4d\" slot-id=\"article-inline-07\"\/><\/p>\n<p><strong>Programa de servicios:<\/strong><br \/>ADN, Buena Salud (TVP)<br \/>Aire de campo (TVP)<br \/>Intelexis (Net TV)<br \/>Mascotas al rescate (Am\u00e9rica)<\/p>\n<p><a href=\"\/-agenciana_t6916e70a4551e78eb9423f59\">#AgenciaNA<\/a>\u00a0<\/p>\n<\/div>\n<p><img decoding=\"async\" src=\"data:image\/gif;base64,R0lGODlhAQABAIAAAAAAAP\/\/\/ywAAAAAAQABAAACAUwAOw==\" fifu-lazy=\"1\" fifu-data-sizes=\"auto\" fifu-data-srcset=\"https:\/\/i3.wp.com\/chacosintesis.com.ar\/wp-content\/uploads\/2026\/04\/1777579454_713_Premios-Martin-Fierro-de-Television-todos-los-nominados-y-detalles.jpeg?ssl=1&w=75&resize=75&ssl=1 75w, https:\/\/i3.wp.com\/chacosintesis.com.ar\/wp-content\/uploads\/2026\/04\/1777579454_713_Premios-Martin-Fierro-de-Television-todos-los-nominados-y-detalles.jpeg?ssl=1&w=100&resize=100&ssl=1 100w, https:\/\/i3.wp.com\/chacosintesis.com.ar\/wp-content\/uploads\/2026\/04\/1777579454_713_Premios-Martin-Fierro-de-Television-todos-los-nominados-y-detalles.jpeg?ssl=1&w=150&resize=150&ssl=1 150w, https:\/\/i3.wp.com\/chacosintesis.com.ar\/wp-content\/uploads\/2026\/04\/1777579454_713_Premios-Martin-Fierro-de-Television-todos-los-nominados-y-detalles.jpeg?ssl=1&w=240&resize=240&ssl=1 240w, https:\/\/i3.wp.com\/chacosintesis.com.ar\/wp-content\/uploads\/2026\/04\/1777579454_713_Premios-Martin-Fierro-de-Television-todos-los-nominados-y-detalles.jpeg?ssl=1&w=320&resize=320&ssl=1 320w, https:\/\/i3.wp.com\/chacosintesis.com.ar\/wp-content\/uploads\/2026\/04\/1777579454_713_Premios-Martin-Fierro-de-Television-todos-los-nominados-y-detalles.jpeg?ssl=1&w=500&resize=500&ssl=1 500w, https:\/\/i3.wp.com\/chacosintesis.com.ar\/wp-content\/uploads\/2026\/04\/1777579454_713_Premios-Martin-Fierro-de-Television-todos-los-nominados-y-detalles.jpeg?ssl=1&w=640&resize=640&ssl=1 640w, https:\/\/i3.wp.com\/chacosintesis.com.ar\/wp-content\/uploads\/2026\/04\/1777579454_713_Premios-Martin-Fierro-de-Television-todos-los-nominados-y-detalles.jpeg?ssl=1&w=800&resize=800&ssl=1 800w, https:\/\/i3.wp.com\/chacosintesis.com.ar\/wp-content\/uploads\/2026\/04\/1777579454_713_Premios-Martin-Fierro-de-Television-todos-los-nominados-y-detalles.jpeg?ssl=1&w=1024&resize=1024&ssl=1 1024w, https:\/\/i3.wp.com\/chacosintesis.com.ar\/wp-content\/uploads\/2026\/04\/1777579454_713_Premios-Martin-Fierro-de-Television-todos-los-nominados-y-detalles.jpeg?ssl=1&w=1280&resize=1280&ssl=1 1280w, https:\/\/i3.wp.com\/chacosintesis.com.ar\/wp-content\/uploads\/2026\/04\/1777579454_713_Premios-Martin-Fierro-de-Television-todos-los-nominados-y-detalles.jpeg?ssl=1&w=1600&resize=1600&ssl=1 1600w\" fifu-data-src=\"https:\/\/i3.wp.com\/chacosintesis.com.ar\/wp-content\/uploads\/2026\/04\/1777579454_713_Premios-Martin-Fierro-de-Television-todos-los-nominados-y-detalles.jpeg?ssl=1\"><\/p>\n<p>Noticias Argentinas<\/p>\n","protected":false},"excerpt":{"rendered":"<p>Buenos Aires, 30 abril (NA) \u2013 Los premios Mart\u00edn Fierro 2026 a la Televisi\u00f3n Abierta se otorgar\u00e1n el pr\u00f3ximo s\u00e1bado 18 de mayo en el Hotel Hilton y reconocer\u00e1n a los trabajos m\u00e1s destacados de la pantalla chica nacional. La ceremonia estar\u00e1 a cargo de Santiago del Moro y se transmitir\u00e1 por la se\u00f1al de [&hellip;]<\/p>\n","protected":false},"author":1,"featured_media":221863,"comment_status":"closed","ping_status":"","sticky":false,"template":"","format":"standard","meta":{"footnotes":""},"categories":[188],"tags":[],"class_list":{"0":"post-221852","1":"post","2":"type-post","3":"status-publish","4":"format-standard","5":"has-post-thumbnail","7":"category-farandula"},"_links":{"self":[{"href":"https:\/\/chacosintesis.com.ar\/index.php\/wp-json\/wp\/v2\/posts\/221852","targetHints":{"allow":["GET"]}}],"collection":[{"href":"https:\/\/chacosintesis.com.ar\/index.php\/wp-json\/wp\/v2\/posts"}],"about":[{"href":"https:\/\/chacosintesis.com.ar\/index.php\/wp-json\/wp\/v2\/types\/post"}],"author":[{"embeddable":true,"href":"https:\/\/chacosintesis.com.ar\/index.php\/wp-json\/wp\/v2\/users\/1"}],"replies":[{"embeddable":true,"href":"https:\/\/chacosintesis.com.ar\/index.php\/wp-json\/wp\/v2\/comments?post=221852"}],"version-history":[{"count":0,"href":"https:\/\/chacosintesis.com.ar\/index.php\/wp-json\/wp\/v2\/posts\/221852\/revisions"}],"wp:featuredmedia":[{"embeddable":true,"href":"https:\/\/chacosintesis.com.ar\/index.php\/wp-json\/wp\/v2\/media\/221863"}],"wp:attachment":[{"href":"https:\/\/chacosintesis.com.ar\/index.php\/wp-json\/wp\/v2\/media?parent=221852"}],"wp:term":[{"taxonomy":"category","embeddable":true,"href":"https:\/\/chacosintesis.com.ar\/index.php\/wp-json\/wp\/v2\/categories?post=221852"},{"taxonomy":"post_tag","embeddable":true,"href":"https:\/\/chacosintesis.com.ar\/index.php\/wp-json\/wp\/v2\/tags?post=221852"}],"curies":[{"name":"wp","href":"https:\/\/api.w.org\/{rel}","templated":true}]}}