{"id":221807,"date":"2026-04-30T09:58:00","date_gmt":"2026-04-30T12:58:00","guid":{"rendered":"https:\/\/chacosintesis.com.ar\/?p=221807"},"modified":"2026-04-30T16:28:29","modified_gmt":"2026-04-30T19:28:29","slug":"saenz-pena-los-adultos-mayores-celebraron-sus-cumpleanos-con-una-jornada-de-encuentro-y-alegria","status":"publish","type":"post","link":"https:\/\/chacosintesis.com.ar\/index.php\/saenz-pena-los-adultos-mayores-celebraron-sus-cumpleanos-con-una-jornada-de-encuentro-y-alegria\/","title":{"rendered":"S\u00e1enz Pe\u00f1a: Los Adultos Mayores celebraron sus cumplea\u00f1os con una jornada de encuentro y alegr\u00eda"},"content":{"rendered":"\n<p>En un clima de emoci\u00f3n y compa\u00f1erismo, los Adultos Mayores participaron de una jornada especial en la que celebraron los cumplea\u00f1os de quienes forman parte de las distintas actividades impulsadas por el \u00e1rea municipal.<\/p>\n\n\n\n<p>El encuentro se desarroll\u00f3 durante la jornada del mi\u00e9rcoles en el camping del Centro de Empleados de Comercio, con la presencia de la responsable del \u00e1rea, Ana Bonillo; la presidenta del Concejo Deliberante, Nora Gauna; y funcionarios municipales.<\/p>\n\n\n\n<figure class=\"wp-block-image size-full\"><img decoding=\"async\" src=\"data:image\/gif;base64,R0lGODlhAQABAIAAAAAAAP\/\/\/ywAAAAAAQABAAACAUwAOw==\" fifu-lazy=\"1\" fifu-data-sizes=\"auto\" fifu-data-srcset=\"https:\/\/i1.wp.com\/chacosintesis.com.ar\/wp-content\/uploads\/2026\/04\/WhatsApp-Image-2026-04-29-at-16.04.52-1.jpeg?ssl=1&w=75&resize=75&ssl=1 75w, https:\/\/i1.wp.com\/chacosintesis.com.ar\/wp-content\/uploads\/2026\/04\/WhatsApp-Image-2026-04-29-at-16.04.52-1.jpeg?ssl=1&w=100&resize=100&ssl=1 100w, https:\/\/i1.wp.com\/chacosintesis.com.ar\/wp-content\/uploads\/2026\/04\/WhatsApp-Image-2026-04-29-at-16.04.52-1.jpeg?ssl=1&w=150&resize=150&ssl=1 150w, https:\/\/i1.wp.com\/chacosintesis.com.ar\/wp-content\/uploads\/2026\/04\/WhatsApp-Image-2026-04-29-at-16.04.52-1.jpeg?ssl=1&w=240&resize=240&ssl=1 240w, https:\/\/i1.wp.com\/chacosintesis.com.ar\/wp-content\/uploads\/2026\/04\/WhatsApp-Image-2026-04-29-at-16.04.52-1.jpeg?ssl=1&w=320&resize=320&ssl=1 320w, https:\/\/i1.wp.com\/chacosintesis.com.ar\/wp-content\/uploads\/2026\/04\/WhatsApp-Image-2026-04-29-at-16.04.52-1.jpeg?ssl=1&w=500&resize=500&ssl=1 500w, https:\/\/i1.wp.com\/chacosintesis.com.ar\/wp-content\/uploads\/2026\/04\/WhatsApp-Image-2026-04-29-at-16.04.52-1.jpeg?ssl=1&w=640&resize=640&ssl=1 640w, https:\/\/i1.wp.com\/chacosintesis.com.ar\/wp-content\/uploads\/2026\/04\/WhatsApp-Image-2026-04-29-at-16.04.52-1.jpeg?ssl=1&w=800&resize=800&ssl=1 800w, https:\/\/i1.wp.com\/chacosintesis.com.ar\/wp-content\/uploads\/2026\/04\/WhatsApp-Image-2026-04-29-at-16.04.52-1.jpeg?ssl=1&w=1024&resize=1024&ssl=1 1024w, https:\/\/i1.wp.com\/chacosintesis.com.ar\/wp-content\/uploads\/2026\/04\/WhatsApp-Image-2026-04-29-at-16.04.52-1.jpeg?ssl=1&w=1280&resize=1280&ssl=1 1280w, https:\/\/i1.wp.com\/chacosintesis.com.ar\/wp-content\/uploads\/2026\/04\/WhatsApp-Image-2026-04-29-at-16.04.52-1.jpeg?ssl=1&w=1600&resize=1600&ssl=1 1600w\" fifu-data-src=\"https:\/\/i1.wp.com\/chacosintesis.com.ar\/wp-content\/uploads\/2026\/04\/WhatsApp-Image-2026-04-29-at-16.04.52-1.jpeg?ssl=1\" alt=\"\" class=\"wp-image-221810\"\/><\/figure>\n\n\n\n<p>La propuesta incluy\u00f3 desfile, karaoke, &nbsp;m\u00fasica en vivo y baile junto al grupo \u201cLa Combinaci\u00f3n Perfecta\u201d, generando un espacio de disfrute y participaci\u00f3n activa.<\/p>\n\n\n\n<p>Adem\u00e1s, los asistentes compartieron una merienda y celebraron cantando el feliz cumplea\u00f1os a quienes cumplieron a\u00f1os durante los primeros meses de 2026.<\/p>\n\n\n\n<figure class=\"wp-block-image size-full\"><img decoding=\"async\" src=\"data:image\/gif;base64,R0lGODlhAQABAIAAAAAAAP\/\/\/ywAAAAAAQABAAACAUwAOw==\" fifu-lazy=\"1\" fifu-data-sizes=\"auto\" fifu-data-srcset=\"https:\/\/i0.wp.com\/chacosintesis.com.ar\/wp-content\/uploads\/2026\/04\/WhatsApp-Image-2026-04-29-at-16.05.00.jpeg?ssl=1&w=75&resize=75&ssl=1 75w, https:\/\/i0.wp.com\/chacosintesis.com.ar\/wp-content\/uploads\/2026\/04\/WhatsApp-Image-2026-04-29-at-16.05.00.jpeg?ssl=1&w=100&resize=100&ssl=1 100w, https:\/\/i0.wp.com\/chacosintesis.com.ar\/wp-content\/uploads\/2026\/04\/WhatsApp-Image-2026-04-29-at-16.05.00.jpeg?ssl=1&w=150&resize=150&ssl=1 150w, https:\/\/i0.wp.com\/chacosintesis.com.ar\/wp-content\/uploads\/2026\/04\/WhatsApp-Image-2026-04-29-at-16.05.00.jpeg?ssl=1&w=240&resize=240&ssl=1 240w, https:\/\/i0.wp.com\/chacosintesis.com.ar\/wp-content\/uploads\/2026\/04\/WhatsApp-Image-2026-04-29-at-16.05.00.jpeg?ssl=1&w=320&resize=320&ssl=1 320w, https:\/\/i0.wp.com\/chacosintesis.com.ar\/wp-content\/uploads\/2026\/04\/WhatsApp-Image-2026-04-29-at-16.05.00.jpeg?ssl=1&w=500&resize=500&ssl=1 500w, https:\/\/i0.wp.com\/chacosintesis.com.ar\/wp-content\/uploads\/2026\/04\/WhatsApp-Image-2026-04-29-at-16.05.00.jpeg?ssl=1&w=640&resize=640&ssl=1 640w, https:\/\/i0.wp.com\/chacosintesis.com.ar\/wp-content\/uploads\/2026\/04\/WhatsApp-Image-2026-04-29-at-16.05.00.jpeg?ssl=1&w=800&resize=800&ssl=1 800w, https:\/\/i0.wp.com\/chacosintesis.com.ar\/wp-content\/uploads\/2026\/04\/WhatsApp-Image-2026-04-29-at-16.05.00.jpeg?ssl=1&w=1024&resize=1024&ssl=1 1024w, https:\/\/i0.wp.com\/chacosintesis.com.ar\/wp-content\/uploads\/2026\/04\/WhatsApp-Image-2026-04-29-at-16.05.00.jpeg?ssl=1&w=1280&resize=1280&ssl=1 1280w, https:\/\/i0.wp.com\/chacosintesis.com.ar\/wp-content\/uploads\/2026\/04\/WhatsApp-Image-2026-04-29-at-16.05.00.jpeg?ssl=1&w=1600&resize=1600&ssl=1 1600w\" fifu-data-src=\"https:\/\/i0.wp.com\/chacosintesis.com.ar\/wp-content\/uploads\/2026\/04\/WhatsApp-Image-2026-04-29-at-16.05.00.jpeg?ssl=1\" alt=\"\" class=\"wp-image-221808\"\/><\/figure>\n\n\n\n<p>Durante la jornada, Ana Bonillo destac\u00f3 la importancia de este tipo de iniciativas que fortalecen los v\u00ednculos sociales y promueven el bienestar integral de los Adultos Mayores. Asimismo, agradeci\u00f3 al intendente Bruno Cipolini por el acompa\u00f1amiento permanente a las actividades del \u00e1rea.<br>Desde el municipio se contin\u00faa trabajando en la generaci\u00f3n de espacios que favorezcan una vida activa, saludable y plena para los Adultos Mayores, reconociendo su valor en la comunidad.<br>Quienes deseen sumarse a las actividades pueden comunicarse al 3644-523941.<\/p>\n","protected":false},"excerpt":{"rendered":"<p>En un clima de emoci\u00f3n y compa\u00f1erismo, los Adultos Mayores participaron de una jornada especial en la que celebraron los cumplea\u00f1os de quienes forman parte de las distintas actividades impulsadas por el \u00e1rea municipal. El encuentro se desarroll\u00f3 durante la jornada del mi\u00e9rcoles en el camping del Centro de Empleados de Comercio, con la presencia [&hellip;]<\/p>\n","protected":false},"author":10001,"featured_media":221809,"comment_status":"closed","ping_status":"closed","sticky":false,"template":"","format":"standard","meta":{"footnotes":""},"categories":[6],"tags":[628],"class_list":{"0":"post-221807","1":"post","2":"type-post","3":"status-publish","4":"format-standard","5":"has-post-thumbnail","7":"category-chaco","8":"tag-saenzpena"},"_links":{"self":[{"href":"https:\/\/chacosintesis.com.ar\/index.php\/wp-json\/wp\/v2\/posts\/221807","targetHints":{"allow":["GET"]}}],"collection":[{"href":"https:\/\/chacosintesis.com.ar\/index.php\/wp-json\/wp\/v2\/posts"}],"about":[{"href":"https:\/\/chacosintesis.com.ar\/index.php\/wp-json\/wp\/v2\/types\/post"}],"author":[{"embeddable":true,"href":"https:\/\/chacosintesis.com.ar\/index.php\/wp-json\/wp\/v2\/users\/10001"}],"replies":[{"embeddable":true,"href":"https:\/\/chacosintesis.com.ar\/index.php\/wp-json\/wp\/v2\/comments?post=221807"}],"version-history":[{"count":1,"href":"https:\/\/chacosintesis.com.ar\/index.php\/wp-json\/wp\/v2\/posts\/221807\/revisions"}],"predecessor-version":[{"id":221812,"href":"https:\/\/chacosintesis.com.ar\/index.php\/wp-json\/wp\/v2\/posts\/221807\/revisions\/221812"}],"wp:featuredmedia":[{"embeddable":true,"href":"https:\/\/chacosintesis.com.ar\/index.php\/wp-json\/wp\/v2\/media\/221809"}],"wp:attachment":[{"href":"https:\/\/chacosintesis.com.ar\/index.php\/wp-json\/wp\/v2\/media?parent=221807"}],"wp:term":[{"taxonomy":"category","embeddable":true,"href":"https:\/\/chacosintesis.com.ar\/index.php\/wp-json\/wp\/v2\/categories?post=221807"},{"taxonomy":"post_tag","embeddable":true,"href":"https:\/\/chacosintesis.com.ar\/index.php\/wp-json\/wp\/v2\/tags?post=221807"}],"curies":[{"name":"wp","href":"https:\/\/api.w.org\/{rel}","templated":true}]}}