{"id":221757,"date":"2026-04-30T14:03:13","date_gmt":"2026-04-30T17:03:13","guid":{"rendered":"https:\/\/chacosintesis.com.ar\/index.php\/el-emotivo-saludo-de-diego-torres-a-angela-por-su-nominacion-a-los-premios-gardel_a69f359e17825f88153ac1579\/"},"modified":"2026-04-30T14:03:13","modified_gmt":"2026-04-30T17:03:13","slug":"el-emotivo-saludo-de-diego-torres-a-angela-por-su-nominacion-a-los-premios-gardel_a69f359e17825f88153ac1579","status":"publish","type":"post","link":"https:\/\/chacosintesis.com.ar\/index.php\/el-emotivo-saludo-de-diego-torres-a-angela-por-su-nominacion-a-los-premios-gardel_a69f359e17825f88153ac1579\/","title":{"rendered":"El emotivo saludo de Diego Torres a \u00c1ngela por su nominaci\u00f3n a los Premios Gardel"},"content":{"rendered":"<p><\/p>\n<div itemprop=\"articleBody\">\n<p><a href=\"\/\"><strong>Buenos Aires, 29 abril (NA) <\/strong><\/a>\u2013 El cantante<strong> Diego Torres<\/strong> comparti\u00f3 un emotivo posteo en sus redes sociales, agradeciendo a los <strong>Premios Gardel <\/strong>por su nominaci\u00f3n. En una de las im\u00e1genes que difundi\u00f3, resalt\u00f3 una gran felicitaci\u00f3n a su sobrina <strong>\u00c1ngela Torres<\/strong>, tambi\u00e9n nominada en la premiaci\u00f3n que destaca los mejores proyectos argentinos de este \u00faltimo a\u00f1o.<\/p>\n<p>Seg\u00fan supo la <strong>Agencia Noticias Argentinas<\/strong>, ambos artistas coinciden en la categor\u00eda \u2018<strong>Mejor \u00c1lbum Artista Pop<\/strong>\u2019 de la premiaci\u00f3n que se llevar\u00e1 a cabo el pr\u00f3ximo martes 26 de mayo.\u00a0<\/p>\n<p>Diego Torres, reconocido m\u00fasico, felicit\u00f3 el gran crecimiento art\u00edstico de su sobrina, quien hizo historia con 3 nominaciones a los Premios Gardel 2026.\u00a0<\/p>\n<p style=\"--ipspy: __IP__;color: __IP__;text-decoration: __IP__;\" alt=\"__IP__\" data-ipspy=\"__IP__\" title=\"__IP__\"><strong>&#8220;Felicitaciones, sobrina. Estamos nominados los dos. Qu\u00e9 feliz estar\u00eda la abuela por esto&#8221;<\/strong>, expres\u00f3 el cantante en sus redes sociales.\u00a0<span style=\"opacity: 0;\" data-nosnippet=\"\">__IP__<\/span><\/p>\n<p><tadevel-ad  class=\"block-4d\" slot-id=\"article-inline-01\"\/><\/p>\n<figure class=\"multimedia\" data-tadevel-template=\"web\/multimedia\" data-type=\"photo\">\n<div class=\"content\">\n<div class=\"sizer\" data-sizer=\"aspect-ratio\" data-tadevel-template=\"web\/aspect-ratio\" style=\"--aspect-ratio:65.36098310291858%;\"><picture data-tadevel-template=\"web\/picture\"><\/source><\/picture><\/div>\n<\/div>\n<\/figure>\n<p>En el mismo posteo, escribi\u00f3 un agradecimiento a los Premios Gardel: <span>\u201cGracias <\/span><a rel=\"noopener nofollow\" href=\"https:\/\/www.instagram.com\/premiosgardel\/\" target=\"_blank\">@premiosgardel<\/a><span> por esta nominaci\u00f3n tan especial! <\/span>Muy feliz por Mi Norte &amp; Mi Sur y por todo lo que este \u00e1lbum sigue generando. Por valorar el trabajo puesto en cada canci\u00f3n y porque la m\u00fasica siga viajando y llegando al coraz\u00f3n de tanta gente. Felicitaciones a todos los artistas nominados!\u201d.<\/p>\n<p><a href=\"\/-agenciana_t6916e70a4551e78eb9423f59\">#AgenciaNA<\/a>\u00a0<\/p>\n<\/div>\n<p><script async src=\"\/\/www.instagram.com\/embed.js\"><\/script><br \/>\n<img decoding=\"async\" src=\"data:image\/gif;base64,R0lGODlhAQABAIAAAAAAAP\/\/\/ywAAAAAAQABAAACAUwAOw==\" fifu-lazy=\"1\" fifu-data-sizes=\"auto\" fifu-data-srcset=\"https:\/\/i0.wp.com\/chacosintesis.com.ar\/wp-content\/uploads\/2026\/04\/El-emotivo-saludo-de-Diego-Torres-a-Angela-por-su.jpeg?ssl=1&w=75&resize=75&ssl=1 75w, https:\/\/i0.wp.com\/chacosintesis.com.ar\/wp-content\/uploads\/2026\/04\/El-emotivo-saludo-de-Diego-Torres-a-Angela-por-su.jpeg?ssl=1&w=100&resize=100&ssl=1 100w, https:\/\/i0.wp.com\/chacosintesis.com.ar\/wp-content\/uploads\/2026\/04\/El-emotivo-saludo-de-Diego-Torres-a-Angela-por-su.jpeg?ssl=1&w=150&resize=150&ssl=1 150w, https:\/\/i0.wp.com\/chacosintesis.com.ar\/wp-content\/uploads\/2026\/04\/El-emotivo-saludo-de-Diego-Torres-a-Angela-por-su.jpeg?ssl=1&w=240&resize=240&ssl=1 240w, https:\/\/i0.wp.com\/chacosintesis.com.ar\/wp-content\/uploads\/2026\/04\/El-emotivo-saludo-de-Diego-Torres-a-Angela-por-su.jpeg?ssl=1&w=320&resize=320&ssl=1 320w, https:\/\/i0.wp.com\/chacosintesis.com.ar\/wp-content\/uploads\/2026\/04\/El-emotivo-saludo-de-Diego-Torres-a-Angela-por-su.jpeg?ssl=1&w=500&resize=500&ssl=1 500w, https:\/\/i0.wp.com\/chacosintesis.com.ar\/wp-content\/uploads\/2026\/04\/El-emotivo-saludo-de-Diego-Torres-a-Angela-por-su.jpeg?ssl=1&w=640&resize=640&ssl=1 640w, https:\/\/i0.wp.com\/chacosintesis.com.ar\/wp-content\/uploads\/2026\/04\/El-emotivo-saludo-de-Diego-Torres-a-Angela-por-su.jpeg?ssl=1&w=800&resize=800&ssl=1 800w, https:\/\/i0.wp.com\/chacosintesis.com.ar\/wp-content\/uploads\/2026\/04\/El-emotivo-saludo-de-Diego-Torres-a-Angela-por-su.jpeg?ssl=1&w=1024&resize=1024&ssl=1 1024w, https:\/\/i0.wp.com\/chacosintesis.com.ar\/wp-content\/uploads\/2026\/04\/El-emotivo-saludo-de-Diego-Torres-a-Angela-por-su.jpeg?ssl=1&w=1280&resize=1280&ssl=1 1280w, https:\/\/i0.wp.com\/chacosintesis.com.ar\/wp-content\/uploads\/2026\/04\/El-emotivo-saludo-de-Diego-Torres-a-Angela-por-su.jpeg?ssl=1&w=1600&resize=1600&ssl=1 1600w\" fifu-data-src=\"https:\/\/i0.wp.com\/chacosintesis.com.ar\/wp-content\/uploads\/2026\/04\/El-emotivo-saludo-de-Diego-Torres-a-Angela-por-su.jpeg?ssl=1\"><\/p>\n<p>Noticias Argentinas<\/p>\n","protected":false},"excerpt":{"rendered":"<p>Buenos Aires, 29 abril (NA) \u2013 El cantante Diego Torres comparti\u00f3 un emotivo posteo en sus redes sociales, agradeciendo a los Premios Gardel por su nominaci\u00f3n. En una de las im\u00e1genes que difundi\u00f3, resalt\u00f3 una gran felicitaci\u00f3n a su sobrina \u00c1ngela Torres, tambi\u00e9n nominada en la premiaci\u00f3n que destaca los mejores proyectos argentinos de este [&hellip;]<\/p>\n","protected":false},"author":1,"featured_media":221768,"comment_status":"closed","ping_status":"","sticky":false,"template":"","format":"standard","meta":{"footnotes":""},"categories":[188],"tags":[],"class_list":{"0":"post-221757","1":"post","2":"type-post","3":"status-publish","4":"format-standard","5":"has-post-thumbnail","7":"category-farandula"},"_links":{"self":[{"href":"https:\/\/chacosintesis.com.ar\/index.php\/wp-json\/wp\/v2\/posts\/221757","targetHints":{"allow":["GET"]}}],"collection":[{"href":"https:\/\/chacosintesis.com.ar\/index.php\/wp-json\/wp\/v2\/posts"}],"about":[{"href":"https:\/\/chacosintesis.com.ar\/index.php\/wp-json\/wp\/v2\/types\/post"}],"author":[{"embeddable":true,"href":"https:\/\/chacosintesis.com.ar\/index.php\/wp-json\/wp\/v2\/users\/1"}],"replies":[{"embeddable":true,"href":"https:\/\/chacosintesis.com.ar\/index.php\/wp-json\/wp\/v2\/comments?post=221757"}],"version-history":[{"count":0,"href":"https:\/\/chacosintesis.com.ar\/index.php\/wp-json\/wp\/v2\/posts\/221757\/revisions"}],"wp:featuredmedia":[{"embeddable":true,"href":"https:\/\/chacosintesis.com.ar\/index.php\/wp-json\/wp\/v2\/media\/221768"}],"wp:attachment":[{"href":"https:\/\/chacosintesis.com.ar\/index.php\/wp-json\/wp\/v2\/media?parent=221757"}],"wp:term":[{"taxonomy":"category","embeddable":true,"href":"https:\/\/chacosintesis.com.ar\/index.php\/wp-json\/wp\/v2\/categories?post=221757"},{"taxonomy":"post_tag","embeddable":true,"href":"https:\/\/chacosintesis.com.ar\/index.php\/wp-json\/wp\/v2\/tags?post=221757"}],"curies":[{"name":"wp","href":"https:\/\/api.w.org\/{rel}","templated":true}]}}