{"id":221716,"date":"2026-04-30T12:05:08","date_gmt":"2026-04-30T15:05:08","guid":{"rendered":"http:\/\/chacosintesis.com.ar\/index.php\/mayo-llega-con-un-aumento-del-56-en-las-tarifas-de-gas\/"},"modified":"2026-04-30T12:05:08","modified_gmt":"2026-04-30T15:05:08","slug":"mayo-llega-con-un-aumento-del-56-en-las-tarifas-de-gas","status":"publish","type":"post","link":"https:\/\/chacosintesis.com.ar\/index.php\/mayo-llega-con-un-aumento-del-56-en-las-tarifas-de-gas\/","title":{"rendered":"Mayo llega con un aumento del 5,6% en las tarifas de gas"},"content":{"rendered":"<p><\/p>\n<div>\n<aside class=\"scaip scaip-1    \">\n\t\t<\/aside>\n<p>El Gobierno nacional oficializ\u00f3 un<strong> incremento promedio del 5,6% en las tarifas de gas natural<\/strong> que entrar\u00e1 en vigencia este 1 de mayo. La resoluci\u00f3n, publicada tras la aprobaci\u00f3n de los nuevos cuadros tarifarios por parte del <strong>Ente Nacional Regulador del Gas (ENARGAS)<\/strong>, afecta a<strong> todas las categor\u00edas de usuarios<\/strong>, incluyendo los niveles de segmentaci\u00f3n por<strong> ingresos N1, N2 y N3<\/strong>. <\/p>\n<p><strong>En Mendoza y la zona de Cuyo, las distribuidoras locales ya preparan los sistemas para procesar las lecturas de medidores con los montos actualizados.<\/strong><\/p>\n<aside class=\"scaip scaip-2    \">\n\t\t<\/aside>\n<p>Este ajuste responde a la f\u00f3rmula de actualizaci\u00f3n mensual que busca compensar las variaciones en los costos de las empresas distribuidoras y transportistas.<\/p>\n<p>El impacto en las boletas finales variar\u00e1 seg\u00fan la regi\u00f3n y el nivel de consumo de cada hogar. <\/p>\n<aside class=\"scaip scaip-3    \">\n\t\t<\/aside>\n<p>Para un usuario de ingresos altos (Nivel 1), el incremento se reflejar\u00e1 principalmente en el componente de distribuci\u00f3n, mientras que los sectores de ingresos bajos (Nivel 2) y medios (Nivel 3) mantendr\u00e1n parte de los subsidios en el precio del gas en boca de pozo, aunque sentir\u00e1n el peso del ajuste en los servicios de transporte. <\/p>\n<p>Las empresas prestadoras ya recibieron la instrucci\u00f3n de aplicar los nuevos valores en los ciclos de facturaci\u00f3n que comiencen este viernes.<\/p>\n<aside class=\"scaip scaip-4    \">\n\t\t<\/aside>\n<p>La medida se suma al proceso de normalizaci\u00f3n de las tarifas energ\u00e9ticas que impulsa el Ministerio de Econom\u00eda. Seg\u00fan fuentes oficiales, este incremento del 5,6% es menor al aplicado en meses anteriores, pero resulta clave para sostener las inversiones en infraestructura y asegurar el suministro durante los meses de mayor demanda invernal. <\/p>\n<p>Los comercios y las peque\u00f1as industrias tambi\u00e9n ver\u00e1n reflejado el ajuste en sus costos operativos. El Gobierno nacional mantiene firme su pol\u00edtica de reducci\u00f3n de subsidios estatales para alcanzar el equilibrio fiscal, trasladando de forma gradual el costo real de la energ\u00eda al consumidor final. <\/p>\n<p>Se espera que en los pr\u00f3ximos d\u00edas se publiquen detalles adicionales sobre posibles bonificaciones para usuarios electrointensivos o <strong>zonas con beneficios de \u201cZona Fr\u00eda\u201d<\/strong>, aunque el aumento de mayo rige de manera generalizada para todo el sistema nacional.<\/p>\n<p><h3 class=\"jp-relatedposts-headline\"><em>M\u00c1S NOTICIAS:<\/em><\/h3>\n<\/p>\n<section id=\"block-24\" class=\"below-content widget widget_block\"\/>\t<\/div>\n","protected":false},"excerpt":{"rendered":"<p>El Gobierno nacional oficializ\u00f3 un incremento promedio del 5,6% en las tarifas de gas natural que entrar\u00e1 en vigencia este 1 de mayo. La resoluci\u00f3n, publicada tras la aprobaci\u00f3n de los nuevos cuadros tarifarios por parte del Ente Nacional Regulador del Gas (ENARGAS), afecta a todas las categor\u00edas de usuarios, incluyendo los niveles de segmentaci\u00f3n [&hellip;]<\/p>\n","protected":false},"author":1,"featured_media":221730,"comment_status":"","ping_status":"","sticky":false,"template":"","format":"standard","meta":{"footnotes":""},"categories":[8],"tags":[],"class_list":{"0":"post-221716","1":"post","2":"type-post","3":"status-publish","4":"format-standard","5":"has-post-thumbnail","7":"category-nacionales"},"_links":{"self":[{"href":"https:\/\/chacosintesis.com.ar\/index.php\/wp-json\/wp\/v2\/posts\/221716","targetHints":{"allow":["GET"]}}],"collection":[{"href":"https:\/\/chacosintesis.com.ar\/index.php\/wp-json\/wp\/v2\/posts"}],"about":[{"href":"https:\/\/chacosintesis.com.ar\/index.php\/wp-json\/wp\/v2\/types\/post"}],"author":[{"embeddable":true,"href":"https:\/\/chacosintesis.com.ar\/index.php\/wp-json\/wp\/v2\/users\/1"}],"replies":[{"embeddable":true,"href":"https:\/\/chacosintesis.com.ar\/index.php\/wp-json\/wp\/v2\/comments?post=221716"}],"version-history":[{"count":0,"href":"https:\/\/chacosintesis.com.ar\/index.php\/wp-json\/wp\/v2\/posts\/221716\/revisions"}],"wp:featuredmedia":[{"embeddable":true,"href":"https:\/\/chacosintesis.com.ar\/index.php\/wp-json\/wp\/v2\/media\/221730"}],"wp:attachment":[{"href":"https:\/\/chacosintesis.com.ar\/index.php\/wp-json\/wp\/v2\/media?parent=221716"}],"wp:term":[{"taxonomy":"category","embeddable":true,"href":"https:\/\/chacosintesis.com.ar\/index.php\/wp-json\/wp\/v2\/categories?post=221716"},{"taxonomy":"post_tag","embeddable":true,"href":"https:\/\/chacosintesis.com.ar\/index.php\/wp-json\/wp\/v2\/tags?post=221716"}],"curies":[{"name":"wp","href":"https:\/\/api.w.org\/{rel}","templated":true}]}}