{"id":221697,"date":"2026-04-30T12:03:12","date_gmt":"2026-04-30T15:03:12","guid":{"rendered":"https:\/\/chacosintesis.com.ar\/index.php\/delegacion-de-iran-abandona-canada-tras-incidente-migratorio-y-no-participara-del-congreso-de-la-fifa\/"},"modified":"2026-04-30T12:03:12","modified_gmt":"2026-04-30T15:03:12","slug":"delegacion-de-iran-abandona-canada-tras-incidente-migratorio-y-no-participara-del-congreso-de-la-fifa","status":"publish","type":"post","link":"https:\/\/chacosintesis.com.ar\/index.php\/delegacion-de-iran-abandona-canada-tras-incidente-migratorio-y-no-participara-del-congreso-de-la-fifa\/","title":{"rendered":"Delegaci\u00f3n de Ir\u00e1n abandona Canad\u00e1 tras incidente migratorio y no participar\u00e1 del Congreso de la FIFA"},"content":{"rendered":"<p><\/p>\n<div>\t\t<!-- { REGION4 --> <\/p>\n<header class=\"news-headline\">\n<h2 class=\"news-headline__article-summary\">\t\t<\/h2>\n<p id=\"p-1777554916928-92561\" class=\"ignore-parser\">Funcionarios del f\u00fatbol iran\u00ed denunciaron maltrato en el aeropuerto de Toronto y regresaron a Turqu\u00eda, lo que suma incertidumbre de cara a la Copa del Mundo 2026.<\/p>\n<\/header>\n<div class=\"detail-highlighted-multimedia content-protected-false\">\n<figure class=\"detail-highlighted-multimedia__figure\">  <img loading=\"lazy\" loading=\"lazy\" decoding=\"async\" src=\"data:image\/gif;base64,R0lGODlhAQABAIAAAAAAAP\/\/\/ywAAAAAAQABAAACAUwAOw==\" fifu-lazy=\"1\" fifu-data-sizes=\"auto\" fifu-data-srcset=\"https:\/\/i2.wp.com\/chacosintesis.com.ar\/wp-content\/uploads\/2026\/04\/Delegacion-de-Iran-abandona-Canada-tras-incidente-migratorio-y-no.jpg?ssl=1&w=75&resize=75&ssl=1 75w, https:\/\/i2.wp.com\/chacosintesis.com.ar\/wp-content\/uploads\/2026\/04\/Delegacion-de-Iran-abandona-Canada-tras-incidente-migratorio-y-no.jpg?ssl=1&w=100&resize=100&ssl=1 100w, https:\/\/i2.wp.com\/chacosintesis.com.ar\/wp-content\/uploads\/2026\/04\/Delegacion-de-Iran-abandona-Canada-tras-incidente-migratorio-y-no.jpg?ssl=1&w=150&resize=150&ssl=1 150w, https:\/\/i2.wp.com\/chacosintesis.com.ar\/wp-content\/uploads\/2026\/04\/Delegacion-de-Iran-abandona-Canada-tras-incidente-migratorio-y-no.jpg?ssl=1&w=240&resize=240&ssl=1 240w, https:\/\/i2.wp.com\/chacosintesis.com.ar\/wp-content\/uploads\/2026\/04\/Delegacion-de-Iran-abandona-Canada-tras-incidente-migratorio-y-no.jpg?ssl=1&w=320&resize=320&ssl=1 320w, https:\/\/i2.wp.com\/chacosintesis.com.ar\/wp-content\/uploads\/2026\/04\/Delegacion-de-Iran-abandona-Canada-tras-incidente-migratorio-y-no.jpg?ssl=1&w=500&resize=500&ssl=1 500w, https:\/\/i2.wp.com\/chacosintesis.com.ar\/wp-content\/uploads\/2026\/04\/Delegacion-de-Iran-abandona-Canada-tras-incidente-migratorio-y-no.jpg?ssl=1&w=640&resize=640&ssl=1 640w, https:\/\/i2.wp.com\/chacosintesis.com.ar\/wp-content\/uploads\/2026\/04\/Delegacion-de-Iran-abandona-Canada-tras-incidente-migratorio-y-no.jpg?ssl=1&w=800&resize=800&ssl=1 800w, https:\/\/i2.wp.com\/chacosintesis.com.ar\/wp-content\/uploads\/2026\/04\/Delegacion-de-Iran-abandona-Canada-tras-incidente-migratorio-y-no.jpg?ssl=1&w=1024&resize=1024&ssl=1 1024w, https:\/\/i2.wp.com\/chacosintesis.com.ar\/wp-content\/uploads\/2026\/04\/Delegacion-de-Iran-abandona-Canada-tras-incidente-migratorio-y-no.jpg?ssl=1&w=1280&resize=1280&ssl=1 1280w, https:\/\/i2.wp.com\/chacosintesis.com.ar\/wp-content\/uploads\/2026\/04\/Delegacion-de-Iran-abandona-Canada-tras-incidente-migratorio-y-no.jpg?ssl=1&w=1600&resize=1600&ssl=1 1600w\" fifu-data-src=\"https:\/\/i2.wp.com\/chacosintesis.com.ar\/wp-content\/uploads\/2026\/04\/Delegacion-de-Iran-abandona-Canada-tras-incidente-migratorio-y-no.jpg?ssl=1\" class=\"detail-highlighted-multimedia__figure-img img-fluid\" alt=\"Ir\u00e1n se planta ante la FIFA\u00a0\" width=\"655\" height=\"368\"\/><figcaption class=\"detail-highlighted-multimedia__figcaption\">  <\/figcaption><\/figure>\n<\/p><\/div>\n<article class=\"article-body article-body--first-paragraph content-protected-false\" data-td-script-src=\"https:\/\/www.ambito.com\/td\/modulos\/encuestas\/js\/function-embeds-min-version-1777435597.js\">\n<p id=\"p-1777554994385-7153\" data-start=\"369\" data-end=\"695\">Una delegaci\u00f3n de la federaci\u00f3n de<a href=\"https:\/\/www.ambito.com\/mundo\/la-guerra-iran-le-cuesta-la-union-europea-500-millones-euros-diarios-n6272346\" target=\"_blank\" rel=\"follow\"> f\u00fatbol de Ir\u00e1n <\/a>decidi\u00f3 interrumpir su viaje a <strong data-start=\"454\" data-end=\"464\">Canad\u00e1<\/strong> y regresar de inmediato tras un conflicto con autoridades migratorias en el aeropuerto de <strong data-start=\"555\" data-end=\"566\">Toronto<\/strong>. El grupo ten\u00eda previsto asistir al Congreso de la <strong data-start=\"618\" data-end=\"626\">FIFA<\/strong> en <strong data-start=\"630\" data-end=\"643\">Vancouver<\/strong>, una reuni\u00f3n clave en la antesala del Mundial 2026.<\/p>\n<\/article>\n<section class=\"suscription-false printed-edition\" style=\"display:none\">\n<p> El contenido al que quiere acceder es exclusivo para suscriptores.<\/p>\n<p>  <span> <button type=\"button\" name=\"button\" class=\"subscribe-btn mercadopago-btn\">suscribirse<\/button><\/span>  <span class=\"btns\"><button type=\"button\" name=\"button\" class=\"subscribe-btn reload-login\"> ya estoy suscripto<\/button><\/span>  <\/p>\n<\/section>\n<article class=\"article-body article-body--second-paragraph content-protected-false\">\n<p id=\"p-1777554994385-45509\" data-start=\"697\" data-end=\"1077\">Entre los funcionarios se encontraban el presidente <strong data-start=\"749\" data-end=\"762\">Mehdi Taj<\/strong>, el secretario general <strong data-start=\"786\" data-end=\"805\">Hedayat Mombeni<\/strong> y su adjunto <strong data-start=\"819\" data-end=\"835\">Hamed Momeni<\/strong>, quienes, pese a contar con visas oficiales, denunciaron un \u201ccomportamiento inaceptable\u201d por parte del personal de inmigraci\u00f3n. Seg\u00fan medios iran\u00edes, el incidente incluy\u00f3 comentarios considerados ofensivos hacia las fuerzas armadas del pa\u00eds.<\/p>\n<\/article>\n<section class=\"related-news\">\n<div class=\"row row--eq-height\">\n<div class=\"col-12 col-md-6\">\n<article class=\"news-article news-article--landscape-news news-article--landscape-news\">\n<figure class=\"news-article__figure figure\">\t\t<a href=\"https:\/\/www.ambito.com\/deportes\/mundial-2026-todo-lo-que-tenes-que-saber-la-nueva-cancion-la-competencia-n6271419\" target=\"\" title=\"\u00e1mbito.com | Mundial 2026: todo lo que ten\u00e9s que saber sobre la nueva canci\u00f3n de la competencia\" alt=\"\u00e1mbito.com | Mundial 2026: todo lo que ten\u00e9s que saber sobre la nueva canci\u00f3n de la competencia\" rel=\"noindex nofollow noreferrer\"><br \/>\n\t\t\t\t\t\t\t\t\t\t\t<img loading=\"lazy\" loading=\"lazy\" decoding=\"async\" src=\"data:image\/gif;base64,R0lGODlhAQABAIAAAAAAAP\/\/\/ywAAAAAAQABAAACAUwAOw==\" fifu-lazy=\"1\" fifu-data-sizes=\"auto\" fifu-data-srcset=\"https:\/\/i3.wp.com\/chacosintesis.com.ar\/wp-content\/uploads\/2026\/04\/Delegacion-de-Iran-abandona-Canada-tras-incidente-migratorio-y-no.png?ssl=1&w=75&resize=75&ssl=1 75w, https:\/\/i3.wp.com\/chacosintesis.com.ar\/wp-content\/uploads\/2026\/04\/Delegacion-de-Iran-abandona-Canada-tras-incidente-migratorio-y-no.png?ssl=1&w=100&resize=100&ssl=1 100w, https:\/\/i3.wp.com\/chacosintesis.com.ar\/wp-content\/uploads\/2026\/04\/Delegacion-de-Iran-abandona-Canada-tras-incidente-migratorio-y-no.png?ssl=1&w=150&resize=150&ssl=1 150w, https:\/\/i3.wp.com\/chacosintesis.com.ar\/wp-content\/uploads\/2026\/04\/Delegacion-de-Iran-abandona-Canada-tras-incidente-migratorio-y-no.png?ssl=1&w=240&resize=240&ssl=1 240w, https:\/\/i3.wp.com\/chacosintesis.com.ar\/wp-content\/uploads\/2026\/04\/Delegacion-de-Iran-abandona-Canada-tras-incidente-migratorio-y-no.png?ssl=1&w=320&resize=320&ssl=1 320w, https:\/\/i3.wp.com\/chacosintesis.com.ar\/wp-content\/uploads\/2026\/04\/Delegacion-de-Iran-abandona-Canada-tras-incidente-migratorio-y-no.png?ssl=1&w=500&resize=500&ssl=1 500w, https:\/\/i3.wp.com\/chacosintesis.com.ar\/wp-content\/uploads\/2026\/04\/Delegacion-de-Iran-abandona-Canada-tras-incidente-migratorio-y-no.png?ssl=1&w=640&resize=640&ssl=1 640w, https:\/\/i3.wp.com\/chacosintesis.com.ar\/wp-content\/uploads\/2026\/04\/Delegacion-de-Iran-abandona-Canada-tras-incidente-migratorio-y-no.png?ssl=1&w=800&resize=800&ssl=1 800w, https:\/\/i3.wp.com\/chacosintesis.com.ar\/wp-content\/uploads\/2026\/04\/Delegacion-de-Iran-abandona-Canada-tras-incidente-migratorio-y-no.png?ssl=1&w=1024&resize=1024&ssl=1 1024w, https:\/\/i3.wp.com\/chacosintesis.com.ar\/wp-content\/uploads\/2026\/04\/Delegacion-de-Iran-abandona-Canada-tras-incidente-migratorio-y-no.png?ssl=1&w=1280&resize=1280&ssl=1 1280w, https:\/\/i3.wp.com\/chacosintesis.com.ar\/wp-content\/uploads\/2026\/04\/Delegacion-de-Iran-abandona-Canada-tras-incidente-migratorio-y-no.png?ssl=1&w=1600&resize=1600&ssl=1 1600w\" fifu-data-src=\"https:\/\/i3.wp.com\/chacosintesis.com.ar\/wp-content\/uploads\/2026\/04\/Delegacion-de-Iran-abandona-Canada-tras-incidente-migratorio-y-no.png?ssl=1\" alt=\"Falta poco para la Copa del Mundo de f\u00fatbol y la ilusi\u00f3n est\u00e1 intacta.\" title=\"Falta poco para la Copa del Mundo de f\u00fatbol y la ilusi\u00f3n est\u00e1 intacta.\" width=\"93\" height=\"52\" class=\"news-article__figure-img figure-img img-fluid\"\/>\t\t<\/a><\/figure>\n<\/article><\/div>\n<\/div>\n<\/section>\n<article class=\"article-body article-body--third-paragraph content-protected-false\">\n<h2 id=\"p-1777554994385-95104\" data-start=\"1079\" data-end=\"1131\">Restricciones, pol\u00edtica y dudas rumbo al Mundial<\/h2>\n<p id=\"p-1777554994385-68563\" data-start=\"1133\" data-end=\"1526\">El episodio vuelve a poner en foco las tensiones pol\u00edticas que rodean la participaci\u00f3n de <strong data-start=\"1223\" data-end=\"1231\">Ir\u00e1n<\/strong> en la pr\u00f3xima <strong data-start=\"1246\" data-end=\"1264\">Copa del Mundo<\/strong>, que se disputar\u00e1 en <strong data-start=\"1286\" data-end=\"1304\">Estados Unidos<\/strong>, <strong data-start=\"1306\" data-end=\"1316\">Canad\u00e1<\/strong> y <strong data-start=\"1319\" data-end=\"1329\">M\u00e9xico<\/strong>. Desde el gobierno canadiense recordaron que los miembros del <strong data-start=\"1392\" data-end=\"1440\">Cuerpo de la Guardia Revolucionaria Isl\u00e1mica<\/strong> no son admitidos en el pa\u00eds, organizaci\u00f3n que fue catalogada como terrorista en 2024.<\/p>\n<\/article>\n<article class=\"article-body article-body--fourth-paragraph content-protected-false\">\n<div contenteditable=\"false\" class=\"embed_cont type_imagen\" id=\"8212567-Libre-641841153_wrap\">\n<p>infantino iran <span onclick=\"parent.parent.TinyMCETdcuerpo.preview_embed('8212567-Libre-641841153')\" class=\"embed_colapse less\" id=\"8212567-Libre-641841153_colapse\"\/>  <span onclick=\"parent.parent.TinyMCETdcuerpo.delete_embed('8212567-Libre-641841153')\" class=\"embed_delete less\" id=\"8212567-Libre-641841153_delete\"\/><\/p>\n<div id=\"8212567-Libre-641841153_content\" class=\"embed_content\"><img fetchpriority=\"high\" decoding=\"async\" src=\"data:image\/gif;base64,R0lGODlhAQABAIAAAAAAAP\/\/\/ywAAAAAAQABAAACAUwAOw==\" fifu-lazy=\"1\" fifu-data-sizes=\"auto\" fifu-data-srcset=\"https:\/\/i1.wp.com\/chacosintesis.com.ar\/wp-content\/uploads\/2026\/04\/1777561392_160_Delegacion-de-Iran-abandona-Canada-tras-incidente-migratorio-y-no.png?ssl=1&w=75&resize=75&ssl=1 75w, https:\/\/i1.wp.com\/chacosintesis.com.ar\/wp-content\/uploads\/2026\/04\/1777561392_160_Delegacion-de-Iran-abandona-Canada-tras-incidente-migratorio-y-no.png?ssl=1&w=100&resize=100&ssl=1 100w, https:\/\/i1.wp.com\/chacosintesis.com.ar\/wp-content\/uploads\/2026\/04\/1777561392_160_Delegacion-de-Iran-abandona-Canada-tras-incidente-migratorio-y-no.png?ssl=1&w=150&resize=150&ssl=1 150w, https:\/\/i1.wp.com\/chacosintesis.com.ar\/wp-content\/uploads\/2026\/04\/1777561392_160_Delegacion-de-Iran-abandona-Canada-tras-incidente-migratorio-y-no.png?ssl=1&w=240&resize=240&ssl=1 240w, https:\/\/i1.wp.com\/chacosintesis.com.ar\/wp-content\/uploads\/2026\/04\/1777561392_160_Delegacion-de-Iran-abandona-Canada-tras-incidente-migratorio-y-no.png?ssl=1&w=320&resize=320&ssl=1 320w, https:\/\/i1.wp.com\/chacosintesis.com.ar\/wp-content\/uploads\/2026\/04\/1777561392_160_Delegacion-de-Iran-abandona-Canada-tras-incidente-migratorio-y-no.png?ssl=1&w=500&resize=500&ssl=1 500w, https:\/\/i1.wp.com\/chacosintesis.com.ar\/wp-content\/uploads\/2026\/04\/1777561392_160_Delegacion-de-Iran-abandona-Canada-tras-incidente-migratorio-y-no.png?ssl=1&w=640&resize=640&ssl=1 640w, https:\/\/i1.wp.com\/chacosintesis.com.ar\/wp-content\/uploads\/2026\/04\/1777561392_160_Delegacion-de-Iran-abandona-Canada-tras-incidente-migratorio-y-no.png?ssl=1&w=800&resize=800&ssl=1 800w, https:\/\/i1.wp.com\/chacosintesis.com.ar\/wp-content\/uploads\/2026\/04\/1777561392_160_Delegacion-de-Iran-abandona-Canada-tras-incidente-migratorio-y-no.png?ssl=1&w=1024&resize=1024&ssl=1 1024w, https:\/\/i1.wp.com\/chacosintesis.com.ar\/wp-content\/uploads\/2026\/04\/1777561392_160_Delegacion-de-Iran-abandona-Canada-tras-incidente-migratorio-y-no.png?ssl=1&w=1280&resize=1280&ssl=1 1280w, https:\/\/i1.wp.com\/chacosintesis.com.ar\/wp-content\/uploads\/2026\/04\/1777561392_160_Delegacion-de-Iran-abandona-Canada-tras-incidente-migratorio-y-no.png?ssl=1&w=1600&resize=1600&ssl=1 1600w\" fifu-data-src=\"https:\/\/i1.wp.com\/chacosintesis.com.ar\/wp-content\/uploads\/2026\/04\/1777561392_160_Delegacion-de-Iran-abandona-Canada-tras-incidente-migratorio-y-no.png?ssl=1\" alt=\"El episodio vuelve a poner en foco las tensiones pol\u00edticas que rodean la participaci\u00f3n de Ir\u00e1n en la pr\u00f3xima Copa del Mundo, que se disputar\u00e1 en Estados Unidos, Canad\u00e1 y M\u00e9xico.\" title=\"El episodio vuelve a poner en foco las tensiones pol\u00edticas que rodean la participaci\u00f3n de Ir\u00e1n en la pr\u00f3xima Copa del Mundo, que se disputar\u00e1 en Estados Unidos, Canad\u00e1 y M\u00e9xico.\" width=\"706\" height=\"460\" id=\"8212567-Libre-641841153_embed\" crossorigin=\"anonymous\" fetchpriority=\"high\" decode=\"async\"\/><\/div>\n<div class=\"embed_wrapper-cont\" id=\"p-1777555272921-37541\">\n<div id=\"8212567-Libre-641841153_epigrafe\" class=\"embed_epigrafe\">\n<p id=\"p-1777555295790-67813\">El episodio vuelve a poner en foco las tensiones pol\u00edticas que rodean la participaci\u00f3n de Ir\u00e1n en la pr\u00f3xima Copa del Mundo, que se disputar\u00e1 en Estados Unidos, Canad\u00e1 y M\u00e9xico.<\/p>\n<\/div><\/div>\n<\/p><\/div>\n<\/article>\n<article class=\"article-body article-body--fifth-paragraph content-protected-false\">\n<p id=\"p-1777554994385-27984\" data-start=\"1528\" data-end=\"1790\"> La situaci\u00f3n impacta directamente en la log\u00edstica del torneo, ya que genera dudas sobre la circulaci\u00f3n de delegaciones, dirigentes y hasta aficionados. Incluso, funcionarios iran\u00edes analizan alternativas ante posibles restricciones de ingreso en distintas sedes.<\/p>\n<\/article>\n<article class=\"article-body article-body--remaining-paragraph content-protected-false\">\n<p id=\"p-1777554994385-85554\" data-start=\"1792\" data-end=\"2129\" data-is-last-node=\"\" data-is-only-node=\"\">Por su parte, la <strong data-start=\"1809\" data-end=\"1817\">FIFA<\/strong>, encabezada por <strong data-start=\"1834\" data-end=\"1854\">Gianni Infantino<\/strong>, intent\u00f3 mediar tras lo ocurrido y eval\u00faa mantener reuniones con las autoridades iran\u00edes en su sede. Sin embargo, el conflicto deja en evidencia los desaf\u00edos organizativos y pol\u00edticos a pocas semanas del inicio de un Mundial que, por primera vez, contar\u00e1 con 48 selecciones.<\/p>\n<\/article>\n<p>\t\t\t\t<!-- REGION4 } -->\n\t\t\t\t\t\t<\/div>\n<p><script>\n!function(f,b,e,v,n,t,s)\n{if(f.fbq)return;n=f.fbq=function(){n.callMethod?\nn.callMethod.apply(n,arguments):n.queue.push(arguments)};\nif(!f._fbq)f._fbq=n;n.push=n;n.loaded=!0;n.version='2.0';\nn.queue=[];t=b.createElement(e);t.async=!0;\nt.src=v;s=b.getElementsByTagName(e)[0];\ns.parentNode.insertBefore(t,s)}(window,document,'script',\n'https:\/\/connect.facebook.net\/en_US\/fbevents.js');\nfbq('init', '2047048335588113');\nfbq('track', 'PageView');\n<\/script><\/p>\n<p>Ambito.-<\/p>\n","protected":false},"excerpt":{"rendered":"<p>Funcionarios del f\u00fatbol iran\u00ed denunciaron maltrato en el aeropuerto de Toronto y regresaron a Turqu\u00eda, lo que suma incertidumbre de cara a la Copa del Mundo 2026. Una delegaci\u00f3n de la federaci\u00f3n de f\u00fatbol de Ir\u00e1n decidi\u00f3 interrumpir su viaje a Canad\u00e1 y regresar de inmediato tras un conflicto con autoridades migratorias en el aeropuerto [&hellip;]<\/p>\n","protected":false},"author":1,"featured_media":221709,"comment_status":"closed","ping_status":"","sticky":false,"template":"","format":"standard","meta":{"footnotes":""},"categories":[7],"tags":[],"class_list":{"0":"post-221697","1":"post","2":"type-post","3":"status-publish","4":"format-standard","5":"has-post-thumbnail","7":"category-deportes"},"_links":{"self":[{"href":"https:\/\/chacosintesis.com.ar\/index.php\/wp-json\/wp\/v2\/posts\/221697","targetHints":{"allow":["GET"]}}],"collection":[{"href":"https:\/\/chacosintesis.com.ar\/index.php\/wp-json\/wp\/v2\/posts"}],"about":[{"href":"https:\/\/chacosintesis.com.ar\/index.php\/wp-json\/wp\/v2\/types\/post"}],"author":[{"embeddable":true,"href":"https:\/\/chacosintesis.com.ar\/index.php\/wp-json\/wp\/v2\/users\/1"}],"replies":[{"embeddable":true,"href":"https:\/\/chacosintesis.com.ar\/index.php\/wp-json\/wp\/v2\/comments?post=221697"}],"version-history":[{"count":0,"href":"https:\/\/chacosintesis.com.ar\/index.php\/wp-json\/wp\/v2\/posts\/221697\/revisions"}],"wp:featuredmedia":[{"embeddable":true,"href":"https:\/\/chacosintesis.com.ar\/index.php\/wp-json\/wp\/v2\/media\/221709"}],"wp:attachment":[{"href":"https:\/\/chacosintesis.com.ar\/index.php\/wp-json\/wp\/v2\/media?parent=221697"}],"wp:term":[{"taxonomy":"category","embeddable":true,"href":"https:\/\/chacosintesis.com.ar\/index.php\/wp-json\/wp\/v2\/categories?post=221697"},{"taxonomy":"post_tag","embeddable":true,"href":"https:\/\/chacosintesis.com.ar\/index.php\/wp-json\/wp\/v2\/tags?post=221697"}],"curies":[{"name":"wp","href":"https:\/\/api.w.org\/{rel}","templated":true}]}}