{"id":221696,"date":"2026-04-30T12:04:16","date_gmt":"2026-04-30T15:04:16","guid":{"rendered":"https:\/\/chacosintesis.com.ar\/?p=221696"},"modified":"2026-04-30T12:04:19","modified_gmt":"2026-04-30T15:04:19","slug":"convocan-a-sesion-extraordinaria-para-tratar-la-renuncia-de-delgado-al-consejo-de-la-magistratura","status":"publish","type":"post","link":"https:\/\/chacosintesis.com.ar\/index.php\/convocan-a-sesion-extraordinaria-para-tratar-la-renuncia-de-delgado-al-consejo-de-la-magistratura\/","title":{"rendered":"Convocan a sesi\u00f3n extraordinaria para tratar la renuncia de Delgado al Consejo de la Magistratura"},"content":{"rendered":"\n<p>El bloque oficialista solicit\u00f3 formalmente la convocatoria a una sesi\u00f3n extraordinaria para el pr\u00f3ximo lunes 4 de mayo a las 13:00, con el objetivo de tratar la renuncia presentada por la presidente de la C\u00e1mara de Diputados, Carmen Noem\u00ed Delgado, como miembro del Consejo de la Magistratura.<\/p>\n\n\n\n<p>Seg\u00fan consta en la nota elevada a las autoridades correspondientes, el pedido se enmarca en lo establecido por el art\u00edculo 112 de la Constituci\u00f3n Provincial. La convocatoria apunta a dar tratamiento al Expediente N\u00b0 57\/2026, mediante el cual Delgado formaliz\u00f3 su dimisi\u00f3n al \u00f3rgano encargado de la selecci\u00f3n y remoci\u00f3n de magistrados.<\/p>\n\n\n\n<p>Los legisladores firmantes, solicitaron tratar el tema con car\u00e1cter urgente, a fin de garantizar el normal funcionamiento institucional del Consejo de la Magistratura.<\/p>\n","protected":false},"excerpt":{"rendered":"<p>El bloque oficialista solicit\u00f3 formalmente la convocatoria a una sesi\u00f3n extraordinaria para el pr\u00f3ximo lunes 4 de mayo a las 13:00, con el objetivo de tratar la renuncia presentada por la presidente de la C\u00e1mara de Diputados, Carmen Noem\u00ed Delgado, como miembro del Consejo de la Magistratura. Seg\u00fan consta en la nota elevada a las [&hellip;]<\/p>\n","protected":false},"author":1,"featured_media":221703,"comment_status":"closed","ping_status":"closed","sticky":false,"template":"","format":"standard","meta":{"footnotes":""},"categories":[6],"tags":[202],"class_list":{"0":"post-221696","1":"post","2":"type-post","3":"status-publish","4":"format-standard","5":"has-post-thumbnail","7":"category-chaco","8":"tag-legislatura"},"_links":{"self":[{"href":"https:\/\/chacosintesis.com.ar\/index.php\/wp-json\/wp\/v2\/posts\/221696","targetHints":{"allow":["GET"]}}],"collection":[{"href":"https:\/\/chacosintesis.com.ar\/index.php\/wp-json\/wp\/v2\/posts"}],"about":[{"href":"https:\/\/chacosintesis.com.ar\/index.php\/wp-json\/wp\/v2\/types\/post"}],"author":[{"embeddable":true,"href":"https:\/\/chacosintesis.com.ar\/index.php\/wp-json\/wp\/v2\/users\/1"}],"replies":[{"embeddable":true,"href":"https:\/\/chacosintesis.com.ar\/index.php\/wp-json\/wp\/v2\/comments?post=221696"}],"version-history":[{"count":1,"href":"https:\/\/chacosintesis.com.ar\/index.php\/wp-json\/wp\/v2\/posts\/221696\/revisions"}],"predecessor-version":[{"id":221710,"href":"https:\/\/chacosintesis.com.ar\/index.php\/wp-json\/wp\/v2\/posts\/221696\/revisions\/221710"}],"wp:featuredmedia":[{"embeddable":true,"href":"https:\/\/chacosintesis.com.ar\/index.php\/wp-json\/wp\/v2\/media\/221703"}],"wp:attachment":[{"href":"https:\/\/chacosintesis.com.ar\/index.php\/wp-json\/wp\/v2\/media?parent=221696"}],"wp:term":[{"taxonomy":"category","embeddable":true,"href":"https:\/\/chacosintesis.com.ar\/index.php\/wp-json\/wp\/v2\/categories?post=221696"},{"taxonomy":"post_tag","embeddable":true,"href":"https:\/\/chacosintesis.com.ar\/index.php\/wp-json\/wp\/v2\/tags?post=221696"}],"curies":[{"name":"wp","href":"https:\/\/api.w.org\/{rel}","templated":true}]}}