{"id":221660,"date":"2026-04-30T10:05:16","date_gmt":"2026-04-30T13:05:16","guid":{"rendered":"https:\/\/chacosintesis.com.ar\/index.php\/se-inicio-el-periodo-de-tachas-para-docentes-de-nivel-primario-inscriptos-en-interinatos-y-suplencias\/"},"modified":"2026-04-30T10:06:33","modified_gmt":"2026-04-30T13:06:33","slug":"se-inicio-el-periodo-de-tachas-para-docentes-de-nivel-primario-inscriptos-en-interinatos-y-suplencias","status":"publish","type":"post","link":"https:\/\/chacosintesis.com.ar\/index.php\/se-inicio-el-periodo-de-tachas-para-docentes-de-nivel-primario-inscriptos-en-interinatos-y-suplencias\/","title":{"rendered":"Se Inici\u00f3 El Per\u00edodo De Tachas Para Docentes De Nivel Primario Inscriptos En Interinatos Y Suplencias"},"content":{"rendered":"<p><\/p>\n<div id=\"\">\n<div>\n<p><strong>El Ministerio de Educaci\u00f3n, a trav\u00e9s de las Juntas de Clasificaci\u00f3n de Nivel Primario con sedes en Resistencia y Presidencia Roque S\u00e1enz Pe\u00f1a, correspondientes a las Regiones Educativas 1 a 10, inform\u00f3 que desde este mi\u00e9rcoles 29 de abril y por el t\u00e9rmino de 10 d\u00edas h\u00e1biles se lleva adelante el per\u00edodo de tachas para los docentes inscriptos en el per\u00edodo extraordinario de interinatos y suplencias 2026.<\/strong><\/p>\n<p>Durante este plazo, los aspirantes podr\u00e1n verificar y, en caso de ser necesario, solicitar correcciones en las listas provisorias correspondientes a maestros de grado y de materias especiales.<br \/>Las listas se encuentran disponibles en la plataforma Tu Gobierno Digital, a trav\u00e9s de la aplicaci\u00f3n SIE, ingresando al men\u00fa: Juntas -Listados vigentes.<br \/>Para mayor informaci\u00f3n o consultas, los interesados pueden dirigirse a:<br \/>-Sede Resistencia: Gobernador Bosch N\u00b0 99, Nave 1, de 7:30 a 13:00.<br \/>-Correo electr\u00f3nico: jprciameccyt@gmail.com<br \/>-Tel\u00e9fono: 3624 453015<br \/>-Sede S\u00e1enz Pe\u00f1a: Chacabuco N\u00b0 310 (planta baja, calle 5 esquina 8), de 7:00 a 15:00.<br \/>-Correo electr\u00f3nico: juntaprimariasp@gmail.com<br \/>-Tel\u00e9fono: 3644 549053<\/p>\n<p>El Ministerio recuerda la importancia de este per\u00edodo, ya que permite garantizar la correcta conformaci\u00f3n de los listados definitivos para la cobertura de cargos docentes en toda la provincia.<\/p>\n<\/div><\/div>\n","protected":false},"excerpt":{"rendered":"<p>El Ministerio de Educaci\u00f3n, a trav\u00e9s de las Juntas de Clasificaci\u00f3n de Nivel Primario con sedes en Resistencia y Presidencia Roque S\u00e1enz Pe\u00f1a, correspondientes a las Regiones Educativas 1 a 10, inform\u00f3 que desde este mi\u00e9rcoles 29 de abril y por el t\u00e9rmino de 10 d\u00edas h\u00e1biles se lleva adelante el per\u00edodo de tachas para [&hellip;]<\/p>\n","protected":false},"author":1,"featured_media":221669,"comment_status":"closed","ping_status":"","sticky":false,"template":"","format":"standard","meta":{"footnotes":""},"categories":[6],"tags":[],"class_list":{"0":"post-221660","1":"post","2":"type-post","3":"status-publish","4":"format-standard","5":"has-post-thumbnail","7":"category-chaco"},"_links":{"self":[{"href":"https:\/\/chacosintesis.com.ar\/index.php\/wp-json\/wp\/v2\/posts\/221660","targetHints":{"allow":["GET"]}}],"collection":[{"href":"https:\/\/chacosintesis.com.ar\/index.php\/wp-json\/wp\/v2\/posts"}],"about":[{"href":"https:\/\/chacosintesis.com.ar\/index.php\/wp-json\/wp\/v2\/types\/post"}],"author":[{"embeddable":true,"href":"https:\/\/chacosintesis.com.ar\/index.php\/wp-json\/wp\/v2\/users\/1"}],"replies":[{"embeddable":true,"href":"https:\/\/chacosintesis.com.ar\/index.php\/wp-json\/wp\/v2\/comments?post=221660"}],"version-history":[{"count":1,"href":"https:\/\/chacosintesis.com.ar\/index.php\/wp-json\/wp\/v2\/posts\/221660\/revisions"}],"predecessor-version":[{"id":221670,"href":"https:\/\/chacosintesis.com.ar\/index.php\/wp-json\/wp\/v2\/posts\/221660\/revisions\/221670"}],"wp:featuredmedia":[{"embeddable":true,"href":"https:\/\/chacosintesis.com.ar\/index.php\/wp-json\/wp\/v2\/media\/221669"}],"wp:attachment":[{"href":"https:\/\/chacosintesis.com.ar\/index.php\/wp-json\/wp\/v2\/media?parent=221660"}],"wp:term":[{"taxonomy":"category","embeddable":true,"href":"https:\/\/chacosintesis.com.ar\/index.php\/wp-json\/wp\/v2\/categories?post=221660"},{"taxonomy":"post_tag","embeddable":true,"href":"https:\/\/chacosintesis.com.ar\/index.php\/wp-json\/wp\/v2\/tags?post=221660"}],"curies":[{"name":"wp","href":"https:\/\/api.w.org\/{rel}","templated":true}]}}