{"id":221636,"date":"2026-04-30T08:03:33","date_gmt":"2026-04-30T11:03:33","guid":{"rendered":"https:\/\/chacosintesis.com.ar\/index.php\/no-voy-a-renunciar-estoy-aca-dando-la-cara-asi-fue-el-paso-de-adorni-por-el-congreso\/"},"modified":"2026-04-30T08:03:33","modified_gmt":"2026-04-30T11:03:33","slug":"no-voy-a-renunciar-estoy-aca-dando-la-cara-asi-fue-el-paso-de-adorni-por-el-congreso","status":"publish","type":"post","link":"https:\/\/chacosintesis.com.ar\/index.php\/no-voy-a-renunciar-estoy-aca-dando-la-cara-asi-fue-el-paso-de-adorni-por-el-congreso\/","title":{"rendered":"\u201cNo voy a renunciar, estoy ac\u00e1 dando la cara\u201d: as\u00ed fue el paso de Adorni por el Congreso"},"content":{"rendered":"<p><\/p>\n<div>\n<aside class=\"scaip scaip-1    \">\n\t\t<\/aside>\n<p><strong>Manuel Adorni<\/strong> fue al Congreso y fue claro desde el principio: <strong>no piensa renunciar<\/strong>. <em><strong>\u201cNo voy a renunciar, de hecho estoy ac\u00e1 dando la cara\u201d<\/strong><\/em>, desafi\u00f3 el jefe de Gabinete ante la oposici\u00f3n que lo hab\u00eda convocado a una interpelaci\u00f3n por las denuncias sobre su patrimonio. Y remat\u00f3 con una frase que marc\u00f3 el tono de toda la jornada: <em><strong>\u201cNo comet\u00ed ning\u00fan delito y voy a probarlo en la Justicia\u201d.<\/strong><\/em><\/p>\n<p>En el palco, mir\u00e1ndolo, estaban el presidente Javier Milei, la secretaria general Karina Milei y todos los ministros del Gabinete, presencia que funcion\u00f3 como respaldo expl\u00edcito. La estrategia oficial hab\u00eda generado preocupaci\u00f3n dentro de la bancada libertaria, pero el resultado fue, seg\u00fan voces del propio oficialismo, mejor de lo esperado. El arco pol\u00edtico de La Libertad Avanza se fue en el cuarto intermedio previo a la catarata de preguntas. <\/p>\n<aside class=\"scaip scaip-2    \">\n\t\t<\/aside>\n<p><strong>Adorni abord\u00f3 de frente los puntos m\u00e1s sensibles<\/strong>. Sobre el viaje de su esposa en la comitiva oficial a Estados Unidos, afirm\u00f3 que la decisi\u00f3n fue <em>\u201cdiscrecional\u201d<\/em> de Presidencia, amparada en el Decreto 713\/16, y que el Estado no afront\u00f3 ning\u00fan gasto en vi\u00e1ticos, alojamiento ni comida. En cuanto a sus viajes familiares al exterior, asegur\u00f3 haberlos pagado de su bolsillo y descart\u00f3 que se tratara de obsequios o financiamiento de terceros. <strong>Sobre el origen de sus fondos y los pr\u00e9stamos recibidos no dio mayores precisiones<\/strong>, aunque adelant\u00f3 que todo quedar\u00e1 consignado en su declaraci\u00f3n jurada y que entregar\u00e1 la documentaci\u00f3n pertinente a la Justicia.<\/p>\n<p>La oposici\u00f3n hab\u00eda llegado a la sesi\u00f3n apostando a arrinconarlo en el momento de las preguntas, convencida de que el funcionario evitar\u00eda hablar de las denuncias. Que Adorni las enfrentara de frente les quit\u00f3 el principal argumento. <em>\u201cLa estrategia fue generar muchas expectativas y que despu\u00e9s no pase nada\u201d<\/em>, reconocieron cerca del presidente de la C\u00e1mara, Mart\u00edn Menem. Desde el otro lado, la lectura fue distinta: <em><strong>\u201cNo contest\u00f3 nada y todav\u00eda hay muchas dudas sobre su patrimonio\u201d<\/strong><\/em>, protest\u00f3 un diputado opositor, apuntando que el funcionario no explic\u00f3 el origen de los fondos para pagar viajes ni para devolver pr\u00e9stamos. La p\u00e9rdida de inter\u00e9s qued\u00f3 en evidencia por la cantidad de bancas vac\u00edas.<\/p>\n<aside class=\"scaip scaip-3    \">\n\t\t<\/aside>\n<p><strong>Milei <\/strong>estuvo m\u00e1s encendido en los pasillos que en el recinto. Cuando un periodista le pregunt\u00f3 si Adorni era corrupto, el presidente respondi\u00f3 sin detenerse ni mirarlos: <strong><em>\u201cUstedes son corruptos\u201d.<\/em><\/strong> Al retirarse, consultado sobre si las explicaciones hab\u00edan sido suficientes, cerr\u00f3: <strong><em>\u201cEs m\u00e1s que suficiente, el caso est\u00e1 cerrado, chorros, corruptos\u201d<\/em><\/strong>.<\/p>\n<p>Adorni, por su parte, ley\u00f3 pr\u00e1cticamente todo y en pocas ocasiones se apart\u00f3 del guion preparado por sus asesores, algo que la oposici\u00f3n no tard\u00f3 en se\u00f1alar. <em><strong>\u201cSi no le tra\u00edan todas las cosas que le dieron para leer, no podr\u00eda haber contestado ninguna pregunta. Eso es muy grave\u201d<\/strong><\/em>, protest\u00f3 el peronista Germ\u00e1n Mart\u00ednez. Aun as\u00ed, el jefe de Gabinete manej\u00f3 los tiempos, no cometi\u00f3 errores y sali\u00f3 sin tropiezos de una sesi\u00f3n que termin\u00f3 siendo bastante menos explosiva de lo que la oposici\u00f3n hab\u00eda prometido.<\/p>\n<aside class=\"scaip scaip-4    \">\n\t\t<\/aside>\n<p><em>Con informaci\u00f3n de Infobae.<\/em><\/p>\n<p><h3 class=\"jp-relatedposts-headline\"><em>M\u00c1S NOTICIAS:<\/em><\/h3>\n<\/p>\n<section id=\"block-24\" class=\"below-content widget widget_block\"\/>\t<\/div>\n","protected":false},"excerpt":{"rendered":"<p>Manuel Adorni fue al Congreso y fue claro desde el principio: no piensa renunciar. \u201cNo voy a renunciar, de hecho estoy ac\u00e1 dando la cara\u201d, desafi\u00f3 el jefe de Gabinete ante la oposici\u00f3n que lo hab\u00eda convocado a una interpelaci\u00f3n por las denuncias sobre su patrimonio. Y remat\u00f3 con una frase que marc\u00f3 el tono [&hellip;]<\/p>\n","protected":false},"author":1,"featured_media":221646,"comment_status":"","ping_status":"","sticky":false,"template":"","format":"standard","meta":{"footnotes":""},"categories":[8],"tags":[],"class_list":{"0":"post-221636","1":"post","2":"type-post","3":"status-publish","4":"format-standard","5":"has-post-thumbnail","7":"category-nacionales"},"_links":{"self":[{"href":"https:\/\/chacosintesis.com.ar\/index.php\/wp-json\/wp\/v2\/posts\/221636","targetHints":{"allow":["GET"]}}],"collection":[{"href":"https:\/\/chacosintesis.com.ar\/index.php\/wp-json\/wp\/v2\/posts"}],"about":[{"href":"https:\/\/chacosintesis.com.ar\/index.php\/wp-json\/wp\/v2\/types\/post"}],"author":[{"embeddable":true,"href":"https:\/\/chacosintesis.com.ar\/index.php\/wp-json\/wp\/v2\/users\/1"}],"replies":[{"embeddable":true,"href":"https:\/\/chacosintesis.com.ar\/index.php\/wp-json\/wp\/v2\/comments?post=221636"}],"version-history":[{"count":0,"href":"https:\/\/chacosintesis.com.ar\/index.php\/wp-json\/wp\/v2\/posts\/221636\/revisions"}],"wp:featuredmedia":[{"embeddable":true,"href":"https:\/\/chacosintesis.com.ar\/index.php\/wp-json\/wp\/v2\/media\/221646"}],"wp:attachment":[{"href":"https:\/\/chacosintesis.com.ar\/index.php\/wp-json\/wp\/v2\/media?parent=221636"}],"wp:term":[{"taxonomy":"category","embeddable":true,"href":"https:\/\/chacosintesis.com.ar\/index.php\/wp-json\/wp\/v2\/categories?post=221636"},{"taxonomy":"post_tag","embeddable":true,"href":"https:\/\/chacosintesis.com.ar\/index.php\/wp-json\/wp\/v2\/tags?post=221636"}],"curies":[{"name":"wp","href":"https:\/\/api.w.org\/{rel}","templated":true}]}}