{"id":22161,"date":"2023-05-26T12:16:00","date_gmt":"2023-05-26T15:16:00","guid":{"rendered":"https:\/\/chacosintesis.com.ar\/?p=22161"},"modified":"2023-05-26T20:28:41","modified_gmt":"2023-05-26T23:28:41","slug":"cuesta-manifesto-su-compromiso-de-trabajar-con-politicas-publicas-que-mejoren-la-calidad-de-vida-de-adultos-mayores","status":"publish","type":"post","link":"https:\/\/chacosintesis.com.ar\/index.php\/cuesta-manifesto-su-compromiso-de-trabajar-con-politicas-publicas-que-mejoren-la-calidad-de-vida-de-adultos-mayores\/","title":{"rendered":"Cuesta manifest\u00f3 su compromiso de trabajar con pol\u00edticas p\u00fablicas que mejoren la calidad de vida de adultos mayores"},"content":{"rendered":"\n<p>En el barrio Jes\u00fas de Nazaret, la presidenta del Poder Legislativo y candidata a intendenta por Resistencia de la Corriente de Expresi\u00f3n Renovada (CER), Elida Cuesta, comparti\u00f3 el tradicional locro patrio, durante la jornada de festejos al recordar la Revoluci\u00f3n de Mayo, en el centro de recreo para adultos mayores Refugio de Amor. Con la idea de acompa\u00f1ar a los adultos mayores desde programas de contenci\u00f3n y seguimiento permanente de la situaci\u00f3n que cada uno presente, Cuesta manifest\u00f3 su compromiso de trabajar para la tercera edad en los centros comunitarios y merenderos de la ciudad en caso de ser elegida intendenta y, en ese sentido, dijo que &#8220;nuestros adultos mayores necesitan ser escuchados, que los acompa\u00f1emos y trabajemos para llevar pol\u00edticas de Estado efectivas que lleven bienestar a sus vidas&#8221;.<\/p>\n\n\n\n<p>Durante el encuentro, la candidata capitalina remarc\u00f3 que sin el trabajo de tantas personas solidarias como Rosa Ram\u00edrez, encargada del merendero Refugio de Amor, no seria posible. &#8220;Rosa lleva adelante este centro con tanta pasi\u00f3n, con tanto compromiso, que nos demuestra que entre todas y todos podemos brindar una mano amiga para nuestras abuelas y abuelos&#8221;, se\u00f1al\u00f3.<\/p>\n\n\n\n<p>La presidenta legislativa expres\u00f3 que se trata de compartir, pero tambi\u00e9n de conversar y escucharlos. &#8220;Son un grupo de m\u00e1s de 40 abuelas y abuelos que est\u00e1n solos, muchos no tienen familia, est\u00e1n atravesando situaciones dif\u00edciles y la verdad que no tenemos que olvidarnos de nuestros adultos mayores. Dieron tanto por nosotros que ellos tienen que disfrutar y deben estar tranquilos&#8221;, afirm\u00f3 la candidata del CER.<\/p>\n\n\n\n<p>Cuesta agreg\u00f3 que con Rosa se van a ocupar de seguir en contacto y de bruscar la respuesta que est\u00e1n demandando. &#8220;Me dec\u00edan que para ellos esto es un paseo, que se distraen, se hacen amigos, comparten sus alegr\u00edas, tristezas y bueno, tambi\u00e9n necesitan de una mano amiga, de que los miremos y tengamos en cuenta. Vamos a venir con el apoyo psicol\u00f3gico que nos pidieron. Tambi\u00e9n la semana que viene vamos a estar ac\u00e1 con sus anteojos, para que puedan estar mejor y tengan una mejor calidad de vida&#8221;, concluy\u00f3.<\/p>\n","protected":false},"excerpt":{"rendered":"<p>En el barrio Jes\u00fas de Nazaret, la presidenta del Poder Legislativo y candidata a intendenta por Resistencia de la Corriente de Expresi\u00f3n Renovada (CER), Elida Cuesta, comparti\u00f3 el tradicional locro patrio, durante la jornada de festejos al recordar la Revoluci\u00f3n de Mayo, en el centro de recreo para adultos mayores Refugio de Amor. Con la [&hellip;]<\/p>\n","protected":false},"author":1,"featured_media":22162,"comment_status":"closed","ping_status":"closed","sticky":false,"template":"","format":"standard","meta":{"footnotes":""},"categories":[6],"tags":[202],"class_list":{"0":"post-22161","1":"post","2":"type-post","3":"status-publish","4":"format-standard","5":"has-post-thumbnail","7":"category-chaco","8":"tag-legislatura"},"_links":{"self":[{"href":"https:\/\/chacosintesis.com.ar\/index.php\/wp-json\/wp\/v2\/posts\/22161","targetHints":{"allow":["GET"]}}],"collection":[{"href":"https:\/\/chacosintesis.com.ar\/index.php\/wp-json\/wp\/v2\/posts"}],"about":[{"href":"https:\/\/chacosintesis.com.ar\/index.php\/wp-json\/wp\/v2\/types\/post"}],"author":[{"embeddable":true,"href":"https:\/\/chacosintesis.com.ar\/index.php\/wp-json\/wp\/v2\/users\/1"}],"replies":[{"embeddable":true,"href":"https:\/\/chacosintesis.com.ar\/index.php\/wp-json\/wp\/v2\/comments?post=22161"}],"version-history":[{"count":0,"href":"https:\/\/chacosintesis.com.ar\/index.php\/wp-json\/wp\/v2\/posts\/22161\/revisions"}],"wp:featuredmedia":[{"embeddable":true,"href":"https:\/\/chacosintesis.com.ar\/index.php\/wp-json\/wp\/v2\/media\/22162"}],"wp:attachment":[{"href":"https:\/\/chacosintesis.com.ar\/index.php\/wp-json\/wp\/v2\/media?parent=22161"}],"wp:term":[{"taxonomy":"category","embeddable":true,"href":"https:\/\/chacosintesis.com.ar\/index.php\/wp-json\/wp\/v2\/categories?post=22161"},{"taxonomy":"post_tag","embeddable":true,"href":"https:\/\/chacosintesis.com.ar\/index.php\/wp-json\/wp\/v2\/tags?post=22161"}],"curies":[{"name":"wp","href":"https:\/\/api.w.org\/{rel}","templated":true}]}}