{"id":221609,"date":"2026-04-30T08:01:28","date_gmt":"2026-04-30T11:01:28","guid":{"rendered":"https:\/\/chacosintesis.com.ar\/index.php\/gonzalo-heredia-y-brenda-gandini-se-separaron-tras-16-anos-en-pareja_a69f32b877825f88153a868fd\/"},"modified":"2026-04-30T08:01:28","modified_gmt":"2026-04-30T11:01:28","slug":"gonzalo-heredia-y-brenda-gandini-se-separaron-tras-16-anos-en-pareja_a69f32b877825f88153a868fd","status":"publish","type":"post","link":"https:\/\/chacosintesis.com.ar\/index.php\/gonzalo-heredia-y-brenda-gandini-se-separaron-tras-16-anos-en-pareja_a69f32b877825f88153a868fd\/","title":{"rendered":"Gonzalo Heredia y Brenda Gandini se separaron tras 16 a\u00f1os en pareja"},"content":{"rendered":"<p><img decoding=\"async\" src=\"data:image\/gif;base64,R0lGODlhAQABAIAAAAAAAP\/\/\/ywAAAAAAQABAAACAUwAOw==\" fifu-lazy=\"1\" fifu-data-sizes=\"auto\" fifu-data-srcset=\"https:\/\/i1.wp.com\/chacosintesis.com.ar\/wp-content\/uploads\/2026\/04\/Gonzalo-Heredia-y-Brenda-Gandini-se-separaron-tras-16-anos.jpeg?ssl=1&w=75&resize=75&ssl=1 75w, https:\/\/i1.wp.com\/chacosintesis.com.ar\/wp-content\/uploads\/2026\/04\/Gonzalo-Heredia-y-Brenda-Gandini-se-separaron-tras-16-anos.jpeg?ssl=1&w=100&resize=100&ssl=1 100w, https:\/\/i1.wp.com\/chacosintesis.com.ar\/wp-content\/uploads\/2026\/04\/Gonzalo-Heredia-y-Brenda-Gandini-se-separaron-tras-16-anos.jpeg?ssl=1&w=150&resize=150&ssl=1 150w, https:\/\/i1.wp.com\/chacosintesis.com.ar\/wp-content\/uploads\/2026\/04\/Gonzalo-Heredia-y-Brenda-Gandini-se-separaron-tras-16-anos.jpeg?ssl=1&w=240&resize=240&ssl=1 240w, https:\/\/i1.wp.com\/chacosintesis.com.ar\/wp-content\/uploads\/2026\/04\/Gonzalo-Heredia-y-Brenda-Gandini-se-separaron-tras-16-anos.jpeg?ssl=1&w=320&resize=320&ssl=1 320w, https:\/\/i1.wp.com\/chacosintesis.com.ar\/wp-content\/uploads\/2026\/04\/Gonzalo-Heredia-y-Brenda-Gandini-se-separaron-tras-16-anos.jpeg?ssl=1&w=500&resize=500&ssl=1 500w, https:\/\/i1.wp.com\/chacosintesis.com.ar\/wp-content\/uploads\/2026\/04\/Gonzalo-Heredia-y-Brenda-Gandini-se-separaron-tras-16-anos.jpeg?ssl=1&w=640&resize=640&ssl=1 640w, https:\/\/i1.wp.com\/chacosintesis.com.ar\/wp-content\/uploads\/2026\/04\/Gonzalo-Heredia-y-Brenda-Gandini-se-separaron-tras-16-anos.jpeg?ssl=1&w=800&resize=800&ssl=1 800w, https:\/\/i1.wp.com\/chacosintesis.com.ar\/wp-content\/uploads\/2026\/04\/Gonzalo-Heredia-y-Brenda-Gandini-se-separaron-tras-16-anos.jpeg?ssl=1&w=1024&resize=1024&ssl=1 1024w, https:\/\/i1.wp.com\/chacosintesis.com.ar\/wp-content\/uploads\/2026\/04\/Gonzalo-Heredia-y-Brenda-Gandini-se-separaron-tras-16-anos.jpeg?ssl=1&w=1280&resize=1280&ssl=1 1280w, https:\/\/i1.wp.com\/chacosintesis.com.ar\/wp-content\/uploads\/2026\/04\/Gonzalo-Heredia-y-Brenda-Gandini-se-separaron-tras-16-anos.jpeg?ssl=1&w=1600&resize=1600&ssl=1 1600w\" fifu-data-src=\"https:\/\/i1.wp.com\/chacosintesis.com.ar\/wp-content\/uploads\/2026\/04\/Gonzalo-Heredia-y-Brenda-Gandini-se-separaron-tras-16-anos.jpeg?ssl=1\" \/><\/p>\n<div itemprop=\"articleBody\">\n<p><a href=\"\/\"><strong>Buenos Aires, 30 abril (NA) <\/strong><\/a>\u2014 \u00a0Aseguran que <strong>Gonzalo Heredia <\/strong>y <strong>Brenda Gandini<\/strong> se habr\u00edan separado tras 16 a\u00f1os de relaci\u00f3n y dos hijos en com\u00fan. Los rumores de ruptura cobraron fuerza luego de que ambos asistieran a diversos eventos por separado.<\/p>\n<p>Seg\u00fan supo la <strong>Agencia Noticias Argentinas<\/strong>, la informaci\u00f3n de esta primicia fue brindada por <strong>Pepe Ochoa<\/strong> en <strong>LAM<\/strong>.\u00a0<\/p>\n<p>El panelista asegur\u00f3 que la pareja estaba atravesando una crisis desde hace tiempo, pero que esta vez no pudieron superarla: \u201c<strong>No hay nada puntual\u2026 se acab\u00f3 el amor<\/strong>\u201d, revel\u00f3.\u00a0<\/p>\n<p>Aunque aclar\u00f3 que la crisis y la separaci\u00f3n no est\u00e1n vinculadas a infidelidades: &#8220;<strong>No hay terceros en discordia<\/strong>, sino una crisis que no pudieron superar, se acab\u00f3 el amor. Tienen dos hijos. <strong>Se los vio solos en eventos<\/strong>&#8220;, se explay\u00f3.<\/p>\n<p><tadevel-ad  class=\"block-4d\" slot-id=\"article-inline-01\"\/><\/p>\n<p style=\"--ipspy: __IP__;color: __IP__;text-decoration: __IP__;\" alt=\"__IP__\" data-ipspy=\"__IP__\" title=\"__IP__\">En la misma l\u00ednea, mencion\u00f3 que los rumores de ruptura se despertaron cuando vieron que ya no atend\u00edan eventos juntos, como lo hicieron durante largos a\u00f1os: \u201c<strong>\u00c9l empez\u00f3 a estar solo en varios lugares. Se los ve\u00eda solos en eventos, algo raro porque siempre estaban juntos<\/strong><span>\u201d.\u00a0<\/span><span style=\"opacity: 0;\" data-nosnippet=\"\">__IP__<\/span><\/p>\n<p>Seg\u00fan su informaci\u00f3n, el actor ya comunic\u00f3 su separaci\u00f3n a su c\u00edrculo \u00edntimo, por lo que ser\u00eda una decisi\u00f3n tomada: \u201c\u00c9l habl\u00f3 con dos personas amigas de la pareja, cont\u00f3 que estaban en una crisis, pero que<strong> no cree que esta vez puedan recomponer<\/strong>\u201d.<\/p>\n<p>#AgenciaNA<\/p>\n<\/div>\n<p><img decoding=\"async\" src=\"data:image\/gif;base64,R0lGODlhAQABAIAAAAAAAP\/\/\/ywAAAAAAQABAAACAUwAOw==\" fifu-lazy=\"1\" fifu-data-sizes=\"auto\" fifu-data-srcset=\"https:\/\/i1.wp.com\/chacosintesis.com.ar\/wp-content\/uploads\/2026\/04\/1777546888_782_Gonzalo-Heredia-y-Brenda-Gandini-se-separaron-tras-16-anos.jpeg?ssl=1&w=75&resize=75&ssl=1 75w, https:\/\/i1.wp.com\/chacosintesis.com.ar\/wp-content\/uploads\/2026\/04\/1777546888_782_Gonzalo-Heredia-y-Brenda-Gandini-se-separaron-tras-16-anos.jpeg?ssl=1&w=100&resize=100&ssl=1 100w, https:\/\/i1.wp.com\/chacosintesis.com.ar\/wp-content\/uploads\/2026\/04\/1777546888_782_Gonzalo-Heredia-y-Brenda-Gandini-se-separaron-tras-16-anos.jpeg?ssl=1&w=150&resize=150&ssl=1 150w, https:\/\/i1.wp.com\/chacosintesis.com.ar\/wp-content\/uploads\/2026\/04\/1777546888_782_Gonzalo-Heredia-y-Brenda-Gandini-se-separaron-tras-16-anos.jpeg?ssl=1&w=240&resize=240&ssl=1 240w, https:\/\/i1.wp.com\/chacosintesis.com.ar\/wp-content\/uploads\/2026\/04\/1777546888_782_Gonzalo-Heredia-y-Brenda-Gandini-se-separaron-tras-16-anos.jpeg?ssl=1&w=320&resize=320&ssl=1 320w, https:\/\/i1.wp.com\/chacosintesis.com.ar\/wp-content\/uploads\/2026\/04\/1777546888_782_Gonzalo-Heredia-y-Brenda-Gandini-se-separaron-tras-16-anos.jpeg?ssl=1&w=500&resize=500&ssl=1 500w, https:\/\/i1.wp.com\/chacosintesis.com.ar\/wp-content\/uploads\/2026\/04\/1777546888_782_Gonzalo-Heredia-y-Brenda-Gandini-se-separaron-tras-16-anos.jpeg?ssl=1&w=640&resize=640&ssl=1 640w, https:\/\/i1.wp.com\/chacosintesis.com.ar\/wp-content\/uploads\/2026\/04\/1777546888_782_Gonzalo-Heredia-y-Brenda-Gandini-se-separaron-tras-16-anos.jpeg?ssl=1&w=800&resize=800&ssl=1 800w, https:\/\/i1.wp.com\/chacosintesis.com.ar\/wp-content\/uploads\/2026\/04\/1777546888_782_Gonzalo-Heredia-y-Brenda-Gandini-se-separaron-tras-16-anos.jpeg?ssl=1&w=1024&resize=1024&ssl=1 1024w, https:\/\/i1.wp.com\/chacosintesis.com.ar\/wp-content\/uploads\/2026\/04\/1777546888_782_Gonzalo-Heredia-y-Brenda-Gandini-se-separaron-tras-16-anos.jpeg?ssl=1&w=1280&resize=1280&ssl=1 1280w, https:\/\/i1.wp.com\/chacosintesis.com.ar\/wp-content\/uploads\/2026\/04\/1777546888_782_Gonzalo-Heredia-y-Brenda-Gandini-se-separaron-tras-16-anos.jpeg?ssl=1&w=1600&resize=1600&ssl=1 1600w\" fifu-data-src=\"https:\/\/i1.wp.com\/chacosintesis.com.ar\/wp-content\/uploads\/2026\/04\/1777546888_782_Gonzalo-Heredia-y-Brenda-Gandini-se-separaron-tras-16-anos.jpeg?ssl=1\"><\/p>\n<p>Noticias Argentinas<\/p>\n","protected":false},"excerpt":{"rendered":"<p>Buenos Aires, 30 abril (NA) \u2014 \u00a0Aseguran que Gonzalo Heredia y Brenda Gandini se habr\u00edan separado tras 16 a\u00f1os de relaci\u00f3n y dos hijos en com\u00fan. Los rumores de ruptura cobraron fuerza luego de que ambos asistieran a diversos eventos por separado. Seg\u00fan supo la Agencia Noticias Argentinas, la informaci\u00f3n de esta primicia fue brindada [&hellip;]<\/p>\n","protected":false},"author":1,"featured_media":221626,"comment_status":"closed","ping_status":"","sticky":false,"template":"","format":"standard","meta":{"footnotes":""},"categories":[188],"tags":[],"class_list":{"0":"post-221609","1":"post","2":"type-post","3":"status-publish","4":"format-standard","5":"has-post-thumbnail","7":"category-farandula"},"_links":{"self":[{"href":"https:\/\/chacosintesis.com.ar\/index.php\/wp-json\/wp\/v2\/posts\/221609","targetHints":{"allow":["GET"]}}],"collection":[{"href":"https:\/\/chacosintesis.com.ar\/index.php\/wp-json\/wp\/v2\/posts"}],"about":[{"href":"https:\/\/chacosintesis.com.ar\/index.php\/wp-json\/wp\/v2\/types\/post"}],"author":[{"embeddable":true,"href":"https:\/\/chacosintesis.com.ar\/index.php\/wp-json\/wp\/v2\/users\/1"}],"replies":[{"embeddable":true,"href":"https:\/\/chacosintesis.com.ar\/index.php\/wp-json\/wp\/v2\/comments?post=221609"}],"version-history":[{"count":0,"href":"https:\/\/chacosintesis.com.ar\/index.php\/wp-json\/wp\/v2\/posts\/221609\/revisions"}],"wp:featuredmedia":[{"embeddable":true,"href":"https:\/\/chacosintesis.com.ar\/index.php\/wp-json\/wp\/v2\/media\/221626"}],"wp:attachment":[{"href":"https:\/\/chacosintesis.com.ar\/index.php\/wp-json\/wp\/v2\/media?parent=221609"}],"wp:term":[{"taxonomy":"category","embeddable":true,"href":"https:\/\/chacosintesis.com.ar\/index.php\/wp-json\/wp\/v2\/categories?post=221609"},{"taxonomy":"post_tag","embeddable":true,"href":"https:\/\/chacosintesis.com.ar\/index.php\/wp-json\/wp\/v2\/tags?post=221609"}],"curies":[{"name":"wp","href":"https:\/\/api.w.org\/{rel}","templated":true}]}}