{"id":221579,"date":"2026-04-29T20:07:12","date_gmt":"2026-04-29T23:07:12","guid":{"rendered":"https:\/\/chacosintesis.com.ar\/index.php\/videos-asi-detuvieron-a-un-atacante-que-apunalo-a-varias-personas-en-un-barrio-judio-en-londres\/"},"modified":"2026-04-29T20:07:12","modified_gmt":"2026-04-29T23:07:12","slug":"videos-asi-detuvieron-a-un-atacante-que-apunalo-a-varias-personas-en-un-barrio-judio-en-londres","status":"publish","type":"post","link":"https:\/\/chacosintesis.com.ar\/index.php\/videos-asi-detuvieron-a-un-atacante-que-apunalo-a-varias-personas-en-un-barrio-judio-en-londres\/","title":{"rendered":"Videos: as\u00ed detuvieron a un atacante que apu\u00f1al\u00f3 a varias personas en un barrio jud\u00edo en Londres"},"content":{"rendered":"<p><\/p>\n<div>\n<aside class=\"scaip scaip-1    \">\n\t\t<\/aside>\n<p>La ciudad de <strong>Londres<\/strong> se encuentra nuevamente en estado de alerta tras un violento episodio ocurrido este mi\u00e9rcoles en el <strong>barrio de Golders Green<\/strong>, un sector del noroeste de la capital brit\u00e1nica conocido por albergar a una de las <strong>comunidades jud\u00edas<\/strong> m\u00e1s grandes del pa\u00eds. Seg\u00fan los primeros reportes de las autoridades y testigos presenciales, <strong>un hombre de 45 a\u00f1os<\/strong> comenz\u00f3 a correr por la v\u00eda p\u00fablica <strong>armado con un cuchillo<\/strong>, intentando atacar de manera indiscriminada a los transe\u00fantes que se encontraban en la zona.<\/p>\n<figure class=\"wp-block-video\"><video height=\"270\" style=\"aspect-ratio: 476 \/ 270;\" width=\"476\" controls=\"\" class=\"perfmatters-lazy\" data-src=\"https:\/\/www.elsol.com.ar\/wp-content\/uploads\/2026\/04\/ataque-antisemita-londres.mp4\"\/><\/figure>\n<p>El ataque fue interceptado en primera instancia por miembros de <strong>Shomrim<\/strong>, un grupo de voluntarios dedicado a la seguridad comunitaria, quienes lograron retener al agresor hasta la llegada de los efectivos de la Polic\u00eda Metropolitana. <\/p>\n<aside class=\"scaip scaip-2    \">\n\t\t<\/aside>\n<p>Los agentes utilizaron una pistola el\u00e9ctrica Taser para reducir al individuo y proceder a su arresto bajo la sospecha de intento de asesinato. Como consecuencia del ataque, <strong>un hombre de unos 30 a\u00f1os y otro de aproximadamente 70 resultaron heridos<\/strong> y debieron ser trasladados de urgencia a hospitales cercanos, donde permanecen en condici\u00f3n estable.<\/p>\n<figure class=\"wp-block-video\"><video height=\"568\" style=\"aspect-ratio: 320 \/ 568;\" width=\"320\" controls=\"\" class=\"perfmatters-lazy\" data-src=\"https:\/\/www.elsol.com.ar\/wp-content\/uploads\/2026\/04\/ataque-antisemita-londres-detenido.mp4\"\/><\/figure>\n<p>La unidad antiterrorista de la polic\u00eda brit\u00e1nica ha tomado las riendas de la investigaci\u00f3n, calificando formalmente el incidente como un acto de terrorismo. Este suceso no es un hecho aislado, sino que se enmarca en una preocupante ola de violencia que ha afectado a instituciones jud\u00edas en el norte de Londres durante el \u00faltimo mes. <\/p>\n<aside class=\"scaip scaip-3    \">\n\t\t<\/aside>\n<p>Recientemente, se registraron ataques incendiarios contra ambulancias de una organizaci\u00f3n ben\u00e9fica y actos vand\u00e1licos contra monumentos en memoria de las v\u00edctimas del 7 de octubre, lo que ha derivado en m\u00e1s de 25 detenciones en las \u00faltimas semanas.<\/p>\n<p>El primer ministro brit\u00e1nico, Keir Starmer, calific\u00f3 el evento como profundamente preocupante y reafirm\u00f3 ante la C\u00e1mara de los Comunes su determinaci\u00f3n para abordar los delitos de odio. Por su parte, el alcalde de Londres, Sadiq Khan, conden\u00f3 en\u00e9rgicamente el ataque, subrayando que no hay lugar para el antisemitismo en la sociedad. Mientras tanto, las autoridades investigan si estos actos est\u00e1n siendo orquestados o inspirados por actores externos, en un contexto donde los incidentes antisemitas en el Reino Unido han mostrado un aumento dr\u00e1stico en el \u00faltimo a\u00f1o.<\/p>\n<aside class=\"scaip scaip-4    \">\n\t\t<\/aside>\n<p><em>Con informaci\u00f3n de Clar\u00edn y La Naci\u00f3n.<\/em><\/p>\n<p><h3 class=\"jp-relatedposts-headline\"><em>M\u00c1S NOTICIAS:<\/em><\/h3>\n<\/p>\n<section id=\"block-24\" class=\"below-content widget widget_block\"\/>\t<\/div>\n<p><strong>Hace instantes, se conoci\u00f3 una informaci\u00f3n que sorprende.<\/strong><\/p>\n<p>{content}<\/p>\n<p><strong>\ud83d\udc49 Seguinos en Chaco S\u00edntesis para m\u00e1s noticias al instante.<\/strong><\/p>\n","protected":false},"excerpt":{"rendered":"<p>La ciudad de Londres se encuentra nuevamente en estado de alerta tras un violento episodio ocurrido este mi\u00e9rcoles en el barrio de Golders Green, un sector del noroeste de la capital brit\u00e1nica conocido por albergar a una de las comunidades jud\u00edas m\u00e1s grandes del pa\u00eds. Seg\u00fan los primeros reportes de las autoridades y testigos presenciales, [&hellip;]<\/p>\n","protected":false},"author":1,"featured_media":221589,"comment_status":"","ping_status":"","sticky":false,"template":"","format":"standard","meta":{"footnotes":""},"categories":[1],"tags":[],"class_list":{"0":"post-221579","1":"post","2":"type-post","3":"status-publish","4":"format-standard","5":"has-post-thumbnail","7":"category-mundo"},"_links":{"self":[{"href":"https:\/\/chacosintesis.com.ar\/index.php\/wp-json\/wp\/v2\/posts\/221579","targetHints":{"allow":["GET"]}}],"collection":[{"href":"https:\/\/chacosintesis.com.ar\/index.php\/wp-json\/wp\/v2\/posts"}],"about":[{"href":"https:\/\/chacosintesis.com.ar\/index.php\/wp-json\/wp\/v2\/types\/post"}],"author":[{"embeddable":true,"href":"https:\/\/chacosintesis.com.ar\/index.php\/wp-json\/wp\/v2\/users\/1"}],"replies":[{"embeddable":true,"href":"https:\/\/chacosintesis.com.ar\/index.php\/wp-json\/wp\/v2\/comments?post=221579"}],"version-history":[{"count":0,"href":"https:\/\/chacosintesis.com.ar\/index.php\/wp-json\/wp\/v2\/posts\/221579\/revisions"}],"wp:featuredmedia":[{"embeddable":true,"href":"https:\/\/chacosintesis.com.ar\/index.php\/wp-json\/wp\/v2\/media\/221589"}],"wp:attachment":[{"href":"https:\/\/chacosintesis.com.ar\/index.php\/wp-json\/wp\/v2\/media?parent=221579"}],"wp:term":[{"taxonomy":"category","embeddable":true,"href":"https:\/\/chacosintesis.com.ar\/index.php\/wp-json\/wp\/v2\/categories?post=221579"},{"taxonomy":"post_tag","embeddable":true,"href":"https:\/\/chacosintesis.com.ar\/index.php\/wp-json\/wp\/v2\/tags?post=221579"}],"curies":[{"name":"wp","href":"https:\/\/api.w.org\/{rel}","templated":true}]}}