{"id":22157,"date":"2023-05-26T16:32:48","date_gmt":"2023-05-26T19:32:48","guid":{"rendered":"https:\/\/chacosintesis.com.ar\/?p=22157"},"modified":"2023-05-26T16:37:38","modified_gmt":"2023-05-26T19:37:38","slug":"cerca-de-1500-docentes-participaran-del-primer-congreso-provincial-de-educacion-vial","status":"publish","type":"post","link":"https:\/\/chacosintesis.com.ar\/index.php\/cerca-de-1500-docentes-participaran-del-primer-congreso-provincial-de-educacion-vial\/","title":{"rendered":"Cerca de 1500 docentes participar\u00e1n del primer Congreso Provincial de Educaci\u00f3n Vial"},"content":{"rendered":"<p>La capacitaci\u00f3n es organizada por el Ministerio de Educaci\u00f3n y la Agencia Nacional de Seguridad Vial. El encuentro se desarrollar\u00e1 el martes 6 de junio, destinado a docentes, directivos y supervisores de los niveles inicial, primario y secundario de la provincia<br \/>\nEl Ministerio de Educaci\u00f3n de la Provincia realizar\u00e1, el martes 6 de junio, el Primer Congreso Provincial de Educaci\u00f3n Vial destinado a docentes, directivos y supervisores de los niveles educativos obligatorios. La inscripci\u00f3n, que abri\u00f3 esta semana, alcanz\u00f3 cerca de 1500 inscriptos, por lo que se complet\u00f3 el cupo.<br \/>\nLa organizaci\u00f3n est\u00e1 a cargo de la Direcci\u00f3n de Formaci\u00f3n y Participaci\u00f3n Ciudadana, en conjunto con la Agencia Nacional de Seguridad Vial, quienes agradecieron el inter\u00e9s de la docencia, teniendo en cuenta que la Educaci\u00f3n Vial es un eje transversal en la escuela, con el objetivo de erradicar la siniestralidad vial.<br \/>\n&#8220;Junto al Plan Federal de la Agencia Nacional de Seguridad Vial consideramos de suma importancia capacitar a las y los docentes de los niveles obligatorios, ya que son pilares en la sociedad y quienes les dan a ni\u00f1os, ni\u00f1as y j\u00f3venes las herramientas para ser ciudadanos y ciudadanas responsables&#8221;, expresaron.<br \/>\nLos congresos de educaci\u00f3n vial presenciales son parte de las nuevas l\u00edneas de acci\u00f3n del Plan Federal de Educaci\u00f3n Vial 2023 de la ANSV, que se complementar\u00e1n con un recorrido virtual de manera asincr\u00f3nica en una plataforma. Estos congresos educativos se vienen llevando adelante en distintas ciudades de cada una de las 21 provincias adheridas a la pol\u00edtica de educaci\u00f3n vial de la Agencia.<br \/>\nEsta iniciativa federal que se present\u00f3 en julio de 2021 contempla la entrega de materiales educativos y cuadernillos pr\u00e1cticos para todos los niveles, la realizaci\u00f3n de talleres para autoridades de los establecimientos, charlas de concientizaci\u00f3n para j\u00f3venes de los \u00faltimos a\u00f1os del secundario y la capacitaci\u00f3n docente con otorgamiento de puntaje. Adem\u00e1s, el plan incorpor\u00f3 en 2022 la participaci\u00f3n del m\u00fasico y compositor Luis Pescetti, quien compuso siete canciones dirigidas al nivel primario, las cuales est\u00e1n acompa\u00f1adas de una gu\u00eda de actividades para poder trabajar en el aula, pensar y reflexionar sobre la seguridad vial en la v\u00eda p\u00fablica.<br \/>\nHasta el a\u00f1o pasado fueron capacitadas en educaci\u00f3n vial m\u00e1s de 41 mil personas en el marco de esta iniciativa, entre docentes, estudiantes, supervisores y directivos. Adem\u00e1s, fueron entregados m\u00e1s de 42 mil cuadernillos sobre tem\u00e1ticas viales en los distintos niveles de escuelas p\u00fablicas y privadas de 21 provincias del pa\u00eds.<br \/>\nEn los pr\u00f3ximos d\u00edas el equipo organizador de la cartera educativa provincial se estar\u00e1 comunicando por correo con las y los inscriptos para la confirmaci\u00f3n de asistencia y del lugar de realizaci\u00f3n, ya que si bien est\u00e1 previsto que se desarrolle en el Sal\u00f3n Auditorio de la Facultad de Arquitectura y Urbanismo de la UNNE, la gran cantidad de participantes podr\u00eda dar lugar a la necesidad de evaluar otra sede con mayor capacidad.<\/p>\n","protected":false},"excerpt":{"rendered":"<p>La capacitaci\u00f3n es organizada por el Ministerio de Educaci\u00f3n y la Agencia Nacional de Seguridad Vial. El encuentro se desarrollar\u00e1 el martes 6 de junio, destinado a docentes, directivos y supervisores de los niveles inicial, primario y secundario de la provincia El Ministerio de Educaci\u00f3n de la Provincia realizar\u00e1, el martes 6 de junio, el [&hellip;]<\/p>\n","protected":false},"author":1,"featured_media":22158,"comment_status":"closed","ping_status":"closed","sticky":false,"template":"","format":"standard","meta":{"footnotes":""},"categories":[6],"tags":[],"class_list":{"0":"post-22157","1":"post","2":"type-post","3":"status-publish","4":"format-standard","5":"has-post-thumbnail","7":"category-chaco"},"_links":{"self":[{"href":"https:\/\/chacosintesis.com.ar\/index.php\/wp-json\/wp\/v2\/posts\/22157","targetHints":{"allow":["GET"]}}],"collection":[{"href":"https:\/\/chacosintesis.com.ar\/index.php\/wp-json\/wp\/v2\/posts"}],"about":[{"href":"https:\/\/chacosintesis.com.ar\/index.php\/wp-json\/wp\/v2\/types\/post"}],"author":[{"embeddable":true,"href":"https:\/\/chacosintesis.com.ar\/index.php\/wp-json\/wp\/v2\/users\/1"}],"replies":[{"embeddable":true,"href":"https:\/\/chacosintesis.com.ar\/index.php\/wp-json\/wp\/v2\/comments?post=22157"}],"version-history":[{"count":0,"href":"https:\/\/chacosintesis.com.ar\/index.php\/wp-json\/wp\/v2\/posts\/22157\/revisions"}],"wp:featuredmedia":[{"embeddable":true,"href":"https:\/\/chacosintesis.com.ar\/index.php\/wp-json\/wp\/v2\/media\/22158"}],"wp:attachment":[{"href":"https:\/\/chacosintesis.com.ar\/index.php\/wp-json\/wp\/v2\/media?parent=22157"}],"wp:term":[{"taxonomy":"category","embeddable":true,"href":"https:\/\/chacosintesis.com.ar\/index.php\/wp-json\/wp\/v2\/categories?post=22157"},{"taxonomy":"post_tag","embeddable":true,"href":"https:\/\/chacosintesis.com.ar\/index.php\/wp-json\/wp\/v2\/tags?post=22157"}],"curies":[{"name":"wp","href":"https:\/\/api.w.org\/{rel}","templated":true}]}}