{"id":221556,"date":"2026-04-29T20:05:10","date_gmt":"2026-04-29T23:05:10","guid":{"rendered":"http:\/\/chacosintesis.com.ar\/index.php\/angela-torres-hizo-historia-con-tres-nominaciones-a-los-premios-gardel-2026_a69f276f17825f881539c7170\/"},"modified":"2026-04-29T20:05:10","modified_gmt":"2026-04-29T23:05:10","slug":"angela-torres-hizo-historia-con-tres-nominaciones-a-los-premios-gardel-2026_a69f276f17825f881539c7170","status":"publish","type":"post","link":"https:\/\/chacosintesis.com.ar\/index.php\/angela-torres-hizo-historia-con-tres-nominaciones-a-los-premios-gardel-2026_a69f276f17825f881539c7170\/","title":{"rendered":"\u00c1ngela Torres hizo historia con tres nominaciones a los Premios Gardel 2026"},"content":{"rendered":"<p><img decoding=\"async\" src=\"data:image\/gif;base64,R0lGODlhAQABAIAAAAAAAP\/\/\/ywAAAAAAQABAAACAUwAOw==\" fifu-lazy=\"1\" fifu-data-sizes=\"auto\" fifu-data-srcset=\"https:\/\/i2.wp.com\/chacosintesis.com.ar\/wp-content\/uploads\/2026\/04\/Angela-Torres-hizo-historia-con-tres-nominaciones-a-los-Premios.jpeg?ssl=1&w=75&resize=75&ssl=1 75w, https:\/\/i2.wp.com\/chacosintesis.com.ar\/wp-content\/uploads\/2026\/04\/Angela-Torres-hizo-historia-con-tres-nominaciones-a-los-Premios.jpeg?ssl=1&w=100&resize=100&ssl=1 100w, https:\/\/i2.wp.com\/chacosintesis.com.ar\/wp-content\/uploads\/2026\/04\/Angela-Torres-hizo-historia-con-tres-nominaciones-a-los-Premios.jpeg?ssl=1&w=150&resize=150&ssl=1 150w, https:\/\/i2.wp.com\/chacosintesis.com.ar\/wp-content\/uploads\/2026\/04\/Angela-Torres-hizo-historia-con-tres-nominaciones-a-los-Premios.jpeg?ssl=1&w=240&resize=240&ssl=1 240w, https:\/\/i2.wp.com\/chacosintesis.com.ar\/wp-content\/uploads\/2026\/04\/Angela-Torres-hizo-historia-con-tres-nominaciones-a-los-Premios.jpeg?ssl=1&w=320&resize=320&ssl=1 320w, https:\/\/i2.wp.com\/chacosintesis.com.ar\/wp-content\/uploads\/2026\/04\/Angela-Torres-hizo-historia-con-tres-nominaciones-a-los-Premios.jpeg?ssl=1&w=500&resize=500&ssl=1 500w, https:\/\/i2.wp.com\/chacosintesis.com.ar\/wp-content\/uploads\/2026\/04\/Angela-Torres-hizo-historia-con-tres-nominaciones-a-los-Premios.jpeg?ssl=1&w=640&resize=640&ssl=1 640w, https:\/\/i2.wp.com\/chacosintesis.com.ar\/wp-content\/uploads\/2026\/04\/Angela-Torres-hizo-historia-con-tres-nominaciones-a-los-Premios.jpeg?ssl=1&w=800&resize=800&ssl=1 800w, https:\/\/i2.wp.com\/chacosintesis.com.ar\/wp-content\/uploads\/2026\/04\/Angela-Torres-hizo-historia-con-tres-nominaciones-a-los-Premios.jpeg?ssl=1&w=1024&resize=1024&ssl=1 1024w, https:\/\/i2.wp.com\/chacosintesis.com.ar\/wp-content\/uploads\/2026\/04\/Angela-Torres-hizo-historia-con-tres-nominaciones-a-los-Premios.jpeg?ssl=1&w=1280&resize=1280&ssl=1 1280w, https:\/\/i2.wp.com\/chacosintesis.com.ar\/wp-content\/uploads\/2026\/04\/Angela-Torres-hizo-historia-con-tres-nominaciones-a-los-Premios.jpeg?ssl=1&w=1600&resize=1600&ssl=1 1600w\" fifu-data-src=\"https:\/\/i2.wp.com\/chacosintesis.com.ar\/wp-content\/uploads\/2026\/04\/Angela-Torres-hizo-historia-con-tres-nominaciones-a-los-Premios.jpeg?ssl=1\" \/><\/p>\n<div itemprop=\"articleBody\">\n<p><a href=\"\/\"><strong>Buenos Aires, 29 abril (NA)<\/strong><\/a> &#8212; La incipiente estrella pop<strong> \u00c1ngela Torres<\/strong> marc\u00f3 un nuevo hito en su carrera y <strong>recibi\u00f3 tres nominaciones a los Premios Gardel 2026<\/strong>, gracias a su primer \u00e1lbum de estudio,<strong> \u201cNo me olvides\u201d, que fue ternado como \u201cMejor \u00e1lbum pop\u201d.<\/strong><\/p>\n<p>El fen\u00f3meno de \u00c1ngela se muestra a trav\u00e9s de un crecimiento vertiginoso y coron\u00f3 el inmenso \u00e9xito del \u00e1lbum debut: el corte \u201c<strong>Tu favorita<\/strong>\u201d competir\u00e1 en las categor\u00edas m\u00e1s importantes, <strong>\u201cCanci\u00f3n del A\u00f1o\u201d y \u201cMejor Canci\u00f3n Pop\u201d<\/strong>, seg\u00fan supo la <a href=\"https:\/\/noticiasargentinas.com\/espectaculos\/angela-torres-y-marcos-giles--juntos-en-velez-antes-del-show-de-shakira_a693772d8dd3ed36fdd3e57dd?srsltid=AfmBOoogLy8QuvDVJQ-3qbJIEw2obN5PWFANmv2f4YVo3S38xaCLhv6N\"><strong>Agencia Noticias Argentinas<\/strong><\/a>.<\/p>\n<p>Fiel a su estilo aut\u00e9ntico y a la estrecha relaci\u00f3n que mantiene con el p\u00fablico, \u00c1ngela comparti\u00f3 la emoci\u00f3n r\u00e1pidamente a trav\u00e9s de su cuenta de <strong>X (ex Twitter)<\/strong> y public\u00f3 un sentido mensaje: &#8220;No puedo creerlo&#8221;.\u00a0<\/p>\n<p>Este enorme reconocimiento llega para consolidar el cap\u00edtulo m\u00e1s ambicioso de su carrera musical, que inici\u00f3 con una presentaci\u00f3n oficial en el Teatro Margarita Xirgu en octubre de 2025 y catapult\u00f3, de manera imparable, a la joven artista.<\/p>\n<p><tadevel-ad  class=\"block-4d\" slot-id=\"article-inline-01\"\/><\/p>\n<p>El primer compilado fue compuesto por once canciones de autor\u00eda propia, bajo la producci\u00f3n de Ferm\u00edn Ugarte, que le permiti\u00f3 exponer su historia con una honestidad arrasadora.\u00a0<\/p>\n<p style=\"--ipspy: __IP__;color: __IP__;text-decoration: __IP__;\" alt=\"__IP__\" data-ipspy=\"__IP__\" title=\"__IP__\">Desde entonces, su imagen fue proyectada en el ic\u00f3nico Times Square bajo el programa EQUAL de Spotify, fue la artista elegida para abrir los shows de Shakira en el Estadio V\u00e9lez Sarsfield y deslumbr\u00f3 ante m\u00e1s de 370.000 personas en la Fiesta de la Confluencia.<span style=\"opacity: 0;\" data-nosnippet=\"\">__IP__<\/span><\/p>\n<p>Sumado a esto, tuvo tres noches consagradas con sus propios shows a sala llena en el emblem\u00e1tico Teatro Gran Rex el pasado 5 de marzo, 11 y 12 de abril, y se alz\u00f3 con el premio Mart\u00edn Fierro a Mejor Talento Revelaci\u00f3n en la categor\u00eda streaming.<\/p>\n<p><a href=\"\/-agenciana_t6916e70a4551e78eb9423f59\">#AgenciaNA<\/a>\u00a0<\/p>\n<\/div>\n<p><img decoding=\"async\" src=\"data:image\/gif;base64,R0lGODlhAQABAIAAAAAAAP\/\/\/ywAAAAAAQABAAACAUwAOw==\" fifu-lazy=\"1\" fifu-data-sizes=\"auto\" fifu-data-srcset=\"https:\/\/i0.wp.com\/chacosintesis.com.ar\/wp-content\/uploads\/2026\/04\/1777503910_774_Angela-Torres-hizo-historia-con-tres-nominaciones-a-los-Premios.jpeg?ssl=1&w=75&resize=75&ssl=1 75w, https:\/\/i0.wp.com\/chacosintesis.com.ar\/wp-content\/uploads\/2026\/04\/1777503910_774_Angela-Torres-hizo-historia-con-tres-nominaciones-a-los-Premios.jpeg?ssl=1&w=100&resize=100&ssl=1 100w, https:\/\/i0.wp.com\/chacosintesis.com.ar\/wp-content\/uploads\/2026\/04\/1777503910_774_Angela-Torres-hizo-historia-con-tres-nominaciones-a-los-Premios.jpeg?ssl=1&w=150&resize=150&ssl=1 150w, https:\/\/i0.wp.com\/chacosintesis.com.ar\/wp-content\/uploads\/2026\/04\/1777503910_774_Angela-Torres-hizo-historia-con-tres-nominaciones-a-los-Premios.jpeg?ssl=1&w=240&resize=240&ssl=1 240w, https:\/\/i0.wp.com\/chacosintesis.com.ar\/wp-content\/uploads\/2026\/04\/1777503910_774_Angela-Torres-hizo-historia-con-tres-nominaciones-a-los-Premios.jpeg?ssl=1&w=320&resize=320&ssl=1 320w, https:\/\/i0.wp.com\/chacosintesis.com.ar\/wp-content\/uploads\/2026\/04\/1777503910_774_Angela-Torres-hizo-historia-con-tres-nominaciones-a-los-Premios.jpeg?ssl=1&w=500&resize=500&ssl=1 500w, https:\/\/i0.wp.com\/chacosintesis.com.ar\/wp-content\/uploads\/2026\/04\/1777503910_774_Angela-Torres-hizo-historia-con-tres-nominaciones-a-los-Premios.jpeg?ssl=1&w=640&resize=640&ssl=1 640w, https:\/\/i0.wp.com\/chacosintesis.com.ar\/wp-content\/uploads\/2026\/04\/1777503910_774_Angela-Torres-hizo-historia-con-tres-nominaciones-a-los-Premios.jpeg?ssl=1&w=800&resize=800&ssl=1 800w, https:\/\/i0.wp.com\/chacosintesis.com.ar\/wp-content\/uploads\/2026\/04\/1777503910_774_Angela-Torres-hizo-historia-con-tres-nominaciones-a-los-Premios.jpeg?ssl=1&w=1024&resize=1024&ssl=1 1024w, https:\/\/i0.wp.com\/chacosintesis.com.ar\/wp-content\/uploads\/2026\/04\/1777503910_774_Angela-Torres-hizo-historia-con-tres-nominaciones-a-los-Premios.jpeg?ssl=1&w=1280&resize=1280&ssl=1 1280w, https:\/\/i0.wp.com\/chacosintesis.com.ar\/wp-content\/uploads\/2026\/04\/1777503910_774_Angela-Torres-hizo-historia-con-tres-nominaciones-a-los-Premios.jpeg?ssl=1&w=1600&resize=1600&ssl=1 1600w\" fifu-data-src=\"https:\/\/i0.wp.com\/chacosintesis.com.ar\/wp-content\/uploads\/2026\/04\/1777503910_774_Angela-Torres-hizo-historia-con-tres-nominaciones-a-los-Premios.jpeg?ssl=1\"><\/p>\n<p>Noticias Argentinas<\/p>\n","protected":false},"excerpt":{"rendered":"<p>Buenos Aires, 29 abril (NA) &#8212; La incipiente estrella pop \u00c1ngela Torres marc\u00f3 un nuevo hito en su carrera y recibi\u00f3 tres nominaciones a los Premios Gardel 2026, gracias a su primer \u00e1lbum de estudio, \u201cNo me olvides\u201d, que fue ternado como \u201cMejor \u00e1lbum pop\u201d. El fen\u00f3meno de \u00c1ngela se muestra a trav\u00e9s de un [&hellip;]<\/p>\n","protected":false},"author":1,"featured_media":221568,"comment_status":"closed","ping_status":"","sticky":false,"template":"","format":"standard","meta":{"footnotes":""},"categories":[188],"tags":[],"class_list":{"0":"post-221556","1":"post","2":"type-post","3":"status-publish","4":"format-standard","5":"has-post-thumbnail","7":"category-farandula"},"_links":{"self":[{"href":"https:\/\/chacosintesis.com.ar\/index.php\/wp-json\/wp\/v2\/posts\/221556","targetHints":{"allow":["GET"]}}],"collection":[{"href":"https:\/\/chacosintesis.com.ar\/index.php\/wp-json\/wp\/v2\/posts"}],"about":[{"href":"https:\/\/chacosintesis.com.ar\/index.php\/wp-json\/wp\/v2\/types\/post"}],"author":[{"embeddable":true,"href":"https:\/\/chacosintesis.com.ar\/index.php\/wp-json\/wp\/v2\/users\/1"}],"replies":[{"embeddable":true,"href":"https:\/\/chacosintesis.com.ar\/index.php\/wp-json\/wp\/v2\/comments?post=221556"}],"version-history":[{"count":0,"href":"https:\/\/chacosintesis.com.ar\/index.php\/wp-json\/wp\/v2\/posts\/221556\/revisions"}],"wp:featuredmedia":[{"embeddable":true,"href":"https:\/\/chacosintesis.com.ar\/index.php\/wp-json\/wp\/v2\/media\/221568"}],"wp:attachment":[{"href":"https:\/\/chacosintesis.com.ar\/index.php\/wp-json\/wp\/v2\/media?parent=221556"}],"wp:term":[{"taxonomy":"category","embeddable":true,"href":"https:\/\/chacosintesis.com.ar\/index.php\/wp-json\/wp\/v2\/categories?post=221556"},{"taxonomy":"post_tag","embeddable":true,"href":"https:\/\/chacosintesis.com.ar\/index.php\/wp-json\/wp\/v2\/tags?post=221556"}],"curies":[{"name":"wp","href":"https:\/\/api.w.org\/{rel}","templated":true}]}}