{"id":22151,"date":"2023-05-26T16:25:22","date_gmt":"2023-05-26T19:25:22","guid":{"rendered":"https:\/\/chacosintesis.com.ar\/?p=22151"},"modified":"2023-05-26T16:37:36","modified_gmt":"2023-05-26T19:37:36","slug":"se-ultiman-los-detalles-para-iniciar-la-construccion-de-las-100-primeras-viviendas-en-el-barrio-6-de-septiembre-de-resistencia","status":"publish","type":"post","link":"https:\/\/chacosintesis.com.ar\/index.php\/se-ultiman-los-detalles-para-iniciar-la-construccion-de-las-100-primeras-viviendas-en-el-barrio-6-de-septiembre-de-resistencia\/","title":{"rendered":"Se ultiman los detalles para iniciar la construcci\u00f3n de las 100 primeras viviendas en el barrio 6 de Septiembre de Resistencia"},"content":{"rendered":"<p>La ministra de Ambiente y Desarrollo Territorial y el titular del IAFEP se reunieron con cooperativas y representantes barriales para avanzar en el plan de urbanizaci\u00f3n de la zona. &#8220;Son pol\u00edticas de Estado que apuntan al desarrollo y la consolidaci\u00f3n urban\u00edstica logrando llegar con los servicios y la infraestructura adecuada&#8221;, expres\u00f3 Soneira.<br \/>\nLa ministra de Ambiente y Desarrollo Territorial Sostenible Marta Soneira encabez\u00f3, junto al presidente del Instituto de Agricultura Familiar y Econom\u00eda Familiar (IAFEP) Mauro Andi\u00f3n, una reuni\u00f3n con representantes de cooperativas y de vecinas y vecinos del barrio 6 de Septiembre, para coordinar las pr\u00f3ximas acciones del plan de urbanizaci\u00f3n de la zona, donde pr\u00f3ximamente se iniciar\u00e1n las obras de construcci\u00f3n de las 100 primeras viviendas en esta zona.<br \/>\n\u201cEstas son pol\u00edticas de Estado que apuntan al desarrollo y la consolidaci\u00f3n urban\u00edstica de Resistencia logrando llegar con los servicios y la infraestructura adecuada\u201d, expres\u00f3 la ministra Soneira.<br \/>\nEn el barrio la cartera ambiental despleg\u00f3 los equipos de las subsecretar\u00edas de Ordenamiento Territorial, de Articulaci\u00f3n Comunitaria y Gesti\u00f3n de Tierras, del Equipo H\u00e1bitat, Banco de Tierras, de Proyectos, abogados y agrimensores para inicialmente generar los lotes urbanos. \u201cReubicamos a las 639 familias que viven all\u00ed, liberamos las trazas, generamos las calles y estamos llevando el agua y la luz para dar inicio a m\u00faltiples obras m\u00e1s\u201d, afirm\u00f3.<br \/>\n\u201cEstas acciones forman parte de una clara pol\u00edtica de Estado definida por el gobernador Jorge Capitanich sobre mejora y acceso a un h\u00e1bitat adecuado para las chaque\u00f1as y los chaque\u00f1os\u201d, finaliz\u00f3 Soneira<\/p>\n","protected":false},"excerpt":{"rendered":"<p>La ministra de Ambiente y Desarrollo Territorial y el titular del IAFEP se reunieron con cooperativas y representantes barriales para avanzar en el plan de urbanizaci\u00f3n de la zona. &#8220;Son pol\u00edticas de Estado que apuntan al desarrollo y la consolidaci\u00f3n urban\u00edstica logrando llegar con los servicios y la infraestructura adecuada&#8221;, expres\u00f3 Soneira. La ministra de [&hellip;]<\/p>\n","protected":false},"author":1,"featured_media":22152,"comment_status":"closed","ping_status":"closed","sticky":false,"template":"","format":"standard","meta":{"footnotes":""},"categories":[6],"tags":[],"class_list":{"0":"post-22151","1":"post","2":"type-post","3":"status-publish","4":"format-standard","5":"has-post-thumbnail","7":"category-chaco"},"_links":{"self":[{"href":"https:\/\/chacosintesis.com.ar\/index.php\/wp-json\/wp\/v2\/posts\/22151","targetHints":{"allow":["GET"]}}],"collection":[{"href":"https:\/\/chacosintesis.com.ar\/index.php\/wp-json\/wp\/v2\/posts"}],"about":[{"href":"https:\/\/chacosintesis.com.ar\/index.php\/wp-json\/wp\/v2\/types\/post"}],"author":[{"embeddable":true,"href":"https:\/\/chacosintesis.com.ar\/index.php\/wp-json\/wp\/v2\/users\/1"}],"replies":[{"embeddable":true,"href":"https:\/\/chacosintesis.com.ar\/index.php\/wp-json\/wp\/v2\/comments?post=22151"}],"version-history":[{"count":0,"href":"https:\/\/chacosintesis.com.ar\/index.php\/wp-json\/wp\/v2\/posts\/22151\/revisions"}],"wp:featuredmedia":[{"embeddable":true,"href":"https:\/\/chacosintesis.com.ar\/index.php\/wp-json\/wp\/v2\/media\/22152"}],"wp:attachment":[{"href":"https:\/\/chacosintesis.com.ar\/index.php\/wp-json\/wp\/v2\/media?parent=22151"}],"wp:term":[{"taxonomy":"category","embeddable":true,"href":"https:\/\/chacosintesis.com.ar\/index.php\/wp-json\/wp\/v2\/categories?post=22151"},{"taxonomy":"post_tag","embeddable":true,"href":"https:\/\/chacosintesis.com.ar\/index.php\/wp-json\/wp\/v2\/tags?post=22151"}],"curies":[{"name":"wp","href":"https:\/\/api.w.org\/{rel}","templated":true}]}}