{"id":221507,"date":"2026-04-29T17:04:18","date_gmt":"2026-04-29T20:04:18","guid":{"rendered":"https:\/\/chacosintesis.com.ar\/index.php\/a-mirtha-legrand-le-afecto-mucho-el-fallecimiento-de-luis-brandoni-_a69f2594b7825f8815399886e\/"},"modified":"2026-04-29T17:04:18","modified_gmt":"2026-04-29T20:04:18","slug":"a-mirtha-legrand-le-afecto-mucho-el-fallecimiento-de-luis-brandoni-_a69f2594b7825f8815399886e","status":"publish","type":"post","link":"https:\/\/chacosintesis.com.ar\/index.php\/a-mirtha-legrand-le-afecto-mucho-el-fallecimiento-de-luis-brandoni-_a69f2594b7825f8815399886e\/","title":{"rendered":"A Mirtha Legrand \u201cle afect\u00f3 mucho el fallecimiento de Luis Brandoni\u201d"},"content":{"rendered":"<p><img decoding=\"async\" src=\"data:image\/gif;base64,R0lGODlhAQABAIAAAAAAAP\/\/\/ywAAAAAAQABAAACAUwAOw==\" fifu-lazy=\"1\" fifu-data-sizes=\"auto\" fifu-data-srcset=\"https:\/\/i2.wp.com\/chacosintesis.com.ar\/wp-content\/uploads\/2026\/04\/A-Mirtha-Legrand-le-afecto-mucho-el-fallecimiento-de-Luis.jpeg?ssl=1&w=75&resize=75&ssl=1 75w, https:\/\/i2.wp.com\/chacosintesis.com.ar\/wp-content\/uploads\/2026\/04\/A-Mirtha-Legrand-le-afecto-mucho-el-fallecimiento-de-Luis.jpeg?ssl=1&w=100&resize=100&ssl=1 100w, https:\/\/i2.wp.com\/chacosintesis.com.ar\/wp-content\/uploads\/2026\/04\/A-Mirtha-Legrand-le-afecto-mucho-el-fallecimiento-de-Luis.jpeg?ssl=1&w=150&resize=150&ssl=1 150w, https:\/\/i2.wp.com\/chacosintesis.com.ar\/wp-content\/uploads\/2026\/04\/A-Mirtha-Legrand-le-afecto-mucho-el-fallecimiento-de-Luis.jpeg?ssl=1&w=240&resize=240&ssl=1 240w, https:\/\/i2.wp.com\/chacosintesis.com.ar\/wp-content\/uploads\/2026\/04\/A-Mirtha-Legrand-le-afecto-mucho-el-fallecimiento-de-Luis.jpeg?ssl=1&w=320&resize=320&ssl=1 320w, https:\/\/i2.wp.com\/chacosintesis.com.ar\/wp-content\/uploads\/2026\/04\/A-Mirtha-Legrand-le-afecto-mucho-el-fallecimiento-de-Luis.jpeg?ssl=1&w=500&resize=500&ssl=1 500w, https:\/\/i2.wp.com\/chacosintesis.com.ar\/wp-content\/uploads\/2026\/04\/A-Mirtha-Legrand-le-afecto-mucho-el-fallecimiento-de-Luis.jpeg?ssl=1&w=640&resize=640&ssl=1 640w, https:\/\/i2.wp.com\/chacosintesis.com.ar\/wp-content\/uploads\/2026\/04\/A-Mirtha-Legrand-le-afecto-mucho-el-fallecimiento-de-Luis.jpeg?ssl=1&w=800&resize=800&ssl=1 800w, https:\/\/i2.wp.com\/chacosintesis.com.ar\/wp-content\/uploads\/2026\/04\/A-Mirtha-Legrand-le-afecto-mucho-el-fallecimiento-de-Luis.jpeg?ssl=1&w=1024&resize=1024&ssl=1 1024w, https:\/\/i2.wp.com\/chacosintesis.com.ar\/wp-content\/uploads\/2026\/04\/A-Mirtha-Legrand-le-afecto-mucho-el-fallecimiento-de-Luis.jpeg?ssl=1&w=1280&resize=1280&ssl=1 1280w, https:\/\/i2.wp.com\/chacosintesis.com.ar\/wp-content\/uploads\/2026\/04\/A-Mirtha-Legrand-le-afecto-mucho-el-fallecimiento-de-Luis.jpeg?ssl=1&w=1600&resize=1600&ssl=1 1600w\" fifu-data-src=\"https:\/\/i2.wp.com\/chacosintesis.com.ar\/wp-content\/uploads\/2026\/04\/A-Mirtha-Legrand-le-afecto-mucho-el-fallecimiento-de-Luis.jpeg?ssl=1\" \/><\/p>\n<div itemprop=\"articleBody\">\n<p><a href=\"\/\"><strong>Buenos Aires, 29 abril (NA<\/strong><\/a>) &#8212; El empresario teatral <strong>Carlos Rottemberg<\/strong> sostuvo que a la ic\u00f3nica conductora <strong>Mirtha Legrand &#8220;le afect\u00f3 mucho el fallecimiento de Luis Brandoni&#8221;<\/strong>, ocurrido el pasado 20 de abril. Adem\u00e1s, la diva atraviesa un <strong>fuerte cuadro gripal por el que contin\u00faa en reposo<\/strong>.<\/p>\n<p>Seg\u00fan supo la <a href=\"http:\/\/noticiasargentinas.com\/espectaculos\/tete-coustarot-llevo-tranquilidad-sobre-la-salud-de-mirtha-legrand_a69ef4d107825f8815356c67e\"><strong>Agencia Noticias Argentinas<\/strong><\/a> y, tal como relat\u00f3 el empresario teatral en declaraciones televisivas, mantuvo una llamada telef\u00f3nica con Legrand ayer <strong>\u201cen base a la cantidad de preguntas que hubo desde el lado period\u00edstico sobre su salud\u201d.<\/strong><\/p>\n<p><strong>\u201cMirtha est\u00e1 bien, actualmente sale de una gripe viral y no hay otra cosa\u201d<\/strong>, explic\u00f3, y sostuvo que el di\u00e1logo no se bas\u00f3 en la salud de la diva: <strong>\u201cHablamos sobre otros temas, fundamentalmente sobre lo que ocurri\u00f3 una semana atr\u00e1s con el fallecimiento de Luis Brandoni, que la afect\u00f3 mucho y que justo en ese momento estaba en el pico de su problem\u00e1tica gripal; entonces estuvo m\u00e1s ausente\u201d.<\/strong><\/p>\n<p><tadevel-ad  class=\"block-4d\" slot-id=\"article-inline-01\"\/><\/p>\n<p style=\"--ipspy: __IP__;color: __IP__;text-decoration: __IP__;\" alt=\"__IP__\" data-ipspy=\"__IP__\" title=\"__IP__\">En tono jocoso y ante la notable preocupaci\u00f3n de los medios de comunicaci\u00f3n y el ambiente art\u00edstico, Rottemberg pidi\u00f3 sobre Mirtha: <strong>\u201cPermit\u00e1mosle tener una gripe\u201d.<\/strong> No obstante, detall\u00f3 que se trata de <strong>\u201cun cuadro fuerte\u201d y que \u201cel doctor le aconsej\u00f3 que por unas semanas falte a su trabajo, entre otras cosas\u201d.<\/strong><span style=\"opacity: 0;\" data-nosnippet=\"\">__IP__<\/span><\/p>\n<p>Adem\u00e1s, indic\u00f3 que el padecimiento se debe <strong>\u201cprincipalmente al aire acondicionado, al que Mirtha atribuye haber tenido mucho fr\u00edo durante una funci\u00f3n teatral\u201d<\/strong> y relat\u00f3: \u201c<strong>Ella me dijo que \u2018por ser tan conocida\u2019 no se quiso cambiar de butaca \u2018y, a lo mejor, me com\u00ed todo el fr\u00edo\u2019\u201d.<\/strong><\/p>\n<p><a href=\"\/-agenciana_t6916e70a4551e78eb9423f59\"><strong>#AgenciaNA<\/strong><\/a><strong>\u00a0<\/strong><\/p>\n<\/div>\n<p><img decoding=\"async\" src=\"data:image\/gif;base64,R0lGODlhAQABAIAAAAAAAP\/\/\/ywAAAAAAQABAAACAUwAOw==\" fifu-lazy=\"1\" fifu-data-sizes=\"auto\" fifu-data-srcset=\"https:\/\/i1.wp.com\/chacosintesis.com.ar\/wp-content\/uploads\/2026\/04\/1777493058_579_A-Mirtha-Legrand-le-afecto-mucho-el-fallecimiento-de-Luis.jpeg?ssl=1&w=75&resize=75&ssl=1 75w, https:\/\/i1.wp.com\/chacosintesis.com.ar\/wp-content\/uploads\/2026\/04\/1777493058_579_A-Mirtha-Legrand-le-afecto-mucho-el-fallecimiento-de-Luis.jpeg?ssl=1&w=100&resize=100&ssl=1 100w, https:\/\/i1.wp.com\/chacosintesis.com.ar\/wp-content\/uploads\/2026\/04\/1777493058_579_A-Mirtha-Legrand-le-afecto-mucho-el-fallecimiento-de-Luis.jpeg?ssl=1&w=150&resize=150&ssl=1 150w, https:\/\/i1.wp.com\/chacosintesis.com.ar\/wp-content\/uploads\/2026\/04\/1777493058_579_A-Mirtha-Legrand-le-afecto-mucho-el-fallecimiento-de-Luis.jpeg?ssl=1&w=240&resize=240&ssl=1 240w, https:\/\/i1.wp.com\/chacosintesis.com.ar\/wp-content\/uploads\/2026\/04\/1777493058_579_A-Mirtha-Legrand-le-afecto-mucho-el-fallecimiento-de-Luis.jpeg?ssl=1&w=320&resize=320&ssl=1 320w, https:\/\/i1.wp.com\/chacosintesis.com.ar\/wp-content\/uploads\/2026\/04\/1777493058_579_A-Mirtha-Legrand-le-afecto-mucho-el-fallecimiento-de-Luis.jpeg?ssl=1&w=500&resize=500&ssl=1 500w, https:\/\/i1.wp.com\/chacosintesis.com.ar\/wp-content\/uploads\/2026\/04\/1777493058_579_A-Mirtha-Legrand-le-afecto-mucho-el-fallecimiento-de-Luis.jpeg?ssl=1&w=640&resize=640&ssl=1 640w, https:\/\/i1.wp.com\/chacosintesis.com.ar\/wp-content\/uploads\/2026\/04\/1777493058_579_A-Mirtha-Legrand-le-afecto-mucho-el-fallecimiento-de-Luis.jpeg?ssl=1&w=800&resize=800&ssl=1 800w, https:\/\/i1.wp.com\/chacosintesis.com.ar\/wp-content\/uploads\/2026\/04\/1777493058_579_A-Mirtha-Legrand-le-afecto-mucho-el-fallecimiento-de-Luis.jpeg?ssl=1&w=1024&resize=1024&ssl=1 1024w, https:\/\/i1.wp.com\/chacosintesis.com.ar\/wp-content\/uploads\/2026\/04\/1777493058_579_A-Mirtha-Legrand-le-afecto-mucho-el-fallecimiento-de-Luis.jpeg?ssl=1&w=1280&resize=1280&ssl=1 1280w, https:\/\/i1.wp.com\/chacosintesis.com.ar\/wp-content\/uploads\/2026\/04\/1777493058_579_A-Mirtha-Legrand-le-afecto-mucho-el-fallecimiento-de-Luis.jpeg?ssl=1&w=1600&resize=1600&ssl=1 1600w\" fifu-data-src=\"https:\/\/i1.wp.com\/chacosintesis.com.ar\/wp-content\/uploads\/2026\/04\/1777493058_579_A-Mirtha-Legrand-le-afecto-mucho-el-fallecimiento-de-Luis.jpeg?ssl=1\"><\/p>\n<p>Noticias Argentinas<\/p>\n","protected":false},"excerpt":{"rendered":"<p>Buenos Aires, 29 abril (NA) &#8212; El empresario teatral Carlos Rottemberg sostuvo que a la ic\u00f3nica conductora Mirtha Legrand &#8220;le afect\u00f3 mucho el fallecimiento de Luis Brandoni&#8221;, ocurrido el pasado 20 de abril. Adem\u00e1s, la diva atraviesa un fuerte cuadro gripal por el que contin\u00faa en reposo. Seg\u00fan supo la Agencia Noticias Argentinas y, tal [&hellip;]<\/p>\n","protected":false},"author":1,"featured_media":221515,"comment_status":"closed","ping_status":"","sticky":false,"template":"","format":"standard","meta":{"footnotes":""},"categories":[188],"tags":[],"class_list":{"0":"post-221507","1":"post","2":"type-post","3":"status-publish","4":"format-standard","5":"has-post-thumbnail","7":"category-farandula"},"_links":{"self":[{"href":"https:\/\/chacosintesis.com.ar\/index.php\/wp-json\/wp\/v2\/posts\/221507","targetHints":{"allow":["GET"]}}],"collection":[{"href":"https:\/\/chacosintesis.com.ar\/index.php\/wp-json\/wp\/v2\/posts"}],"about":[{"href":"https:\/\/chacosintesis.com.ar\/index.php\/wp-json\/wp\/v2\/types\/post"}],"author":[{"embeddable":true,"href":"https:\/\/chacosintesis.com.ar\/index.php\/wp-json\/wp\/v2\/users\/1"}],"replies":[{"embeddable":true,"href":"https:\/\/chacosintesis.com.ar\/index.php\/wp-json\/wp\/v2\/comments?post=221507"}],"version-history":[{"count":0,"href":"https:\/\/chacosintesis.com.ar\/index.php\/wp-json\/wp\/v2\/posts\/221507\/revisions"}],"wp:featuredmedia":[{"embeddable":true,"href":"https:\/\/chacosintesis.com.ar\/index.php\/wp-json\/wp\/v2\/media\/221515"}],"wp:attachment":[{"href":"https:\/\/chacosintesis.com.ar\/index.php\/wp-json\/wp\/v2\/media?parent=221507"}],"wp:term":[{"taxonomy":"category","embeddable":true,"href":"https:\/\/chacosintesis.com.ar\/index.php\/wp-json\/wp\/v2\/categories?post=221507"},{"taxonomy":"post_tag","embeddable":true,"href":"https:\/\/chacosintesis.com.ar\/index.php\/wp-json\/wp\/v2\/tags?post=221507"}],"curies":[{"name":"wp","href":"https:\/\/api.w.org\/{rel}","templated":true}]}}