{"id":221486,"date":"2026-04-29T16:08:09","date_gmt":"2026-04-29T19:08:09","guid":{"rendered":"https:\/\/chacosintesis.com.ar\/index.php\/milei-se-peleo-con-diputados-opositores-aplaudio-el-discurso-de-adorni-y-critico-a-los-periodistas\/"},"modified":"2026-04-29T16:08:09","modified_gmt":"2026-04-29T19:08:09","slug":"milei-se-peleo-con-diputados-opositores-aplaudio-el-discurso-de-adorni-y-critico-a-los-periodistas","status":"publish","type":"post","link":"https:\/\/chacosintesis.com.ar\/index.php\/milei-se-peleo-con-diputados-opositores-aplaudio-el-discurso-de-adorni-y-critico-a-los-periodistas\/","title":{"rendered":"Milei se pele\u00f3 con diputados opositores, aplaudi\u00f3 el discurso de Adorni y critic\u00f3 a los periodistas"},"content":{"rendered":"<p><\/p>\n<div>\n<aside class=\"scaip scaip-1    \">\n\t\t<\/aside>\n<p>El paso del presidente Javier Milei por el Congreso dej\u00f3 una escena cargada de gritos, acusaciones y clima de alta tensi\u00f3n pol\u00edtica. En medio del discurso del jefe de Gabinete Manuel Adorni y acompa\u00f1ado por la totalidad de los ministros de su gabinete, <strong>el primer mandatario protagoniz\u00f3 fuertes cruces con diputados de la izquierda y redobl\u00f3 sus cuestionamientos contra la prensa.<\/strong><\/p>\n<p>El momento m\u00e1s caliente se produjo cuando Milei lanz\u00f3 duras acusaciones contra legisladores opositores, en particular hacia la diputada nacional\u00a0Myriam Bregman\u00a0quien lo increp\u00f3 mientras Adorni hac\u00eda referencia al alineamiento del Gobierno argentino con Israel. <em>\u201cSus ideas mataron a 150 millones de personas. <strong>\u00a1Ustedes son los asesinos!\u201d<\/strong><\/em>, vocifer\u00f3 el presidente mientras miraba hacia las bancas del bloque de izquierda.<\/p>\n<aside class=\"scaip scaip-2    \">\n\t\t<\/aside>\n<p>Otro de los momentos de tensi\u00f3n tuvo lugar ante la consulta de los periodistas acreditados en el recinto: <em>\u201cPresidente, \u00bfAdorni es corrupto?\u201d<\/em>, Milei -sin frenar y sin mirar- grit\u00f3 <em>\u201c<strong>ustedes son corruptos<\/strong>\u201c<\/em>.<\/p>\n<p>El trasfondo no es menor. La exposici\u00f3n de Adorni en Diputados se da en medio de cuestionamientos por su patrimonio y denuncias que sacuden al oficialismo, lo que convirti\u00f3 su presentaci\u00f3n en un escenario pol\u00edtico clave.<\/p>\n<aside class=\"scaip scaip-3    \">\n\t\t<\/aside>\n<p>Lejos de tomar distancia, <strong>Milei <\/strong>se mostr\u00f3 alineado con su funcionario y <strong>celebr\u00f3 cada intervenci\u00f3n con gritos, cantos y aplausos<\/strong> que fueron compartidos por los militantes libertarios que se encontraban en el recinto, en un gesto de respaldo expl\u00edcito en un momento delicado para la gesti\u00f3n.<\/p>\n<p>Cuando abandonaba el recinto, el presidente fue abordado por la prensa que le consult\u00f3 si le parec\u00eda que lo expuesto por Adorni era suficiente. <strong>Milei <\/strong>no fren\u00f3, sigui\u00f3 de largo y afirm\u00f3: <em><strong>\u201cEs m\u00e1s que suficiente, el caso est\u00e1 cerrado, chorros, corruptos\u201d.<\/strong><\/em><\/p>\n<aside class=\"scaip scaip-4    \">\n\t\t<\/aside>\n<p><h3 class=\"jp-relatedposts-headline\"><em>M\u00c1S NOTICIAS:<\/em><\/h3>\n<\/p>\n<section id=\"block-24\" class=\"below-content widget widget_block\"\/>\t<\/div>\n","protected":false},"excerpt":{"rendered":"<p>El paso del presidente Javier Milei por el Congreso dej\u00f3 una escena cargada de gritos, acusaciones y clima de alta tensi\u00f3n pol\u00edtica. En medio del discurso del jefe de Gabinete Manuel Adorni y acompa\u00f1ado por la totalidad de los ministros de su gabinete, el primer mandatario protagoniz\u00f3 fuertes cruces con diputados de la izquierda y [&hellip;]<\/p>\n","protected":false},"author":1,"featured_media":221496,"comment_status":"","ping_status":"","sticky":false,"template":"","format":"standard","meta":{"footnotes":""},"categories":[8],"tags":[],"class_list":{"0":"post-221486","1":"post","2":"type-post","3":"status-publish","4":"format-standard","5":"has-post-thumbnail","7":"category-nacionales"},"_links":{"self":[{"href":"https:\/\/chacosintesis.com.ar\/index.php\/wp-json\/wp\/v2\/posts\/221486","targetHints":{"allow":["GET"]}}],"collection":[{"href":"https:\/\/chacosintesis.com.ar\/index.php\/wp-json\/wp\/v2\/posts"}],"about":[{"href":"https:\/\/chacosintesis.com.ar\/index.php\/wp-json\/wp\/v2\/types\/post"}],"author":[{"embeddable":true,"href":"https:\/\/chacosintesis.com.ar\/index.php\/wp-json\/wp\/v2\/users\/1"}],"replies":[{"embeddable":true,"href":"https:\/\/chacosintesis.com.ar\/index.php\/wp-json\/wp\/v2\/comments?post=221486"}],"version-history":[{"count":0,"href":"https:\/\/chacosintesis.com.ar\/index.php\/wp-json\/wp\/v2\/posts\/221486\/revisions"}],"wp:featuredmedia":[{"embeddable":true,"href":"https:\/\/chacosintesis.com.ar\/index.php\/wp-json\/wp\/v2\/media\/221496"}],"wp:attachment":[{"href":"https:\/\/chacosintesis.com.ar\/index.php\/wp-json\/wp\/v2\/media?parent=221486"}],"wp:term":[{"taxonomy":"category","embeddable":true,"href":"https:\/\/chacosintesis.com.ar\/index.php\/wp-json\/wp\/v2\/categories?post=221486"},{"taxonomy":"post_tag","embeddable":true,"href":"https:\/\/chacosintesis.com.ar\/index.php\/wp-json\/wp\/v2\/tags?post=221486"}],"curies":[{"name":"wp","href":"https:\/\/api.w.org\/{rel}","templated":true}]}}