{"id":221441,"date":"2026-04-29T14:07:11","date_gmt":"2026-04-29T17:07:11","guid":{"rendered":"https:\/\/chacosintesis.com.ar\/index.php\/la-defensa-de-manuel-adorni-en-el-congreso-no-cometi-ningun-delito\/"},"modified":"2026-04-29T14:07:11","modified_gmt":"2026-04-29T17:07:11","slug":"la-defensa-de-manuel-adorni-en-el-congreso-no-cometi-ningun-delito","status":"publish","type":"post","link":"https:\/\/chacosintesis.com.ar\/index.php\/la-defensa-de-manuel-adorni-en-el-congreso-no-cometi-ningun-delito\/","title":{"rendered":"La defensa de Manuel Adorni en el Congreso: \u201cNo comet\u00ed ning\u00fan delito\u201d"},"content":{"rendered":"<p><\/p>\n<div>\n<aside class=\"scaip scaip-1    \">\n\t\t<\/aside>\n<p>El jefe de Gabinete <strong>Manuel Adorni<\/strong> se defendi\u00f3 de las acusaciones sobre el crecimiento de su patrimonio personal y los pol\u00e9micos viajes, entre ellos, el de su esposa <strong>Bettina Angeletti <\/strong>junto a la comitiva oficial de Presidencia a Nueva York.<\/p>\n<p>\u201c<em>Fue aclarado en la justicia que mi esposa viaj\u00f3 como invitada exclusivamente en el vuelo de salida del pa\u00eds y que regres\u00f3 en un vuelo comercial el 15 de marzo de 2026<\/em>\u201d, expres\u00f3, y complet\u00f3: \u201c<em>Se concluy\u00f3 que la documentaci\u00f3n vinculadas al manifiesto de vuelos y las resoluciones aprobatorias no representan ninguna irregularidad<\/em>\u201d.<\/p>\n<aside class=\"scaip scaip-2    \">\n\t\t<\/aside>\n<p>\u201c<em>La fiscal archiv\u00f3 la causa y no hubo delito<\/em>\u201c, sostuvo el vocero presidencial, seguido desde el palco por el presidente <strong>Javier Milei<\/strong> y otros ministros del gabinete. \u201c<em>No existi\u00f3 delito en la invitaci\u00f3n de mi esposa cuya comitiva oficial fue aprobada por decreto<\/em>\u201c, postul\u00f3.<\/p>\n<p>\u201c<em>Ped\u00ed disculpas a los argentinos, entendiendo que mi conducta debe ser siempre clara y me puse a disposici\u00f3n de la Justicia frente a cada denuncia. Estas disculpas han sido utilizadas por algunos como una herramienta pol\u00edtica para obstaculizar la gesti\u00f3n del Gobierno, lo cual no me sorprende<\/em>\u201c, agreg\u00f3.<\/p>\n<aside class=\"scaip scaip-3    \">\n\t\t<\/aside>\n<figure class=\"wp-block-video\"><video height=\"270\" style=\"aspect-ratio: 480 \/ 270;\" width=\"480\" controls=\"\" class=\"perfmatters-lazy\" data-src=\"https:\/\/www.elsol.com.ar\/wp-content\/uploads\/2026\/04\/adorni-no-cometi-ningun-delito.mp4\"\/><\/figure>\n<p>\u201c<em>No se trataron de viajes financiados por terceros ni obsequios<\/em>\u201c, asegur\u00f3 y destac\u00f3 que \u201c<em>afront\u00e9 yo mismo los pagos de los viajes de mi familia. El Estado Nacional no registra ning\u00fan pago de costos sobre mis viajes personales y es por eso que inform\u00e9 siempre el car\u00e1cter privado y propio de mis erogaciones<\/em>\u201c.<\/p>\n<figure class=\"wp-block-video\"><video height=\"270\" style=\"aspect-ratio: 480 \/ 270;\" width=\"480\" controls=\"\" class=\"perfmatters-lazy\" data-src=\"https:\/\/www.elsol.com.ar\/wp-content\/uploads\/2026\/04\/adorni-viajes.mp4\"\/><\/figure>\n<p>Sobre su patrimonio, explic\u00f3 que \u201c<em>a\u00fan no venci\u00f3 el plazo de mi declaraci\u00f3n jurada<\/em>\u201c. <\/p>\n<aside class=\"scaip scaip-4    \">\n\t\t<\/aside>\n<p>Hacia el final de su apartado sobre este cap\u00edtulo del informe, donde respondi\u00f3 cuatro preguntas en torno al esc\u00e1ndalo, asegur\u00f3 que \u201c<em>han sacado conclusiones equivocadas.\u00a0No comet\u00ed ning\u00fan delito y voy a probarlo en la Justicia<\/em>\u201c.<\/p>\n<figure class=\"wp-block-video\"><video height=\"270\" style=\"aspect-ratio: 480 \/ 270;\" width=\"480\" controls=\"\" class=\"perfmatters-lazy\" data-src=\"https:\/\/www.elsol.com.ar\/wp-content\/uploads\/2026\/04\/adorni-grandio.mp4\"\/><\/figure>\n<p>Tambi\u00e9n recalc\u00f3 que \u201c<em>nunca un gobierno anterior colaboro de forma inmediata sobre denuncias realizadas a sus propios funcionarios. Por el contrario los funcionarios anteriores cuentan con condenas firmes y forman un espacio que quiere simular igualdad de condiciones<\/em>\u201c.\u00a0<\/p>\n<p><h3 class=\"jp-relatedposts-headline\"><em>M\u00c1S NOTICIAS:<\/em><\/h3>\n<\/p>\n<section id=\"block-24\" class=\"below-content widget widget_block\"\/>\t<\/div>\n","protected":false},"excerpt":{"rendered":"<p>El jefe de Gabinete Manuel Adorni se defendi\u00f3 de las acusaciones sobre el crecimiento de su patrimonio personal y los pol\u00e9micos viajes, entre ellos, el de su esposa Bettina Angeletti junto a la comitiva oficial de Presidencia a Nueva York. \u201cFue aclarado en la justicia que mi esposa viaj\u00f3 como invitada exclusivamente en el vuelo [&hellip;]<\/p>\n","protected":false},"author":1,"featured_media":221457,"comment_status":"","ping_status":"","sticky":false,"template":"","format":"standard","meta":{"footnotes":""},"categories":[8],"tags":[],"class_list":{"0":"post-221441","1":"post","2":"type-post","3":"status-publish","4":"format-standard","5":"has-post-thumbnail","7":"category-nacionales"},"_links":{"self":[{"href":"https:\/\/chacosintesis.com.ar\/index.php\/wp-json\/wp\/v2\/posts\/221441","targetHints":{"allow":["GET"]}}],"collection":[{"href":"https:\/\/chacosintesis.com.ar\/index.php\/wp-json\/wp\/v2\/posts"}],"about":[{"href":"https:\/\/chacosintesis.com.ar\/index.php\/wp-json\/wp\/v2\/types\/post"}],"author":[{"embeddable":true,"href":"https:\/\/chacosintesis.com.ar\/index.php\/wp-json\/wp\/v2\/users\/1"}],"replies":[{"embeddable":true,"href":"https:\/\/chacosintesis.com.ar\/index.php\/wp-json\/wp\/v2\/comments?post=221441"}],"version-history":[{"count":0,"href":"https:\/\/chacosintesis.com.ar\/index.php\/wp-json\/wp\/v2\/posts\/221441\/revisions"}],"wp:featuredmedia":[{"embeddable":true,"href":"https:\/\/chacosintesis.com.ar\/index.php\/wp-json\/wp\/v2\/media\/221457"}],"wp:attachment":[{"href":"https:\/\/chacosintesis.com.ar\/index.php\/wp-json\/wp\/v2\/media?parent=221441"}],"wp:term":[{"taxonomy":"category","embeddable":true,"href":"https:\/\/chacosintesis.com.ar\/index.php\/wp-json\/wp\/v2\/categories?post=221441"},{"taxonomy":"post_tag","embeddable":true,"href":"https:\/\/chacosintesis.com.ar\/index.php\/wp-json\/wp\/v2\/tags?post=221441"}],"curies":[{"name":"wp","href":"https:\/\/api.w.org\/{rel}","templated":true}]}}