{"id":22143,"date":"2023-05-26T16:09:17","date_gmt":"2023-05-26T19:09:17","guid":{"rendered":"https:\/\/chacosintesis.com.ar\/?p=22143"},"modified":"2023-05-26T16:37:34","modified_gmt":"2023-05-26T19:37:34","slug":"colonia-elisa-celebrara-el-proximo-lunes-su-118-aniversario-con-la-inauguracion-de-multiples-obras","status":"publish","type":"post","link":"https:\/\/chacosintesis.com.ar\/index.php\/colonia-elisa-celebrara-el-proximo-lunes-su-118-aniversario-con-la-inauguracion-de-multiples-obras\/","title":{"rendered":"Colonia Elisa celebrar\u00e1 el pr\u00f3ximo lunes su 118\u00b0 aniversario con la inauguraci\u00f3n de m\u00faltiples obras"},"content":{"rendered":"<p>Ser\u00e1n inauguradas la nueva estaci\u00f3n terminal de \u00f3mnibus y tres tribunas en el Club Deportivo Municipal, adem\u00e1s de la ampliaci\u00f3n de la planta de faena municipal.<br \/>\nLa comunidad de Colonia Elisa se prepara para celebrar el pr\u00f3ximo lunes el 118\u00b0 de la fundaci\u00f3n de la localidad. El intendente Pedro Maidana adelant\u00f3 el cronograma de actividades e inauguraciones que se desarrollar\u00e1 con la presencia del gobernador Jorge Capitanich.<br \/>\nEn declaraciones a Radio Provincia del Chaco, el intendente Pedro Maidana asegur\u00f3 que ser\u00e1n inauguradas  la nueva estaci\u00f3n terminal de \u00f3mnibus y tres tribunas en el club Deportivo Municipal, adem\u00e1s de la ampliaci\u00f3n de la planta de faena municipal. Tambi\u00e9n se proyecta pr\u00f3ximamente la inauguraci\u00f3n  de un mercado popular.<br \/>\n\u201cVamos a estar inaugurando la primera estaci\u00f3n terminal de \u00f3mnibus de Colonia Elisa, una inversi\u00f3n muy importante que se realiz\u00f3 a trav\u00e9s del Ministerio de Planificaci\u00f3n, Infraestructura y Econom\u00eda, conducido por el ministro Santiago P\u00e9rez Pons. La obra demand\u00f3  una inversi\u00f3n total de 135 millones de pesos.\u201d, dijo Maidana.<\/p>\n<p>Seg\u00fan expuso el jefe comunal una de las inauguraciones destacadas es la primera estaci\u00f3n terminal de \u00f3mnibus de Colonia Elisa, la cual fue construida por la empresa Zoom SRL bajo la supervisi\u00f3n del Ministerio de Planificaci\u00f3n, Econom\u00eda e Industria de la provincia del Chaco. \u201cEsta terminal representa una inversi\u00f3n de 135 millones de pesos y fortalecer\u00e1 la conexi\u00f3n de la localidad con la Ruta 9, la Ruta 16, la Ruta 95, la Ruta 4, la Ruta 7 y la Ruta 3, lo que facilitar\u00e1 la comunicaci\u00f3n y el desarrollo social, laboral, educativo, de salud, productivo, de ocio y tur\u00edstico en la regi\u00f3n\u201d, explic\u00f3.<br \/>\nAdem\u00e1s, se inaugurar\u00e1n tres tribunas en el Club Deportivo Municipales, las cuales cuentan con nueve escalones y ofrecen seguridad y comodidad para los espectadores. Estas tribunas representan una inversi\u00f3n de 16 millones de pesos y estar\u00e1n acompa\u00f1adas de vestuarios y ba\u00f1os para el p\u00fablico asistente a los eventos deportivos.<br \/>\nOtra inauguraci\u00f3n importante es la ampliaci\u00f3n de la planta de faena municipal Cora Palacios. Esta planta ya realiza comercializaci\u00f3n a nivel local y regional, pero con la ampliaci\u00f3n de la c\u00e1mara de faena, se espera poder expandir la comercializaci\u00f3n fuera de la provincia, fortaleciendo as\u00ed la matriz productiva de Colonia Elisa. Esta expansi\u00f3n permitir\u00e1 faenar ganado mayor y menor para consumo, contribuyendo a fortalecer la log\u00edstica integrada de la regi\u00f3n.<br \/>\nTambi\u00e9n record\u00f3 la construcci\u00f3n de un mercado popular en Colonia Elisa, cuya inauguraci\u00f3n se estima para el mes de julio. Las obras tienen un avance significativo y se espera que sea un impulso para la comercializaci\u00f3n en la localidad.<br \/>\nDe esta forma la comunidad de Colonia Elisa se apresta a vivir una jornada extraordinaria para celebrar el 118 aniversario de su fundaci\u00f3n. \u201cSon obras e inversiones que buscan fortalecer la infraestructura, la producci\u00f3n, la log\u00edstica y el desarrollo en la regi\u00f3n\u201d, destac\u00f3 el intendente.<br \/>\nM\u00e1s obras de infraestructura para el desarrollo de la comunidad<br \/>\nMaidana destac\u00f3 que el gobierno de la provincia de Chaco ha realizado inversiones importantes, incluyendo la ampliaci\u00f3n de la planta de tratamiento de residuos, la construcci\u00f3n de un centro de desarrollo infantil y la inauguraci\u00f3n de 11 cuadras de pavimento urbano.<br \/>\nTambi\u00e9n se presentar\u00e1  durante los actos del aniversario el equipamiento adquirido a trav\u00e9s del programa Municipio de Pie.<\/p>\n","protected":false},"excerpt":{"rendered":"<p>Ser\u00e1n inauguradas la nueva estaci\u00f3n terminal de \u00f3mnibus y tres tribunas en el Club Deportivo Municipal, adem\u00e1s de la ampliaci\u00f3n de la planta de faena municipal. La comunidad de Colonia Elisa se prepara para celebrar el pr\u00f3ximo lunes el 118\u00b0 de la fundaci\u00f3n de la localidad. El intendente Pedro Maidana adelant\u00f3 el cronograma de actividades [&hellip;]<\/p>\n","protected":false},"author":1,"featured_media":22144,"comment_status":"closed","ping_status":"closed","sticky":false,"template":"","format":"standard","meta":{"footnotes":""},"categories":[6],"tags":[],"class_list":{"0":"post-22143","1":"post","2":"type-post","3":"status-publish","4":"format-standard","5":"has-post-thumbnail","7":"category-chaco"},"_links":{"self":[{"href":"https:\/\/chacosintesis.com.ar\/index.php\/wp-json\/wp\/v2\/posts\/22143","targetHints":{"allow":["GET"]}}],"collection":[{"href":"https:\/\/chacosintesis.com.ar\/index.php\/wp-json\/wp\/v2\/posts"}],"about":[{"href":"https:\/\/chacosintesis.com.ar\/index.php\/wp-json\/wp\/v2\/types\/post"}],"author":[{"embeddable":true,"href":"https:\/\/chacosintesis.com.ar\/index.php\/wp-json\/wp\/v2\/users\/1"}],"replies":[{"embeddable":true,"href":"https:\/\/chacosintesis.com.ar\/index.php\/wp-json\/wp\/v2\/comments?post=22143"}],"version-history":[{"count":0,"href":"https:\/\/chacosintesis.com.ar\/index.php\/wp-json\/wp\/v2\/posts\/22143\/revisions"}],"wp:featuredmedia":[{"embeddable":true,"href":"https:\/\/chacosintesis.com.ar\/index.php\/wp-json\/wp\/v2\/media\/22144"}],"wp:attachment":[{"href":"https:\/\/chacosintesis.com.ar\/index.php\/wp-json\/wp\/v2\/media?parent=22143"}],"wp:term":[{"taxonomy":"category","embeddable":true,"href":"https:\/\/chacosintesis.com.ar\/index.php\/wp-json\/wp\/v2\/categories?post=22143"},{"taxonomy":"post_tag","embeddable":true,"href":"https:\/\/chacosintesis.com.ar\/index.php\/wp-json\/wp\/v2\/tags?post=22143"}],"curies":[{"name":"wp","href":"https:\/\/api.w.org\/{rel}","templated":true}]}}