{"id":221422,"date":"2026-04-29T14:07:05","date_gmt":"2026-04-29T17:07:05","guid":{"rendered":"https:\/\/chacosintesis.com.ar\/?p=221422"},"modified":"2026-04-29T14:07:07","modified_gmt":"2026-04-29T17:07:07","slug":"la-legislatura-presto-acuerdo-a-la-designacion-de-funcionarios-de-distintas-dependencias-del-estado","status":"publish","type":"post","link":"https:\/\/chacosintesis.com.ar\/index.php\/la-legislatura-presto-acuerdo-a-la-designacion-de-funcionarios-de-distintas-dependencias-del-estado\/","title":{"rendered":"La Legislatura prest\u00f3 acuerdo a la designaci\u00f3n de funcionarios de distintas dependencias del Estado"},"content":{"rendered":"\n<p>En Sesi\u00f3n Especial N\u00ba 3, la C\u00e1mara de Diputados prest\u00f3 acuerdo para la designaci\u00f3n de Sonia Gabriela Galarza como vocal de Loter\u00eda Chaque\u00f1a; de Rafael Meneses como presidente del Instituto de Seguridad Social, Seguros y Pr\u00e9stamos (INSSSEP); de Cesar Fernando Alesso, como vicepresidente del mismo Instituto; y de Virginia Zacar\u00edas como vicepresidente del Instituto de Turismo.<\/p>\n\n\n\n<figure class=\"wp-block-image size-full\"><img decoding=\"async\" src=\"data:image\/gif;base64,R0lGODlhAQABAIAAAAAAAP\/\/\/ywAAAAAAQABAAACAUwAOw==\" fifu-lazy=\"1\" fifu-data-sizes=\"auto\" fifu-data-srcset=\"https:\/\/i1.wp.com\/chacosintesis.com.ar\/wp-content\/uploads\/2026\/04\/WhatsApp-Image-2026-04-29-at-1.35.05-PM.jpeg?ssl=1&w=75&resize=75&ssl=1 75w, https:\/\/i1.wp.com\/chacosintesis.com.ar\/wp-content\/uploads\/2026\/04\/WhatsApp-Image-2026-04-29-at-1.35.05-PM.jpeg?ssl=1&w=100&resize=100&ssl=1 100w, https:\/\/i1.wp.com\/chacosintesis.com.ar\/wp-content\/uploads\/2026\/04\/WhatsApp-Image-2026-04-29-at-1.35.05-PM.jpeg?ssl=1&w=150&resize=150&ssl=1 150w, https:\/\/i1.wp.com\/chacosintesis.com.ar\/wp-content\/uploads\/2026\/04\/WhatsApp-Image-2026-04-29-at-1.35.05-PM.jpeg?ssl=1&w=240&resize=240&ssl=1 240w, https:\/\/i1.wp.com\/chacosintesis.com.ar\/wp-content\/uploads\/2026\/04\/WhatsApp-Image-2026-04-29-at-1.35.05-PM.jpeg?ssl=1&w=320&resize=320&ssl=1 320w, https:\/\/i1.wp.com\/chacosintesis.com.ar\/wp-content\/uploads\/2026\/04\/WhatsApp-Image-2026-04-29-at-1.35.05-PM.jpeg?ssl=1&w=500&resize=500&ssl=1 500w, https:\/\/i1.wp.com\/chacosintesis.com.ar\/wp-content\/uploads\/2026\/04\/WhatsApp-Image-2026-04-29-at-1.35.05-PM.jpeg?ssl=1&w=640&resize=640&ssl=1 640w, https:\/\/i1.wp.com\/chacosintesis.com.ar\/wp-content\/uploads\/2026\/04\/WhatsApp-Image-2026-04-29-at-1.35.05-PM.jpeg?ssl=1&w=800&resize=800&ssl=1 800w, https:\/\/i1.wp.com\/chacosintesis.com.ar\/wp-content\/uploads\/2026\/04\/WhatsApp-Image-2026-04-29-at-1.35.05-PM.jpeg?ssl=1&w=1024&resize=1024&ssl=1 1024w, https:\/\/i1.wp.com\/chacosintesis.com.ar\/wp-content\/uploads\/2026\/04\/WhatsApp-Image-2026-04-29-at-1.35.05-PM.jpeg?ssl=1&w=1280&resize=1280&ssl=1 1280w, https:\/\/i1.wp.com\/chacosintesis.com.ar\/wp-content\/uploads\/2026\/04\/WhatsApp-Image-2026-04-29-at-1.35.05-PM.jpeg?ssl=1&w=1600&resize=1600&ssl=1 1600w\" fifu-data-src=\"https:\/\/i1.wp.com\/chacosintesis.com.ar\/wp-content\/uploads\/2026\/04\/WhatsApp-Image-2026-04-29-at-1.35.05-PM.jpeg?ssl=1\" alt=\"\" class=\"wp-image-221438\"\/><\/figure>\n\n\n\n<p>Luego, se llev\u00f3 adelante la Sesi\u00f3n Ordinaria N\u00ba 4, donde se aprob\u00f3 el ingreso de distintos proyectos solicitados por los legisladores, las reservas, y solicitudes de preferencias.<\/p>\n\n\n\n<figure class=\"wp-block-image size-full\"><img decoding=\"async\" src=\"data:image\/gif;base64,R0lGODlhAQABAIAAAAAAAP\/\/\/ywAAAAAAQABAAACAUwAOw==\" fifu-lazy=\"1\" fifu-data-sizes=\"auto\" fifu-data-srcset=\"https:\/\/i0.wp.com\/chacosintesis.com.ar\/wp-content\/uploads\/2026\/04\/WhatsApp-Image-2026-04-29-at-12.47.23-PM-1.jpeg?ssl=1&w=75&resize=75&ssl=1 75w, https:\/\/i0.wp.com\/chacosintesis.com.ar\/wp-content\/uploads\/2026\/04\/WhatsApp-Image-2026-04-29-at-12.47.23-PM-1.jpeg?ssl=1&w=100&resize=100&ssl=1 100w, https:\/\/i0.wp.com\/chacosintesis.com.ar\/wp-content\/uploads\/2026\/04\/WhatsApp-Image-2026-04-29-at-12.47.23-PM-1.jpeg?ssl=1&w=150&resize=150&ssl=1 150w, https:\/\/i0.wp.com\/chacosintesis.com.ar\/wp-content\/uploads\/2026\/04\/WhatsApp-Image-2026-04-29-at-12.47.23-PM-1.jpeg?ssl=1&w=240&resize=240&ssl=1 240w, https:\/\/i0.wp.com\/chacosintesis.com.ar\/wp-content\/uploads\/2026\/04\/WhatsApp-Image-2026-04-29-at-12.47.23-PM-1.jpeg?ssl=1&w=320&resize=320&ssl=1 320w, https:\/\/i0.wp.com\/chacosintesis.com.ar\/wp-content\/uploads\/2026\/04\/WhatsApp-Image-2026-04-29-at-12.47.23-PM-1.jpeg?ssl=1&w=500&resize=500&ssl=1 500w, https:\/\/i0.wp.com\/chacosintesis.com.ar\/wp-content\/uploads\/2026\/04\/WhatsApp-Image-2026-04-29-at-12.47.23-PM-1.jpeg?ssl=1&w=640&resize=640&ssl=1 640w, https:\/\/i0.wp.com\/chacosintesis.com.ar\/wp-content\/uploads\/2026\/04\/WhatsApp-Image-2026-04-29-at-12.47.23-PM-1.jpeg?ssl=1&w=800&resize=800&ssl=1 800w, https:\/\/i0.wp.com\/chacosintesis.com.ar\/wp-content\/uploads\/2026\/04\/WhatsApp-Image-2026-04-29-at-12.47.23-PM-1.jpeg?ssl=1&w=1024&resize=1024&ssl=1 1024w, https:\/\/i0.wp.com\/chacosintesis.com.ar\/wp-content\/uploads\/2026\/04\/WhatsApp-Image-2026-04-29-at-12.47.23-PM-1.jpeg?ssl=1&w=1280&resize=1280&ssl=1 1280w, https:\/\/i0.wp.com\/chacosintesis.com.ar\/wp-content\/uploads\/2026\/04\/WhatsApp-Image-2026-04-29-at-12.47.23-PM-1.jpeg?ssl=1&w=1600&resize=1600&ssl=1 1600w\" fifu-data-src=\"https:\/\/i0.wp.com\/chacosintesis.com.ar\/wp-content\/uploads\/2026\/04\/WhatsApp-Image-2026-04-29-at-12.47.23-PM-1.jpeg?ssl=1\" alt=\"\" class=\"wp-image-221436\"\/><\/figure>\n\n\n\n<p>Finalmente, por falta de qu\u00f3rum, no pudo concretarse la Sesi\u00f3n Especial N\u00ba 4, establecida tambi\u00e9n para este mi\u00e9rcoles, para la interpelaci\u00f3n al presidente del INSSSEP, Rafael Meneses.<\/p>\n","protected":false},"excerpt":{"rendered":"<p>En Sesi\u00f3n Especial N\u00ba 3, la C\u00e1mara de Diputados prest\u00f3 acuerdo para la designaci\u00f3n de Sonia Gabriela Galarza como vocal de Loter\u00eda Chaque\u00f1a; de Rafael Meneses como presidente del Instituto de Seguridad Social, Seguros y Pr\u00e9stamos (INSSSEP); de Cesar Fernando Alesso, como vicepresidente del mismo Instituto; y de Virginia Zacar\u00edas como vicepresidente del Instituto de [&hellip;]<\/p>\n","protected":false},"author":1,"featured_media":221437,"comment_status":"closed","ping_status":"closed","sticky":false,"template":"","format":"standard","meta":{"footnotes":""},"categories":[6],"tags":[202],"class_list":{"0":"post-221422","1":"post","2":"type-post","3":"status-publish","4":"format-standard","5":"has-post-thumbnail","7":"category-chaco","8":"tag-legislatura"},"_links":{"self":[{"href":"https:\/\/chacosintesis.com.ar\/index.php\/wp-json\/wp\/v2\/posts\/221422","targetHints":{"allow":["GET"]}}],"collection":[{"href":"https:\/\/chacosintesis.com.ar\/index.php\/wp-json\/wp\/v2\/posts"}],"about":[{"href":"https:\/\/chacosintesis.com.ar\/index.php\/wp-json\/wp\/v2\/types\/post"}],"author":[{"embeddable":true,"href":"https:\/\/chacosintesis.com.ar\/index.php\/wp-json\/wp\/v2\/users\/1"}],"replies":[{"embeddable":true,"href":"https:\/\/chacosintesis.com.ar\/index.php\/wp-json\/wp\/v2\/comments?post=221422"}],"version-history":[{"count":1,"href":"https:\/\/chacosintesis.com.ar\/index.php\/wp-json\/wp\/v2\/posts\/221422\/revisions"}],"predecessor-version":[{"id":221440,"href":"https:\/\/chacosintesis.com.ar\/index.php\/wp-json\/wp\/v2\/posts\/221422\/revisions\/221440"}],"wp:featuredmedia":[{"embeddable":true,"href":"https:\/\/chacosintesis.com.ar\/index.php\/wp-json\/wp\/v2\/media\/221437"}],"wp:attachment":[{"href":"https:\/\/chacosintesis.com.ar\/index.php\/wp-json\/wp\/v2\/media?parent=221422"}],"wp:term":[{"taxonomy":"category","embeddable":true,"href":"https:\/\/chacosintesis.com.ar\/index.php\/wp-json\/wp\/v2\/categories?post=221422"},{"taxonomy":"post_tag","embeddable":true,"href":"https:\/\/chacosintesis.com.ar\/index.php\/wp-json\/wp\/v2\/tags?post=221422"}],"curies":[{"name":"wp","href":"https:\/\/api.w.org\/{rel}","templated":true}]}}