{"id":22141,"date":"2023-05-26T16:05:33","date_gmt":"2023-05-26T19:05:33","guid":{"rendered":"https:\/\/chacosintesis.com.ar\/?p=22141"},"modified":"2023-05-26T16:06:46","modified_gmt":"2023-05-26T19:06:46","slug":"chaco-estuvo-presente-en-el-foro-nacional-de-turismo-en-ushuaia","status":"publish","type":"post","link":"https:\/\/chacosintesis.com.ar\/index.php\/chaco-estuvo-presente-en-el-foro-nacional-de-turismo-en-ushuaia\/","title":{"rendered":"Chaco estuvo presente en el Foro Nacional de Turismo en Ushuaia"},"content":{"rendered":"<p>El evento se llev\u00f3 a cabo bajo el lema \u201cRe-Evoluci\u00f3n de los Destinos Emergentes en Argentina. Desarrollo inteligente y sostenible de los nuevos espacios para el turismo\u201d.<br \/>\nA trav\u00e9s del Instituto de Turismo, la provincia del Chaco fue parte del Foro Nacional de Turismo, realizado en el hotel Las Hayas de la ciudad de Ushuaia, un complejo ubicado dentro de la reserva hotelera Glaciar Martial.<br \/>\nEl encuentro se desarroll\u00f3 bajo el lema \u201cRe-Evoluci\u00f3n de los Destinos Emergentes en Argentina. Desarrollo inteligente y sostenible de los nuevos espacios para el turismo\u201d, con la participaci\u00f3n de disertantes nacionales e internacionales.<br \/>\nSobre la participaci\u00f3n, el presidente del Instituto de Turismo del Chaco, Ariel Ybarra, explic\u00f3 que \u201cel Foro Nacional de Turismo es un excelente punto de encuentro entre referentes del sector privado, p\u00fablico, y acad\u00e9micos, para poner en com\u00fan estrategias de desarrollo tur\u00edstico y pol\u00edticas p\u00fablicas que se llevan adelante en todo el pa\u00eds y tambi\u00e9n en algunos casos emblem\u00e1ticos en el exterior\u201d.<br \/>\n\u201cEl desarrollo tur\u00edstico sostenible tiene en cuenta las repercusiones actuales y futuras, tanto econ\u00f3micas, sociales y ambientales, para satisfacer las necesidades de los visitantes y del sector, pero tambi\u00e9n del entorno y de las comunidades locales que se transforman en anfitrionas\u201d, detall\u00f3 el titular de la cartera.<br \/>\nA su vez, \u201clos destinos emergentes tienen la posibilidad de delimitar el tipo de desarrollo tur\u00edstico que buscan, a trav\u00e9s de las caracter\u00edsticas propia de la demanda y las tendencias de consumo, que son las que definen el futuro de la actividad en ese lugar y particularmente en propuestas tur\u00edsticas vinculadas al turismo de naturaleza\u201d, concluy\u00f3 Ybarra.<br \/>\nEl acto de apertura estuvo a cargo de Mat\u00edas Lammens, Ministro de Turismo y Deportes de la Naci\u00f3n; Yanina Mart\u00ednez, secretaria de Promoci\u00f3n Tur\u00edstica de la Naci\u00f3n; Gustavo Hani, presidente de la CAT; Sebasti\u00e1n Giobellina, presidente del Consejo Federal de Tturismo; Gustavo Melella, gobernador de Tierra del Fuego; M\u00f3nica Urquiza, vicegobernadora de Tierra del Fuego; Dante &#8220;Willy&#8221; Querciali, presidente en Instituto Fueguino de Turismo.<br \/>\nEl evento plante\u00f3 dos objetivos principales. Por un lado, estimular el desarrollo inteligente y sostenible de los destinos emergentes, propiciando un encuentro para la reflexi\u00f3n, el intercambio de experiencias y el impulso de iniciativas innovadoras orientadas a este fin.<br \/>\nPor otro lado, visualizar y difundir acciones y experiencias en torno a la integraci\u00f3n regional, la transformaci\u00f3n digital y la sustentabilidad, a trav\u00e9s de espacios de interacci\u00f3n entre el sector p\u00fablico nacional, provincial y local; el sector privado y el acad\u00e9mico, las organizaciones del tercer sector y la comunidad en general.<br \/>\nEl foro fue organizado por el Ministerio de Turismo y Deportes y el Consejo Federal de Turismo (CFT), que incluye a funcionarios de todas las provincias del pa\u00eds, con el acompa\u00f1amiento de Aerol\u00edneas Argentinas, la CAME y la C\u00e1mara Argentina del Turismo.<\/p>\n","protected":false},"excerpt":{"rendered":"<p>El evento se llev\u00f3 a cabo bajo el lema \u201cRe-Evoluci\u00f3n de los Destinos Emergentes en Argentina. Desarrollo inteligente y sostenible de los nuevos espacios para el turismo\u201d. A trav\u00e9s del Instituto de Turismo, la provincia del Chaco fue parte del Foro Nacional de Turismo, realizado en el hotel Las Hayas de la ciudad de Ushuaia, [&hellip;]<\/p>\n","protected":false},"author":1,"featured_media":22142,"comment_status":"closed","ping_status":"closed","sticky":false,"template":"","format":"standard","meta":{"footnotes":""},"categories":[6],"tags":[],"class_list":{"0":"post-22141","1":"post","2":"type-post","3":"status-publish","4":"format-standard","5":"has-post-thumbnail","7":"category-chaco"},"_links":{"self":[{"href":"https:\/\/chacosintesis.com.ar\/index.php\/wp-json\/wp\/v2\/posts\/22141","targetHints":{"allow":["GET"]}}],"collection":[{"href":"https:\/\/chacosintesis.com.ar\/index.php\/wp-json\/wp\/v2\/posts"}],"about":[{"href":"https:\/\/chacosintesis.com.ar\/index.php\/wp-json\/wp\/v2\/types\/post"}],"author":[{"embeddable":true,"href":"https:\/\/chacosintesis.com.ar\/index.php\/wp-json\/wp\/v2\/users\/1"}],"replies":[{"embeddable":true,"href":"https:\/\/chacosintesis.com.ar\/index.php\/wp-json\/wp\/v2\/comments?post=22141"}],"version-history":[{"count":0,"href":"https:\/\/chacosintesis.com.ar\/index.php\/wp-json\/wp\/v2\/posts\/22141\/revisions"}],"wp:featuredmedia":[{"embeddable":true,"href":"https:\/\/chacosintesis.com.ar\/index.php\/wp-json\/wp\/v2\/media\/22142"}],"wp:attachment":[{"href":"https:\/\/chacosintesis.com.ar\/index.php\/wp-json\/wp\/v2\/media?parent=22141"}],"wp:term":[{"taxonomy":"category","embeddable":true,"href":"https:\/\/chacosintesis.com.ar\/index.php\/wp-json\/wp\/v2\/categories?post=22141"},{"taxonomy":"post_tag","embeddable":true,"href":"https:\/\/chacosintesis.com.ar\/index.php\/wp-json\/wp\/v2\/tags?post=22141"}],"curies":[{"name":"wp","href":"https:\/\/api.w.org\/{rel}","templated":true}]}}