{"id":221401,"date":"2026-04-29T12:06:09","date_gmt":"2026-04-29T15:06:09","guid":{"rendered":"http:\/\/chacosintesis.com.ar\/index.php\/atencion-jubilados-y-pensionados-confirmaron-el-nuevo-bono-para-mayo\/"},"modified":"2026-04-29T12:06:09","modified_gmt":"2026-04-29T15:06:09","slug":"atencion-jubilados-y-pensionados-confirmaron-el-nuevo-bono-para-mayo","status":"publish","type":"post","link":"https:\/\/chacosintesis.com.ar\/index.php\/atencion-jubilados-y-pensionados-confirmaron-el-nuevo-bono-para-mayo\/","title":{"rendered":"Atenci\u00f3n, jubilados y pensionados: confirmaron el nuevo bono para mayo"},"content":{"rendered":"<p><\/p>\n<div>\n<aside class=\"scaip scaip-1    \">\n\t\t<\/aside>\n<p>El Gobierno oficializ\u00f3 este mi\u00e9rcoles\u00a0<strong>el otorgamiento del bono previsional de $70.000 en mayo<\/strong>, para<mark style=\"background-color:#FFFFFF\" class=\"has-inline-color\">\u00a0jubilados que perciban el haber m\u00ednimo y pensionados<\/mark>, mediante el Decreto 292\/2026, publicado en el Bolet\u00edn Oficial.<\/p>\n<p>De esta manera, las jubilaciones m\u00ednimas durante mayo\u00a0<strong>quedar\u00e1n por encima de $463.000<\/strong>, contemplando la actualizaci\u00f3n del haber inicial, que debe formalizarse en l\u00ednea con la inflaci\u00f3n de marzo que fue del 3,4%.<\/p>\n<aside class=\"scaip scaip-2    \">\n\t\t<\/aside>\n<p>En los considerandos de la normativa, el Ejecutivo justific\u00f3 la medida aludiendo al \u00cdndice de Movilidad Jubilatoria aplicado desde marzo de 2021, por la Ley N\u00b0 27.609, exponiendo los efectos adversos de la inflaci\u00f3n en los haberes jubilatorios abonados bajo la mencionada f\u00f3rmula.<\/p>\n<p>En este sentido, el texto oficial puntualiz\u00f3 que \u201c<em>la f\u00f3rmula all\u00ed establecida presentaba graves y serios inconvenientes, en tanto\u00a0<strong>no resguardaba el riesgo inflacionario<\/strong>\u00a0que afectaba los beneficios de los adultos mayores, puesto que no contemplaba la variaci\u00f3n de los precios y presentaba un gran desfasaje entre la evoluci\u00f3n de las variables econ\u00f3micas y su traslado a los haberes, entre otras cuestiones<\/em>\u201d.<\/p>\n<aside class=\"scaip scaip-3    \">\n\t\t<\/aside>\n<p>Ante ese diagn\u00f3stico, se fueron implementando distintas ayudas econ\u00f3micas previsionales en los \u00faltimos meses. Desde que asumi\u00f3 la presidencia <strong>Javier Milei<\/strong>, se otorgaron dos bonos de $55.000 en los primeros dos meses de 2024 y, desde marzo de ese a\u00f1o en adelante, se actualiz\u00f3 a $70.000.<\/p>\n<p>Al respecto, el Decreto se\u00f1al\u00f3 que \u201c<em>la Ley N\u00b0 27.609 implic\u00f3 efectos perjudiciales para todos los jubilados y pensionados, pero principalmente respecto de aquellos de menores ingresos,\u00a0<strong>resultando necesario acudir a su sostenimiento\u00a0<\/strong>mediante el otorgamiento de ayudas econ\u00f3micas previsionales y\/o bonos extraordinarios previsionales mensuales por diferentes montos, desde el mes de enero de 2024 y hasta abril de 2026, inclusive<\/em>\u201d.<\/p>\n<aside class=\"scaip scaip-4    \">\n\t\t<\/aside>\n<p>Continuando esa l\u00ednea, expres\u00f3 que \u201c<em>a modo de compensaci\u00f3n por los efectos adversos ocasionados por la aplicaci\u00f3n de la Ley N.\u00ba 27.609 en los haberes previsionales de los adultos mayores de menores ingresos, para el mes de mayo de 2026 se considera oportuno el otorgamiento de un Bono Extraordinario Previsional<\/em>\u201d.<\/p>\n<p>El documento oficial precis\u00f3 que \u201c<em>para percibir el presente Bono Extraordinario Previsional, los beneficios deben encontrarse vigentes en el mismo mes en que se realice su liquidaci\u00f3n y el mismo\u00a0<strong>no ser\u00e1 susceptible de descuento alguno\u00a0<\/strong>ni computable para ning\u00fan otro concepto<\/em>\u201d.<\/p>\n<p>Asimismo, dispuso que \u201c<em>en el caso de beneficios de pensi\u00f3n, cualquiera sea la cantidad de copart\u00edcipes, estos deber\u00e1n ser considerados como un \u00fanico titular a los fines del derecho a la percepci\u00f3n del Bono Extraordinario Previsional que se otorga por el presente decreto<\/em>\u201d.<\/p>\n<h2 class=\"wp-block-heading\" id=\"h-a-quienes-les-corresponde-el-bono-de-70-000-en-mayo\">A qui\u00e9nes les corresponde el bono de $70.000 en mayo<\/h2>\n<p>El Decreto detall\u00f3 que el bono previsional ser\u00e1 otorgado a:<\/p>\n<ul class=\"wp-block-list\">\n<li>Las personas titulares de las prestaciones contributivas previsionales a cargo de la ANSES.<\/li>\n<li>Las personas beneficiarias de la Pensi\u00f3n Universal para el Adulto Mayor.<\/li>\n<li>Las personas beneficiarias de pensiones no contributivas por vejez, invalidez, madres de 7 hijos o m\u00e1s y dem\u00e1s pensiones no contributivas y pensiones graciables cuyo pago se encuentra a cargo de la ANSES.<\/li>\n<\/ul>\n<p><em>Con informaci\u00f3n de Noticias Argentinas.<\/em><\/p>\n<p><h3 class=\"jp-relatedposts-headline\"><em>M\u00c1S NOTICIAS:<\/em><\/h3>\n<\/p>\n<section id=\"block-24\" class=\"below-content widget widget_block\"\/>\t<\/div>\n","protected":false},"excerpt":{"rendered":"<p>El Gobierno oficializ\u00f3 este mi\u00e9rcoles\u00a0el otorgamiento del bono previsional de $70.000 en mayo, para\u00a0jubilados que perciban el haber m\u00ednimo y pensionados, mediante el Decreto 292\/2026, publicado en el Bolet\u00edn Oficial. De esta manera, las jubilaciones m\u00ednimas durante mayo\u00a0quedar\u00e1n por encima de $463.000, contemplando la actualizaci\u00f3n del haber inicial, que debe formalizarse en l\u00ednea con la [&hellip;]<\/p>\n","protected":false},"author":1,"featured_media":221411,"comment_status":"","ping_status":"","sticky":false,"template":"","format":"standard","meta":{"footnotes":""},"categories":[8],"tags":[],"class_list":{"0":"post-221401","1":"post","2":"type-post","3":"status-publish","4":"format-standard","5":"has-post-thumbnail","7":"category-nacionales"},"_links":{"self":[{"href":"https:\/\/chacosintesis.com.ar\/index.php\/wp-json\/wp\/v2\/posts\/221401","targetHints":{"allow":["GET"]}}],"collection":[{"href":"https:\/\/chacosintesis.com.ar\/index.php\/wp-json\/wp\/v2\/posts"}],"about":[{"href":"https:\/\/chacosintesis.com.ar\/index.php\/wp-json\/wp\/v2\/types\/post"}],"author":[{"embeddable":true,"href":"https:\/\/chacosintesis.com.ar\/index.php\/wp-json\/wp\/v2\/users\/1"}],"replies":[{"embeddable":true,"href":"https:\/\/chacosintesis.com.ar\/index.php\/wp-json\/wp\/v2\/comments?post=221401"}],"version-history":[{"count":0,"href":"https:\/\/chacosintesis.com.ar\/index.php\/wp-json\/wp\/v2\/posts\/221401\/revisions"}],"wp:featuredmedia":[{"embeddable":true,"href":"https:\/\/chacosintesis.com.ar\/index.php\/wp-json\/wp\/v2\/media\/221411"}],"wp:attachment":[{"href":"https:\/\/chacosintesis.com.ar\/index.php\/wp-json\/wp\/v2\/media?parent=221401"}],"wp:term":[{"taxonomy":"category","embeddable":true,"href":"https:\/\/chacosintesis.com.ar\/index.php\/wp-json\/wp\/v2\/categories?post=221401"},{"taxonomy":"post_tag","embeddable":true,"href":"https:\/\/chacosintesis.com.ar\/index.php\/wp-json\/wp\/v2\/tags?post=221401"}],"curies":[{"name":"wp","href":"https:\/\/api.w.org\/{rel}","templated":true}]}}