{"id":22137,"date":"2023-05-26T09:00:49","date_gmt":"2023-05-26T12:00:49","guid":{"rendered":"https:\/\/chacosintesis.com.ar\/?p=22137"},"modified":"2023-05-26T09:07:36","modified_gmt":"2023-05-26T12:07:36","slug":"detuvieron-a-dos-involucrados-en-robos-con-heridos-en-resistencia-y-barranqueras","status":"publish","type":"post","link":"https:\/\/chacosintesis.com.ar\/index.php\/detuvieron-a-dos-involucrados-en-robos-con-heridos-en-resistencia-y-barranqueras\/","title":{"rendered":"Detuvieron a dos involucrados en robos con heridos en Resistencia y Barranqueras"},"content":{"rendered":"<p>La detenci\u00f3n se realiz\u00f3 en allanamientos ordenados por la Justicia. Uno de los hechos investigados ocurri\u00f3 en Wilde y Rivadavia, en Resistencia; el otro en la ciudad protuaria, y result\u00f3 herido un polic\u00eda retirado.<br \/>\n La Polic\u00eda del Chaco, por disposici\u00f3n del Ministerio de Seguridad y Justicia de la provincia, trabaj\u00f3 para resolver los robos ocurridos en Avenida Wilde y Rivadavia en Resistencia, y otro ocurrido en un barrio de Barranqueras, donde resultaron heridos un joven empresario y un polic\u00eda retirado.<br \/>\n Las detenciones se realizaron esta ma\u00f1ana en allanamientos, tras varios d\u00edas de tareas de investigaci\u00f3n y otras medidas tomadas por orden de la fiscal Rosana Soto, interviniente en las causas.<br \/>\n El primer allanamiento se realiz\u00f3 en la ciudad de Resistencia, donde se detuvo a uno de los involucrados en el robo ocurrido en la esquina de las avenidas Wilde y Rivadavia, donde damnificado fue abordado por dos sujetos en moto, que le sustrajeron 800.000 pesos y recibi\u00f3 una herida de arma de fuego en el pie derecho.<\/p>\n<p>El segundo allanamiento, guarda relaci\u00f3n con el asalto a una encargada de una remiser\u00eda, quien fue abordada antes de ingresar a su domicilio en Barranqueras; y fue asistida por un Comisario General Retirado, que recibi\u00f3 un disparo, y afortunadamente no est\u00e1 en riesgo su vida. En este segundo allanamiento, se detuvo al responsable del hecho.<br \/>\n Intervinieron en este trabajo de investigaci\u00f3n, personal policial de la Divisi\u00f3n de Investigaciones Complejas.<\/p>\n<p>DIARIO NORTE.-<\/p>\n","protected":false},"excerpt":{"rendered":"<p>La detenci\u00f3n se realiz\u00f3 en allanamientos ordenados por la Justicia. Uno de los hechos investigados ocurri\u00f3 en Wilde y Rivadavia, en Resistencia; el otro en la ciudad protuaria, y result\u00f3 herido un polic\u00eda retirado. La Polic\u00eda del Chaco, por disposici\u00f3n del Ministerio de Seguridad y Justicia de la provincia, trabaj\u00f3 para resolver los robos ocurridos [&hellip;]<\/p>\n","protected":false},"author":1,"featured_media":22138,"comment_status":"closed","ping_status":"closed","sticky":false,"template":"","format":"standard","meta":{"footnotes":""},"categories":[6],"tags":[197],"class_list":{"0":"post-22137","1":"post","2":"type-post","3":"status-publish","4":"format-standard","5":"has-post-thumbnail","7":"category-chaco","8":"tag-destacada"},"_links":{"self":[{"href":"https:\/\/chacosintesis.com.ar\/index.php\/wp-json\/wp\/v2\/posts\/22137","targetHints":{"allow":["GET"]}}],"collection":[{"href":"https:\/\/chacosintesis.com.ar\/index.php\/wp-json\/wp\/v2\/posts"}],"about":[{"href":"https:\/\/chacosintesis.com.ar\/index.php\/wp-json\/wp\/v2\/types\/post"}],"author":[{"embeddable":true,"href":"https:\/\/chacosintesis.com.ar\/index.php\/wp-json\/wp\/v2\/users\/1"}],"replies":[{"embeddable":true,"href":"https:\/\/chacosintesis.com.ar\/index.php\/wp-json\/wp\/v2\/comments?post=22137"}],"version-history":[{"count":0,"href":"https:\/\/chacosintesis.com.ar\/index.php\/wp-json\/wp\/v2\/posts\/22137\/revisions"}],"wp:featuredmedia":[{"embeddable":true,"href":"https:\/\/chacosintesis.com.ar\/index.php\/wp-json\/wp\/v2\/media\/22138"}],"wp:attachment":[{"href":"https:\/\/chacosintesis.com.ar\/index.php\/wp-json\/wp\/v2\/media?parent=22137"}],"wp:term":[{"taxonomy":"category","embeddable":true,"href":"https:\/\/chacosintesis.com.ar\/index.php\/wp-json\/wp\/v2\/categories?post=22137"},{"taxonomy":"post_tag","embeddable":true,"href":"https:\/\/chacosintesis.com.ar\/index.php\/wp-json\/wp\/v2\/tags?post=22137"}],"curies":[{"name":"wp","href":"https:\/\/api.w.org\/{rel}","templated":true}]}}