{"id":221343,"date":"2026-04-29T10:05:11","date_gmt":"2026-04-29T13:05:11","guid":{"rendered":"https:\/\/chacosintesis.com.ar\/index.php\/se-homologo-el-aumento-para-los-empleados-de-comercio-desde-cuando-rige-y-cuanto-cobraran\/"},"modified":"2026-04-29T10:05:11","modified_gmt":"2026-04-29T13:05:11","slug":"se-homologo-el-aumento-para-los-empleados-de-comercio-desde-cuando-rige-y-cuanto-cobraran","status":"publish","type":"post","link":"https:\/\/chacosintesis.com.ar\/index.php\/se-homologo-el-aumento-para-los-empleados-de-comercio-desde-cuando-rige-y-cuanto-cobraran\/","title":{"rendered":"Se homolog\u00f3 el aumento para los empleados de comercio: desde cu\u00e1ndo rige y cu\u00e1nto cobrar\u00e1n"},"content":{"rendered":"<p><\/p>\n<div>\n<aside class=\"scaip scaip-1    \">\n\t\t<\/aside>\n<p>Se homolog\u00f3 el <strong>acuerdo paritario<\/strong> para los <strong>empleados de comercio<\/strong> que contempla un <strong>5% de aumento sobre el salario<\/strong> de marzo pasado, cuando precisamente se llevaron a cabo las negociaciones. La firma se produjo el 26 de marzo pasado y ahora ya est\u00e1 vigente para los salarios de abril.<\/p>\n<p>El convenio fue alcanzado por la C\u00e1mara Argentina de Comercio y Servicios (CAC), la Confederaci\u00f3n Argentina de la Mediana Empresa (CAME), la Uni\u00f3n de Entidades Comerciales Argentinas (UDECA) y la Federaci\u00f3n Argentina de Empleados de Comercio y Servicios (FAECyS). <\/p>\n<aside class=\"scaip scaip-2    \">\n\t\t<\/aside>\n<p>Las partes hab\u00edan pactado un <strong>incremento salarial del 5%<\/strong> sobre las escalas de las remuneraciones b\u00e1sicas del Convenio Colectivo de Trabajo N\u00b0 130\/75 para el mes pasado, m\u00e1s las sumas no remunerativas a dicha fecha.<\/p>\n<p>Tambi\u00e9n pactaron que la suba del <strong>5% se abone de acuerdo al siguiente detalle<\/strong>: 2% en abril, 1,5% a partir de mayo y 1,5% en junio. <\/p>\n<aside class=\"scaip scaip-3    \">\n\t\t<\/aside>\n<div class=\"wp-block-newspack-blocks-homepage-articles recomendada wpnbha show-image image-alignleft ts-2 is-1 is-landscape recomendada\" style=\"\">\n<div data-posts=\"\" data-current-post-id=\"2212651\">\n<article data-post-id=\"2212956\" class=\"tag-hebe-casado tag-home-destacada-principal tag-manuel-adorni category-mendoza type-post post-has-image\">\n<figure class=\"post-thumbnail\">\n\t\t\t\t\t\t\t\t<a href=\"https:\/\/www.elsol.com.ar\/mendoza\/hebe-casado-le-aplico-la-fulminante-a-manuel-adorni-debio-haberse-apartado-de-su-cargo\/\" rel=\"bookmark\" tabindex=\"-1\" aria-hidden=\"true\"><br \/>\n\t\t\t\t\t\t\t\t\t\t\t\t<img loading=\"lazy\" loading=\"lazy\" decoding=\"async\" width=\"600\" height=\"450\" src=\"https:\/\/i0.wp.com\/www.elsol.com.ar\/wp-content\/uploads\/2026\/04\/HHAcLarbwAM9e4F.jpg?resize=600%2C450&amp;quality=89&amp;ssl=1\" class=\"attachment-newspack-article-block-landscape-intermediate size-newspack-article-block-landscape-intermediate wp-post-image\" alt=\"Hebe Casado le aplic\u00f3 la fulminante a Manuel Adorni: \u201cDebi\u00f3 haberse apartado de su cargo\u201d\" data-hero-candidate=\"1\" srcset=\"https:\/\/i0.wp.com\/www.elsol.com.ar\/wp-content\/uploads\/2026\/04\/HHAcLarbwAM9e4F.jpg?resize=600%2C450&amp;quality=89&amp;ssl=1 600w, https:\/\/i0.wp.com\/www.elsol.com.ar\/wp-content\/uploads\/2026\/04\/HHAcLarbwAM9e4F.jpg?resize=400%2C300&amp;quality=89&amp;ssl=1 400w, https:\/\/i0.wp.com\/www.elsol.com.ar\/wp-content\/uploads\/2026\/04\/HHAcLarbwAM9e4F.jpg?resize=200%2C150&amp;quality=89&amp;ssl=1 200w, https:\/\/i0.wp.com\/www.elsol.com.ar\/wp-content\/uploads\/2026\/04\/HHAcLarbwAM9e4F.jpg?resize=600%2C450&amp;quality=89&amp;ssl=1&amp;w=370 370w\" sizes=\"auto, (min-width: 782px) 600px, (min-width: 600px) 42.5vw, 90vw\"\/>\t\t\t\t\t\t\t\t\t\t\t\t<\/a><\/p>\n<\/figure>\n<p><!-- .featured-image --><\/p>\n<div class=\"entry-wrapper\">\n<p>La vicegobernadora de Mendoza, Hebe Casado, plante\u00f3 que el jefe de Gabinete, Manuel Adorni, debi\u00f3 haberse apartado de su cargo mientras avanzan las investigaciones judiciales vinculadas a su patrimonio, con el objetivo de evitar un impacto pol\u00edtico negativo sobre el Gobierno\u2026<\/p>\n<\/p><\/div>\n<p><!-- .entry-wrapper --><br \/>\n\t<\/article>\n<\/p><\/div>\n<\/p><\/div>\n<p>Por otra parte, acordaron otorgar una <strong>suma fija no remunerativa de $ 20.000<\/strong>, que se adicionar\u00e1 a la suma no remunerativa abonada a la fecha y que continuar\u00e1 en su car\u00e1cter.<\/p>\n<p>Por otro lado, las partes mencionadas y la <strong>Obra Social de los Empleados de Comercio y Actividades Civiles <\/strong>(OSECAC), acordaron una <strong>contribuci\u00f3n adicional <\/strong>y solidaria a cargo de los empleadores incluidos en este acuerdo colectivo equivalente a 28.000  pesos mensuales por cada trabajador. <\/p>\n<aside class=\"scaip scaip-4    \">\n\t\t<\/aside>\n<p>Lo pactado tiene vigencia desde el 1\u00b0 de abril de 2026 y hasta el 31 de marzo de 2031. <\/p>\n<p>Asimismo, acordaron las partes un compromiso para reunirse en <strong>junio pr\u00f3ximo<\/strong>, por iniciativa de cualquiera de ellas, para <strong>analizar <\/strong>las escalas b\u00e1sicas convencionales, sumas, porcentajes; conforme a las variaciones macroecon\u00f3micas que pudieran haber surgido.<\/p>\n<p><h3 class=\"jp-relatedposts-headline\"><em>M\u00c1S NOTICIAS:<\/em><\/h3>\n<\/p>\n<section id=\"block-24\" class=\"below-content widget widget_block\"\/>\t<\/div>\n","protected":false},"excerpt":{"rendered":"<p>Se homolog\u00f3 el acuerdo paritario para los empleados de comercio que contempla un 5% de aumento sobre el salario de marzo pasado, cuando precisamente se llevaron a cabo las negociaciones. La firma se produjo el 26 de marzo pasado y ahora ya est\u00e1 vigente para los salarios de abril. El convenio fue alcanzado por la [&hellip;]<\/p>\n","protected":false},"author":1,"featured_media":221353,"comment_status":"","ping_status":"","sticky":false,"template":"","format":"standard","meta":{"footnotes":""},"categories":[8],"tags":[],"class_list":{"0":"post-221343","1":"post","2":"type-post","3":"status-publish","4":"format-standard","5":"has-post-thumbnail","7":"category-nacionales"},"_links":{"self":[{"href":"https:\/\/chacosintesis.com.ar\/index.php\/wp-json\/wp\/v2\/posts\/221343","targetHints":{"allow":["GET"]}}],"collection":[{"href":"https:\/\/chacosintesis.com.ar\/index.php\/wp-json\/wp\/v2\/posts"}],"about":[{"href":"https:\/\/chacosintesis.com.ar\/index.php\/wp-json\/wp\/v2\/types\/post"}],"author":[{"embeddable":true,"href":"https:\/\/chacosintesis.com.ar\/index.php\/wp-json\/wp\/v2\/users\/1"}],"replies":[{"embeddable":true,"href":"https:\/\/chacosintesis.com.ar\/index.php\/wp-json\/wp\/v2\/comments?post=221343"}],"version-history":[{"count":0,"href":"https:\/\/chacosintesis.com.ar\/index.php\/wp-json\/wp\/v2\/posts\/221343\/revisions"}],"wp:featuredmedia":[{"embeddable":true,"href":"https:\/\/chacosintesis.com.ar\/index.php\/wp-json\/wp\/v2\/media\/221353"}],"wp:attachment":[{"href":"https:\/\/chacosintesis.com.ar\/index.php\/wp-json\/wp\/v2\/media?parent=221343"}],"wp:term":[{"taxonomy":"category","embeddable":true,"href":"https:\/\/chacosintesis.com.ar\/index.php\/wp-json\/wp\/v2\/categories?post=221343"},{"taxonomy":"post_tag","embeddable":true,"href":"https:\/\/chacosintesis.com.ar\/index.php\/wp-json\/wp\/v2\/tags?post=221343"}],"curies":[{"name":"wp","href":"https:\/\/api.w.org\/{rel}","templated":true}]}}