{"id":22133,"date":"2023-05-25T23:20:50","date_gmt":"2023-05-26T02:20:50","guid":{"rendered":"https:\/\/chacosintesis.com.ar\/?p=22133"},"modified":"2023-05-25T23:37:11","modified_gmt":"2023-05-26T02:37:11","slug":"detuvieron-a-dos-involucrados-por-los-robos-de-resistencia-y-barranqueras","status":"publish","type":"post","link":"https:\/\/chacosintesis.com.ar\/index.php\/detuvieron-a-dos-involucrados-por-los-robos-de-resistencia-y-barranqueras\/","title":{"rendered":"Detuvieron a dos involucrados por los robos de Resistencia y Barranqueras"},"content":{"rendered":"<p>Luego de una intensa b\u00fasqueda y allanamientos, dos personas se encuentran detenidas por los hechos delictivos en los que resultaron heridas dos personas.<\/p>\n<p>La Polic\u00eda del Chaco, por disposici\u00f3n del Ministerio de Seguridad y Justicia de la provincia, trabaj\u00f3 para resolver los robos ocurridos en Avenida Wilde y Rivadavia en Resistencia, y otro ocurrido en un barrio de Barranqueras, donde resultaron heridos un joven empresario y un polic\u00eda retirado.<br \/>\nLas detenciones se realizaron este jueves por la ma\u00f1ana en allanamientos, tras varios d\u00edas de tareas de investigaci\u00f3n y otras medidas tomadas por orden de la fiscal Rosana Soto, interviniente en las causas.<br \/>\nEl primer allanamiento se realiz\u00f3 en la ciudad de Resistencia, donde se detuvo a uno de los involucrados en el robo ocurrido en la esquina de las avenidas Wilde y Rivadavia. El damnificado fue abordado por dos sujetos en moto, que le sustrajeron 800.000 pesos y recibi\u00f3 una herida de arma de fuego en el pie derecho.<br \/>\nEl segundo allanamiento, est\u00e1 relacionado con el asalto a una encargada de una remiser\u00eda, quien fue abordada antes de ingresar a su domicilio en Barranqueras; y fue asistida por un Comisario General Retirado, que recibi\u00f3 un disparo, y afortunadamente no est\u00e1 en riesgo su vida. En este segundo allanamiento, se detuvo al responsable del hecho. En este trabajo de investigaci\u00f3n, intervino personal policial de la Divisi\u00f3n de Investigaciones Complejas.<br \/>\nVale recordar que el Gobierno de la provincia, a trav\u00e9s del Ministerio de Seguridad y Justicia, ha invertido en obras p\u00fablicas y equipamiento de \u00faltima tecnolog\u00eda para la Polic\u00eda del Chaco que fortalecen las investigaciones de hechos delictivos. Tambi\u00e9n se ha inaugurado el Centro \u00danico de Monitoreo de la provincia, ubicado en Resistencia, que lleva adelante el control de las m\u00e1s de 300 c\u00e1maras instaladas en el macro y micro centro, y que permiten prevenir delitos, identificar a quienes los cometen y atender de forma urgente la demanda de seguridad de los vecinos y vecinas.<\/p>\n","protected":false},"excerpt":{"rendered":"<p>Luego de una intensa b\u00fasqueda y allanamientos, dos personas se encuentran detenidas por los hechos delictivos en los que resultaron heridas dos personas. La Polic\u00eda del Chaco, por disposici\u00f3n del Ministerio de Seguridad y Justicia de la provincia, trabaj\u00f3 para resolver los robos ocurridos en Avenida Wilde y Rivadavia en Resistencia, y otro ocurrido en [&hellip;]<\/p>\n","protected":false},"author":1,"featured_media":22134,"comment_status":"closed","ping_status":"closed","sticky":false,"template":"","format":"standard","meta":{"footnotes":""},"categories":[6],"tags":[],"class_list":{"0":"post-22133","1":"post","2":"type-post","3":"status-publish","4":"format-standard","5":"has-post-thumbnail","7":"category-chaco"},"_links":{"self":[{"href":"https:\/\/chacosintesis.com.ar\/index.php\/wp-json\/wp\/v2\/posts\/22133","targetHints":{"allow":["GET"]}}],"collection":[{"href":"https:\/\/chacosintesis.com.ar\/index.php\/wp-json\/wp\/v2\/posts"}],"about":[{"href":"https:\/\/chacosintesis.com.ar\/index.php\/wp-json\/wp\/v2\/types\/post"}],"author":[{"embeddable":true,"href":"https:\/\/chacosintesis.com.ar\/index.php\/wp-json\/wp\/v2\/users\/1"}],"replies":[{"embeddable":true,"href":"https:\/\/chacosintesis.com.ar\/index.php\/wp-json\/wp\/v2\/comments?post=22133"}],"version-history":[{"count":0,"href":"https:\/\/chacosintesis.com.ar\/index.php\/wp-json\/wp\/v2\/posts\/22133\/revisions"}],"wp:featuredmedia":[{"embeddable":true,"href":"https:\/\/chacosintesis.com.ar\/index.php\/wp-json\/wp\/v2\/media\/22134"}],"wp:attachment":[{"href":"https:\/\/chacosintesis.com.ar\/index.php\/wp-json\/wp\/v2\/media?parent=22133"}],"wp:term":[{"taxonomy":"category","embeddable":true,"href":"https:\/\/chacosintesis.com.ar\/index.php\/wp-json\/wp\/v2\/categories?post=22133"},{"taxonomy":"post_tag","embeddable":true,"href":"https:\/\/chacosintesis.com.ar\/index.php\/wp-json\/wp\/v2\/tags?post=22133"}],"curies":[{"name":"wp","href":"https:\/\/api.w.org\/{rel}","templated":true}]}}