{"id":22131,"date":"2023-05-25T22:50:34","date_gmt":"2023-05-26T01:50:34","guid":{"rendered":"https:\/\/chacosintesis.com.ar\/?p=22131"},"modified":"2023-05-25T23:06:52","modified_gmt":"2023-05-26T02:06:52","slug":"congreso-de-pescadores-del-frente-chaqueno-queremos-que-las-y-los-trabajadores-de-economia-popular-tengan-la-jerarquia-y-el-crecimiento-que-se-merecen","status":"publish","type":"post","link":"https:\/\/chacosintesis.com.ar\/index.php\/congreso-de-pescadores-del-frente-chaqueno-queremos-que-las-y-los-trabajadores-de-economia-popular-tengan-la-jerarquia-y-el-crecimiento-que-se-merecen\/","title":{"rendered":"Congreso de pescadores del Frente Chaque\u00f1o: \u201cQueremos que las y los trabajadores de econom\u00eda popular tengan la jerarqu\u00eda y el crecimiento que se merecen\u201d"},"content":{"rendered":"<p>Entre mil y dos mil son las familias chaque\u00f1as que subsisten de la pesca. De cara a una pr\u00f3xima gesti\u00f3n y a trav\u00e9s del Plan Quinquenal 2023 &#8211; 2027, se buscar\u00e1 fortalecer el valor agregado para mejorar la comercializaci\u00f3n y garantizar el acceso a derechos de las y los trabajadores.<br \/>\n El Frente Chaque\u00f1o tuvo su sexto congreso sectorial con la participaci\u00f3n de cientos de trabajadoras y trabajadores pescadores, de la agricultura familiar y ladrilleros. Desde Puerto Vilelas, el encuentro sirvi\u00f3 como espacio para compartir ideas, proyectos y desaf\u00edos en busca de una pr\u00f3xima gesti\u00f3n del gobernador Jorge Capitanich y la vicegobernadora Anal\u00eda Rach Quiroga.<br \/>\n\u201cQueremos que los pescadores, los ladrilleros, los artesanos, las y los trabajadores de la econom\u00eda popular tengan la jerarqu\u00eda que se merecen, con pol\u00edticas p\u00fablicas que incentiven el crecimiento, el desarrollo y la generaci\u00f3n de ingresos\u201d, expres\u00f3 Coqui ante cientos de familias que se acercaron al lugar.<br \/>\nEntre mil y dos mil son las familias chaque\u00f1as que trabajan y subsisten de la pesca. De cara a una pr\u00f3xima gesti\u00f3n y a trav\u00e9s del Plan Quinquenal, se buscar\u00e1 implementar pol\u00edticas de fortalecimiento al sector mediante la provisi\u00f3n de equipamiento y freezers, la construcci\u00f3n de salas de fr\u00edo y fileteado, y el impulso al valor agregado para mejorar la comercializaci\u00f3n.<br \/>\n\u201cQueremos nosotros que quienes producen alimentos tengan la capacidad de poder comercializarlos a buen precio. Adem\u00e1s, tenemos que incorporar el pescado a la dieta progresiva del sistema alimentario escolar\u201d, explic\u00f3 Capitanich, quien adem\u00e1s propuso generar una red de proveedores para supermercados y almacenes populares que sirva como base para el desarrollo del sector.<br \/>\nEstas medidas tienen como objetivo generar valor agregado en origen para promover la industrializaci\u00f3n de la cadena de valor y de esta manera aumentar la demanda, resultando en un mayor crecimiento econ\u00f3mico y m\u00e1s empleo formal privado para el sector.<br \/>\n\u201cBuscamos que puedan facturar lo que venden, y que cuando lo hagan, un porcentaje vaya a un fondo de seguridad social que les permita tener jubilaci\u00f3n, obra social, que tengan cobertura de riesgos de trabajo. Pero a su vez tambi\u00e9n que podamos tener un porcentaje para un fondo de estabilizaci\u00f3n de precios\u201d, explic\u00f3 el gobernador y precandidato a la reelecci\u00f3n.<br \/>\nAcompa\u00f1aron al gobernador el precandidato a diputado provincial y ministro de Planificaci\u00f3n, Econom\u00eda e Infraestructura, Santiago P\u00e9rez Pons, la precandidata y ministra de Desarrollo Social, P\u00eda Chiacchio Cavana; la precandidata Gladys Gonz\u00e1lez, junto al precandidato a intendente de Puerto Vilelas, Marcelo \u201cColo\u201d Gonz\u00e1lez y al intendente actual, V\u00edctor Rea.<br \/>\n\u201dSolamente se construye la verdadera libertad cuando hay justicia social\u201d<br \/>\nCoqui hizo adem\u00e1s un llamado a la militancia y a la organizaci\u00f3n para empoderar y fortalecer al sector. Parafraseando a Juan Domingo Per\u00f3n record\u00f3 que \u201cla organizaci\u00f3n vence al tiempo y a los n\u00fameros. Solo la organizaci\u00f3n es lo que har\u00e1 libre a los pueblos\u201d.<br \/>\nAdem\u00e1s, subray\u00f3 la importancia de la generaci\u00f3n de empleo para el desarrollo econ\u00f3mico de la provincia, y como plataforma de progreso y movilidad social: \u201cLa \u00fanica manera de resolver los problemas de car\u00e1cter social tiene que ver con el empleo\u201d<br \/>\n\u201cEs necesario garantizar los derechos de todos y todas. Por eso solamente se construye la verdadera libertad cuando hay justicia social: eso significa que es necesario darle a cada cual lo que corresponde. No hay ninguna posibilidad de la paz social sin empleo, trabajo digno y salarios dignos que garanticen el ingreso de las personas\u201d, ampli\u00f3.<br \/>\nAdem\u00e1s, dirigi\u00e9ndose a la oposici\u00f3n, se\u00f1al\u00f3: \u201cA los que nos quieren dar lecciones de organizaci\u00f3n y de gesti\u00f3n p\u00fablica lo que yo les pregunto es \u00bfPor qu\u00e9 no lo demuestran en sus respectivas responsabilidades?\u201d.<br \/>\nY agreg\u00f3: \u201cNosotros hacemos lo que decimos, planificamos. As\u00ed logramos hacer m\u00e1s rutas, m\u00e1s hospitales, m\u00e1s centros de salud, m\u00e1s escuelas, m\u00e1s pavimento urbano, m\u00e1s energ\u00eda, m\u00e1s agua potable, m\u00e1s cloacas, m\u00e1s viviendas. Sabemos muy bien lo que nos falta, pero tambi\u00e9n sabemos lo que hicimos y de d\u00f3nde partimos\u201d.<\/p>\n","protected":false},"excerpt":{"rendered":"<p>Entre mil y dos mil son las familias chaque\u00f1as que subsisten de la pesca. De cara a una pr\u00f3xima gesti\u00f3n y a trav\u00e9s del Plan Quinquenal 2023 &#8211; 2027, se buscar\u00e1 fortalecer el valor agregado para mejorar la comercializaci\u00f3n y garantizar el acceso a derechos de las y los trabajadores. El Frente Chaque\u00f1o tuvo su [&hellip;]<\/p>\n","protected":false},"author":1,"featured_media":22132,"comment_status":"closed","ping_status":"closed","sticky":false,"template":"","format":"standard","meta":{"footnotes":""},"categories":[6],"tags":[],"class_list":{"0":"post-22131","1":"post","2":"type-post","3":"status-publish","4":"format-standard","5":"has-post-thumbnail","7":"category-chaco"},"_links":{"self":[{"href":"https:\/\/chacosintesis.com.ar\/index.php\/wp-json\/wp\/v2\/posts\/22131","targetHints":{"allow":["GET"]}}],"collection":[{"href":"https:\/\/chacosintesis.com.ar\/index.php\/wp-json\/wp\/v2\/posts"}],"about":[{"href":"https:\/\/chacosintesis.com.ar\/index.php\/wp-json\/wp\/v2\/types\/post"}],"author":[{"embeddable":true,"href":"https:\/\/chacosintesis.com.ar\/index.php\/wp-json\/wp\/v2\/users\/1"}],"replies":[{"embeddable":true,"href":"https:\/\/chacosintesis.com.ar\/index.php\/wp-json\/wp\/v2\/comments?post=22131"}],"version-history":[{"count":0,"href":"https:\/\/chacosintesis.com.ar\/index.php\/wp-json\/wp\/v2\/posts\/22131\/revisions"}],"wp:featuredmedia":[{"embeddable":true,"href":"https:\/\/chacosintesis.com.ar\/index.php\/wp-json\/wp\/v2\/media\/22132"}],"wp:attachment":[{"href":"https:\/\/chacosintesis.com.ar\/index.php\/wp-json\/wp\/v2\/media?parent=22131"}],"wp:term":[{"taxonomy":"category","embeddable":true,"href":"https:\/\/chacosintesis.com.ar\/index.php\/wp-json\/wp\/v2\/categories?post=22131"},{"taxonomy":"post_tag","embeddable":true,"href":"https:\/\/chacosintesis.com.ar\/index.php\/wp-json\/wp\/v2\/tags?post=22131"}],"curies":[{"name":"wp","href":"https:\/\/api.w.org\/{rel}","templated":true}]}}