{"id":22129,"date":"2023-05-25T18:05:36","date_gmt":"2023-05-25T21:05:36","guid":{"rendered":"https:\/\/chacosintesis.com.ar\/?p=22129"},"modified":"2023-05-25T18:06:42","modified_gmt":"2023-05-25T21:06:42","slug":"el-frente-chaqueno-reunira-a-pescadores-y-malloneros-en-puerto-vilelas","status":"publish","type":"post","link":"https:\/\/chacosintesis.com.ar\/index.php\/el-frente-chaqueno-reunira-a-pescadores-y-malloneros-en-puerto-vilelas\/","title":{"rendered":"El Frente chaque\u00f1o reunir\u00e1 a pescadores y malloneros en Puerto Vilelas"},"content":{"rendered":"<p>Ser\u00e1 el quinto congreso del espacio pol\u00edtico conducido por el gobernador, Jorge Capitanich, y la vicegobernadora, Anal\u00eda Rach Quiroga, con el objetivo de debatir acerca de la situaci\u00f3n del sector y las pol\u00edticas necesarias para su desarrollo.<br \/>\nEste jueves 25 de mayo el Frente Chaque\u00f1o convocar\u00e1 a un nuevo encuentro sectorial. Esta vez el encuentro estar\u00e1 dirigido a pescadores, malloneros y sus familias, quienes se reunir\u00e1n desde las 18:30 en la localidad de Puerto Vilelas.<br \/>\nEl congreso ser\u00e1 una nueva oportunidad de compartir ideas, proyectos y desaf\u00edos de cara a una pr\u00f3xima gesti\u00f3n del gobernador, Jorge Capitanich, y la vicegobernadora, Anal\u00eda Rach Quiroga, en la que se buscar\u00e1 fortalecer el desarrollo del sector mediante pol\u00edticas de fomento, equipamiento e impulso a las cadenas de valor asociadas.<br \/>\nEl objetivo: profesionalizar la actividad, aumentar la producci\u00f3n y garantizar condiciones de competitividad para la producci\u00f3n de pescado chaque\u00f1o bajo la premisa de \u201cproducir lo que consumimos y consumir lo que producimos\u201d, cuidando a las familias chaque\u00f1as.<br \/>\nSe trata del quinto encuentro de este tipo, precedido por espacios de debate y reflexi\u00f3n con jubilados y jubiladas en la localidad de Las Bre\u00f1as, referentes de la econom\u00eda popular en Presidencia de la Plaza, productores de la agricultura familiar, en S\u00e1enz Pe\u00f1a; y mujeres y diversidades en Resistencia.<\/p>\n","protected":false},"excerpt":{"rendered":"<p>Ser\u00e1 el quinto congreso del espacio pol\u00edtico conducido por el gobernador, Jorge Capitanich, y la vicegobernadora, Anal\u00eda Rach Quiroga, con el objetivo de debatir acerca de la situaci\u00f3n del sector y las pol\u00edticas necesarias para su desarrollo. Este jueves 25 de mayo el Frente Chaque\u00f1o convocar\u00e1 a un nuevo encuentro sectorial. Esta vez el encuentro [&hellip;]<\/p>\n","protected":false},"author":1,"featured_media":22130,"comment_status":"closed","ping_status":"closed","sticky":false,"template":"","format":"standard","meta":{"footnotes":""},"categories":[6],"tags":[],"class_list":{"0":"post-22129","1":"post","2":"type-post","3":"status-publish","4":"format-standard","5":"has-post-thumbnail","7":"category-chaco"},"_links":{"self":[{"href":"https:\/\/chacosintesis.com.ar\/index.php\/wp-json\/wp\/v2\/posts\/22129","targetHints":{"allow":["GET"]}}],"collection":[{"href":"https:\/\/chacosintesis.com.ar\/index.php\/wp-json\/wp\/v2\/posts"}],"about":[{"href":"https:\/\/chacosintesis.com.ar\/index.php\/wp-json\/wp\/v2\/types\/post"}],"author":[{"embeddable":true,"href":"https:\/\/chacosintesis.com.ar\/index.php\/wp-json\/wp\/v2\/users\/1"}],"replies":[{"embeddable":true,"href":"https:\/\/chacosintesis.com.ar\/index.php\/wp-json\/wp\/v2\/comments?post=22129"}],"version-history":[{"count":0,"href":"https:\/\/chacosintesis.com.ar\/index.php\/wp-json\/wp\/v2\/posts\/22129\/revisions"}],"wp:featuredmedia":[{"embeddable":true,"href":"https:\/\/chacosintesis.com.ar\/index.php\/wp-json\/wp\/v2\/media\/22130"}],"wp:attachment":[{"href":"https:\/\/chacosintesis.com.ar\/index.php\/wp-json\/wp\/v2\/media?parent=22129"}],"wp:term":[{"taxonomy":"category","embeddable":true,"href":"https:\/\/chacosintesis.com.ar\/index.php\/wp-json\/wp\/v2\/categories?post=22129"},{"taxonomy":"post_tag","embeddable":true,"href":"https:\/\/chacosintesis.com.ar\/index.php\/wp-json\/wp\/v2\/tags?post=22129"}],"curies":[{"name":"wp","href":"https:\/\/api.w.org\/{rel}","templated":true}]}}