{"id":221261,"date":"2026-04-28T18:16:00","date_gmt":"2026-04-28T21:16:00","guid":{"rendered":"https:\/\/chacosintesis.com.ar\/?p=221261"},"modified":"2026-04-28T20:42:13","modified_gmt":"2026-04-28T23:42:13","slug":"saenz-pena-llega-drum-fest-3-al-centro-cultural-municipal","status":"publish","type":"post","link":"https:\/\/chacosintesis.com.ar\/index.php\/saenz-pena-llega-drum-fest-3-al-centro-cultural-municipal\/","title":{"rendered":"S\u00e1enz Pe\u00f1a: Llega \u201cDrum Fest 3\u201d al Centro Cultural Municipal"},"content":{"rendered":"\n<p>En conferencia de prensa que tuvo lugar en la ma\u00f1ana del martes, la profesora Silvia Mac\u00edas coment\u00f3 que en el marco de las actividades que impulsa la Secretar\u00eda de Cultura y Educaci\u00f3n Ciudadana D\u00eda de la Danza y bajo el lema \u201cCultura en los Barrios\u201d, se realizar\u00e1 en la ciudad una nueva edici\u00f3n del festival de bater\u00eda \u201cDrum Fest 3\u201d, una propuesta musical que convoca a artistas y p\u00fablico en general.<br>El evento tendr\u00e1 lugar el s\u00e1bado 9 de mayo, a partir de las 18 horas, en el patio del Centro Cultural Municipal. Est\u00e1 destinado a toda la comunidad, \u00a0podr\u00e1n asistir m\u00fasicos, estudiantes y vecinos interesados en disfrutar de una jornada a puro ritmo.<br>El festival es organizado por el profesor Pablo Michlig, con el acompa\u00f1amiento del municipio, y se desarrolla una vez al a\u00f1o. En esta edici\u00f3n participar\u00e1n bateristas locales y tambi\u00e9n invitados provenientes de otras ciudades como Resistencia y Villa \u00c1ngela, quienes interpretar\u00e1n distintos g\u00e9neros musicales, principalmente rock, aunque tambi\u00e9n habr\u00e1 presentaciones de otros estilos como el folclore.<\/p>\n\n\n\n<figure class=\"wp-block-image size-full\"><img decoding=\"async\" src=\"data:image\/gif;base64,R0lGODlhAQABAIAAAAAAAP\/\/\/ywAAAAAAQABAAACAUwAOw==\" fifu-lazy=\"1\" fifu-data-sizes=\"auto\" fifu-data-srcset=\"https:\/\/i2.wp.com\/chacosintesis.com.ar\/wp-content\/uploads\/2026\/04\/WhatsApp-Image-2026-04-28-at-17.09.18-1.jpeg?ssl=1&w=75&resize=75&ssl=1 75w, https:\/\/i2.wp.com\/chacosintesis.com.ar\/wp-content\/uploads\/2026\/04\/WhatsApp-Image-2026-04-28-at-17.09.18-1.jpeg?ssl=1&w=100&resize=100&ssl=1 100w, https:\/\/i2.wp.com\/chacosintesis.com.ar\/wp-content\/uploads\/2026\/04\/WhatsApp-Image-2026-04-28-at-17.09.18-1.jpeg?ssl=1&w=150&resize=150&ssl=1 150w, https:\/\/i2.wp.com\/chacosintesis.com.ar\/wp-content\/uploads\/2026\/04\/WhatsApp-Image-2026-04-28-at-17.09.18-1.jpeg?ssl=1&w=240&resize=240&ssl=1 240w, https:\/\/i2.wp.com\/chacosintesis.com.ar\/wp-content\/uploads\/2026\/04\/WhatsApp-Image-2026-04-28-at-17.09.18-1.jpeg?ssl=1&w=320&resize=320&ssl=1 320w, https:\/\/i2.wp.com\/chacosintesis.com.ar\/wp-content\/uploads\/2026\/04\/WhatsApp-Image-2026-04-28-at-17.09.18-1.jpeg?ssl=1&w=500&resize=500&ssl=1 500w, https:\/\/i2.wp.com\/chacosintesis.com.ar\/wp-content\/uploads\/2026\/04\/WhatsApp-Image-2026-04-28-at-17.09.18-1.jpeg?ssl=1&w=640&resize=640&ssl=1 640w, https:\/\/i2.wp.com\/chacosintesis.com.ar\/wp-content\/uploads\/2026\/04\/WhatsApp-Image-2026-04-28-at-17.09.18-1.jpeg?ssl=1&w=800&resize=800&ssl=1 800w, https:\/\/i2.wp.com\/chacosintesis.com.ar\/wp-content\/uploads\/2026\/04\/WhatsApp-Image-2026-04-28-at-17.09.18-1.jpeg?ssl=1&w=1024&resize=1024&ssl=1 1024w, https:\/\/i2.wp.com\/chacosintesis.com.ar\/wp-content\/uploads\/2026\/04\/WhatsApp-Image-2026-04-28-at-17.09.18-1.jpeg?ssl=1&w=1280&resize=1280&ssl=1 1280w, https:\/\/i2.wp.com\/chacosintesis.com.ar\/wp-content\/uploads\/2026\/04\/WhatsApp-Image-2026-04-28-at-17.09.18-1.jpeg?ssl=1&w=1600&resize=1600&ssl=1 1600w\" fifu-data-src=\"https:\/\/i2.wp.com\/chacosintesis.com.ar\/wp-content\/uploads\/2026\/04\/WhatsApp-Image-2026-04-28-at-17.09.18-1.jpeg?ssl=1\" alt=\"\" class=\"wp-image-221262\"\/><\/figure>\n\n\n\n<p><br>La entrada tendr\u00e1 un costo de $2.000, mientras que los menores de 13 a\u00f1os podr\u00e1n ingresar de manera gratuita.<br>Uno de los momentos m\u00e1s esperados ser\u00e1 el cierre del evento, en el que todos los bateristas participantes tocar\u00e1n en simult\u00e1neo, generando un espect\u00e1culo \u00fanico.<br>Quienes deseen participar a\u00fan pueden inscribirse durante los pr\u00f3ximos d\u00edas. Para ello, pueden acercarse a la Casa de Cultura o comunicarse directamente con el organizador al n\u00famero 3644-454969. La convocatoria est\u00e1 abierta a bateristas de todas las edades, a partir de los 7 a\u00f1os en adelante, sin l\u00edmite de edad.<br>Desde la organizaci\u00f3n destacaron que los participantes deber\u00e1n asistir con sus propios instrumentos para el festival, aunque quienes se est\u00e9n formando pueden acceder a clases gratuitas en la Casa de Cultura, donde se brindan distintas disciplinas musicales. Actualmente, el \u00e1rea de percusi\u00f3n cuenta con alrededor de 30 alumnos y contin\u00faa en crecimiento.<br>Asimismo, se record\u00f3 que la Casa de Cultura ofrece ense\u00f1anza gratuita de instrumentos como bater\u00eda, guitarra, piano, acorde\u00f3n e instrumentos de viento, adem\u00e1s de contar con agrupaciones musicales en formaci\u00f3n.<\/p>\n\n\n\n<p><\/p>\n","protected":false},"excerpt":{"rendered":"<p>En conferencia de prensa que tuvo lugar en la ma\u00f1ana del martes, la profesora Silvia Mac\u00edas coment\u00f3 que en el marco de las actividades que impulsa la Secretar\u00eda de Cultura y Educaci\u00f3n Ciudadana D\u00eda de la Danza y bajo el lema \u201cCultura en los Barrios\u201d, se realizar\u00e1 en la ciudad una nueva edici\u00f3n del festival [&hellip;]<\/p>\n","protected":false},"author":10001,"featured_media":221263,"comment_status":"closed","ping_status":"closed","sticky":false,"template":"","format":"standard","meta":{"footnotes":""},"categories":[6],"tags":[628],"class_list":{"0":"post-221261","1":"post","2":"type-post","3":"status-publish","4":"format-standard","5":"has-post-thumbnail","7":"category-chaco","8":"tag-saenzpena"},"_links":{"self":[{"href":"https:\/\/chacosintesis.com.ar\/index.php\/wp-json\/wp\/v2\/posts\/221261","targetHints":{"allow":["GET"]}}],"collection":[{"href":"https:\/\/chacosintesis.com.ar\/index.php\/wp-json\/wp\/v2\/posts"}],"about":[{"href":"https:\/\/chacosintesis.com.ar\/index.php\/wp-json\/wp\/v2\/types\/post"}],"author":[{"embeddable":true,"href":"https:\/\/chacosintesis.com.ar\/index.php\/wp-json\/wp\/v2\/users\/10001"}],"replies":[{"embeddable":true,"href":"https:\/\/chacosintesis.com.ar\/index.php\/wp-json\/wp\/v2\/comments?post=221261"}],"version-history":[{"count":1,"href":"https:\/\/chacosintesis.com.ar\/index.php\/wp-json\/wp\/v2\/posts\/221261\/revisions"}],"predecessor-version":[{"id":221265,"href":"https:\/\/chacosintesis.com.ar\/index.php\/wp-json\/wp\/v2\/posts\/221261\/revisions\/221265"}],"wp:featuredmedia":[{"embeddable":true,"href":"https:\/\/chacosintesis.com.ar\/index.php\/wp-json\/wp\/v2\/media\/221263"}],"wp:attachment":[{"href":"https:\/\/chacosintesis.com.ar\/index.php\/wp-json\/wp\/v2\/media?parent=221261"}],"wp:term":[{"taxonomy":"category","embeddable":true,"href":"https:\/\/chacosintesis.com.ar\/index.php\/wp-json\/wp\/v2\/categories?post=221261"},{"taxonomy":"post_tag","embeddable":true,"href":"https:\/\/chacosintesis.com.ar\/index.php\/wp-json\/wp\/v2\/tags?post=221261"}],"curies":[{"name":"wp","href":"https:\/\/api.w.org\/{rel}","templated":true}]}}