{"id":22126,"date":"2023-05-25T16:02:00","date_gmt":"2023-05-25T19:02:00","guid":{"rendered":"https:\/\/chacosintesis.com.ar\/?p=22126"},"modified":"2023-05-25T18:03:35","modified_gmt":"2023-05-25T21:03:35","slug":"cuesta-es-necesario-reivindicar-esos-valores-que-nos-legaron-nuestros-proceres-y-reinstalar-el-amor-a-la-patria","status":"publish","type":"post","link":"https:\/\/chacosintesis.com.ar\/index.php\/cuesta-es-necesario-reivindicar-esos-valores-que-nos-legaron-nuestros-proceres-y-reinstalar-el-amor-a-la-patria\/","title":{"rendered":"Cuesta: \u201cEs necesario reivindicar esos valores que nos legaron nuestros pr\u00f3ceres y reinstalar el amor a la Patria\u201d"},"content":{"rendered":"\n<p>Junto a una gran cantidad de vecinas y vecinos que con fervor patrio se acercaron a festejar, la presidenta del Poder Legislativo y candidata a intendenta capitalina, Elida Cuesta, particip\u00f3, junto al intendente Gustavo Mart\u00ednez, del desfile c\u00edvico militar para celebrar el 213\u00b0 aniversario de la Revoluci\u00f3n de Mayo. Previamente asisti\u00f3 al tedeum patrio que se desarroll\u00f3 en la catedral de Resistencia, donde se breg\u00f3 por una ciudad m\u00e1s unida para ayudar a quienes m\u00e1s necesitan.<br>Tras el multitudinario acto en la avenida 25 de Mayo, la titular legislativa resalt\u00f3 el gran acompa\u00f1amiento de las y los vecinos a este evento que permite recordar los acontecimientos hist\u00f3ricos que diieron vida a la Patria, as\u00ed como tambi\u00e9n visibilizar a los veteranos y movilizados de Malvinas. \u201cEs necesario reivindicar esos valores que nos legaron nuestros pr\u00f3ceres y reinstalar el amor a la Patria, el respeto a nuestros s\u00edmbolos y a las marchas patrias que forman parte de nuestro acervo cultural\u201d, asever\u00f3.<br>Cuesta, adem\u00e1s, destac\u00f3 la homil\u00eda del arzobispo Ram\u00f3n Dus en el tedeum patrio en la catedral de Resistencia, donde expres\u00f3 lo importante que es pedir por la unidad de todas y todos los argentinos, especialmente de las y los chaque\u00f1os, para trabajar en el di\u00e1logo, el consenso y reconstruir la sociedad a trav\u00e9s de un trabajo conjunto. \u201cEs por esto que si tenemos el acompa\u00f1amiento de las y los vecinos en las pr\u00f3ximas elecciones trabajaremos mancomunadamente, junto a todos los sectores, m\u00e1s all\u00e1 de las diferencias, para construir una ciudad mejor y continuar con el legado de nuestros pr\u00f3ceres\u201d, expres\u00f3 la candidata a jefa comunal capitalina.<br>Para finalizar, la presidenta de la Legislatura reiter\u00f3 que, en caso de ser electa como intendenta de Resistencia, profundizar\u00e1 todas las pol\u00edticas que las y los vecinos han tomado como propias, as\u00ed como tambi\u00e9n reforzar\u00e1 el contacto directo en cada uno de los barrios para mejorar la calidad de vida de las y los resistencianos.<\/p>\n","protected":false},"excerpt":{"rendered":"<p>Junto a una gran cantidad de vecinas y vecinos que con fervor patrio se acercaron a festejar, la presidenta del Poder Legislativo y candidata a intendenta capitalina, Elida Cuesta, particip\u00f3, junto al intendente Gustavo Mart\u00ednez, del desfile c\u00edvico militar para celebrar el 213\u00b0 aniversario de la Revoluci\u00f3n de Mayo. Previamente asisti\u00f3 al tedeum patrio que [&hellip;]<\/p>\n","protected":false},"author":1,"featured_media":22127,"comment_status":"closed","ping_status":"closed","sticky":false,"template":"","format":"standard","meta":{"footnotes":""},"categories":[6],"tags":[202],"class_list":{"0":"post-22126","1":"post","2":"type-post","3":"status-publish","4":"format-standard","5":"has-post-thumbnail","7":"category-chaco","8":"tag-legislatura"},"_links":{"self":[{"href":"https:\/\/chacosintesis.com.ar\/index.php\/wp-json\/wp\/v2\/posts\/22126","targetHints":{"allow":["GET"]}}],"collection":[{"href":"https:\/\/chacosintesis.com.ar\/index.php\/wp-json\/wp\/v2\/posts"}],"about":[{"href":"https:\/\/chacosintesis.com.ar\/index.php\/wp-json\/wp\/v2\/types\/post"}],"author":[{"embeddable":true,"href":"https:\/\/chacosintesis.com.ar\/index.php\/wp-json\/wp\/v2\/users\/1"}],"replies":[{"embeddable":true,"href":"https:\/\/chacosintesis.com.ar\/index.php\/wp-json\/wp\/v2\/comments?post=22126"}],"version-history":[{"count":0,"href":"https:\/\/chacosintesis.com.ar\/index.php\/wp-json\/wp\/v2\/posts\/22126\/revisions"}],"wp:featuredmedia":[{"embeddable":true,"href":"https:\/\/chacosintesis.com.ar\/index.php\/wp-json\/wp\/v2\/media\/22127"}],"wp:attachment":[{"href":"https:\/\/chacosintesis.com.ar\/index.php\/wp-json\/wp\/v2\/media?parent=22126"}],"wp:term":[{"taxonomy":"category","embeddable":true,"href":"https:\/\/chacosintesis.com.ar\/index.php\/wp-json\/wp\/v2\/categories?post=22126"},{"taxonomy":"post_tag","embeddable":true,"href":"https:\/\/chacosintesis.com.ar\/index.php\/wp-json\/wp\/v2\/tags?post=22126"}],"curies":[{"name":"wp","href":"https:\/\/api.w.org\/{rel}","templated":true}]}}