{"id":221247,"date":"2026-04-28T18:02:00","date_gmt":"2026-04-28T21:02:00","guid":{"rendered":"https:\/\/chacosintesis.com.ar\/?p=221247"},"modified":"2026-04-28T20:34:11","modified_gmt":"2026-04-28T23:34:11","slug":"saenz-pena-el-plan-municipal-de-lectura-visito-el-barrio-puerta-del-sol","status":"publish","type":"post","link":"https:\/\/chacosintesis.com.ar\/index.php\/saenz-pena-el-plan-municipal-de-lectura-visito-el-barrio-puerta-del-sol\/","title":{"rendered":"S\u00e1enz Pe\u00f1a: El Plan Municipal de Lectura visit\u00f3 el barrio Puerta del Sol"},"content":{"rendered":"\n<p>La Secretar\u00eda de Cultura y Educaci\u00f3n Ciudadana, llev\u00f3 adelante una nueva jornada del Plan Municipal de Lectura en el Comedor y Merendero del barrio Puerta del Sol.<br>La actividad se concret\u00f3 en la tarde del martes, con el objetivo de fomentar el h\u00e1bito de la lectura en los m\u00e1s chicos y generar espacios de encuentro y aprendizaje.<\/p>\n\n\n\n<figure class=\"wp-block-image size-full\"><img decoding=\"async\" src=\"data:image\/gif;base64,R0lGODlhAQABAIAAAAAAAP\/\/\/ywAAAAAAQABAAACAUwAOw==\" fifu-lazy=\"1\" fifu-data-sizes=\"auto\" fifu-data-srcset=\"https:\/\/i2.wp.com\/chacosintesis.com.ar\/wp-content\/uploads\/2026\/04\/WhatsApp-Image-2026-04-28-at-17.09.42.jpeg?ssl=1&w=75&resize=75&ssl=1 75w, https:\/\/i2.wp.com\/chacosintesis.com.ar\/wp-content\/uploads\/2026\/04\/WhatsApp-Image-2026-04-28-at-17.09.42.jpeg?ssl=1&w=100&resize=100&ssl=1 100w, https:\/\/i2.wp.com\/chacosintesis.com.ar\/wp-content\/uploads\/2026\/04\/WhatsApp-Image-2026-04-28-at-17.09.42.jpeg?ssl=1&w=150&resize=150&ssl=1 150w, https:\/\/i2.wp.com\/chacosintesis.com.ar\/wp-content\/uploads\/2026\/04\/WhatsApp-Image-2026-04-28-at-17.09.42.jpeg?ssl=1&w=240&resize=240&ssl=1 240w, https:\/\/i2.wp.com\/chacosintesis.com.ar\/wp-content\/uploads\/2026\/04\/WhatsApp-Image-2026-04-28-at-17.09.42.jpeg?ssl=1&w=320&resize=320&ssl=1 320w, https:\/\/i2.wp.com\/chacosintesis.com.ar\/wp-content\/uploads\/2026\/04\/WhatsApp-Image-2026-04-28-at-17.09.42.jpeg?ssl=1&w=500&resize=500&ssl=1 500w, https:\/\/i2.wp.com\/chacosintesis.com.ar\/wp-content\/uploads\/2026\/04\/WhatsApp-Image-2026-04-28-at-17.09.42.jpeg?ssl=1&w=640&resize=640&ssl=1 640w, https:\/\/i2.wp.com\/chacosintesis.com.ar\/wp-content\/uploads\/2026\/04\/WhatsApp-Image-2026-04-28-at-17.09.42.jpeg?ssl=1&w=800&resize=800&ssl=1 800w, https:\/\/i2.wp.com\/chacosintesis.com.ar\/wp-content\/uploads\/2026\/04\/WhatsApp-Image-2026-04-28-at-17.09.42.jpeg?ssl=1&w=1024&resize=1024&ssl=1 1024w, https:\/\/i2.wp.com\/chacosintesis.com.ar\/wp-content\/uploads\/2026\/04\/WhatsApp-Image-2026-04-28-at-17.09.42.jpeg?ssl=1&w=1280&resize=1280&ssl=1 1280w, https:\/\/i2.wp.com\/chacosintesis.com.ar\/wp-content\/uploads\/2026\/04\/WhatsApp-Image-2026-04-28-at-17.09.42.jpeg?ssl=1&w=1600&resize=1600&ssl=1 1600w\" fifu-data-src=\"https:\/\/i2.wp.com\/chacosintesis.com.ar\/wp-content\/uploads\/2026\/04\/WhatsApp-Image-2026-04-28-at-17.09.42.jpeg?ssl=1\" alt=\"\" class=\"wp-image-221249\"\/><\/figure>\n\n\n\n<p><br>En la oportunidad participaron como lectoras voluntarias \u00c1ngeles G\u00f3mez, Bella Curin, Yanina Mir\u00f3n y Alicia Lips, quienes compartieron cuentos, leyendas y adivinanzas con los ni\u00f1os presentes.<br>Durante la jornada, los chicos disfrutaron de una tarde recreativa y educativa, donde no solo escucharon las historias, sino que tambi\u00e9n varios de ellos se animaron a leer en voz alta, promoviendo la participaci\u00f3n y el intercambio.<br>Desde la Secretar\u00eda de Cultura destacaron la importancia de estas propuestas que buscan acercar la lectura a los barrios y fortalecer los v\u00ednculos comunitarios a trav\u00e9s de la cultura.<\/p>\n\n\n\n<p><\/p>\n","protected":false},"excerpt":{"rendered":"<p>La Secretar\u00eda de Cultura y Educaci\u00f3n Ciudadana, llev\u00f3 adelante una nueva jornada del Plan Municipal de Lectura en el Comedor y Merendero del barrio Puerta del Sol.La actividad se concret\u00f3 en la tarde del martes, con el objetivo de fomentar el h\u00e1bito de la lectura en los m\u00e1s chicos y generar espacios de encuentro y [&hellip;]<\/p>\n","protected":false},"author":10001,"featured_media":221248,"comment_status":"closed","ping_status":"closed","sticky":false,"template":"","format":"standard","meta":{"footnotes":""},"categories":[6],"tags":[628],"class_list":{"0":"post-221247","1":"post","2":"type-post","3":"status-publish","4":"format-standard","5":"has-post-thumbnail","7":"category-chaco","8":"tag-saenzpena"},"_links":{"self":[{"href":"https:\/\/chacosintesis.com.ar\/index.php\/wp-json\/wp\/v2\/posts\/221247","targetHints":{"allow":["GET"]}}],"collection":[{"href":"https:\/\/chacosintesis.com.ar\/index.php\/wp-json\/wp\/v2\/posts"}],"about":[{"href":"https:\/\/chacosintesis.com.ar\/index.php\/wp-json\/wp\/v2\/types\/post"}],"author":[{"embeddable":true,"href":"https:\/\/chacosintesis.com.ar\/index.php\/wp-json\/wp\/v2\/users\/10001"}],"replies":[{"embeddable":true,"href":"https:\/\/chacosintesis.com.ar\/index.php\/wp-json\/wp\/v2\/comments?post=221247"}],"version-history":[{"count":1,"href":"https:\/\/chacosintesis.com.ar\/index.php\/wp-json\/wp\/v2\/posts\/221247\/revisions"}],"predecessor-version":[{"id":221251,"href":"https:\/\/chacosintesis.com.ar\/index.php\/wp-json\/wp\/v2\/posts\/221247\/revisions\/221251"}],"wp:featuredmedia":[{"embeddable":true,"href":"https:\/\/chacosintesis.com.ar\/index.php\/wp-json\/wp\/v2\/media\/221248"}],"wp:attachment":[{"href":"https:\/\/chacosintesis.com.ar\/index.php\/wp-json\/wp\/v2\/media?parent=221247"}],"wp:term":[{"taxonomy":"category","embeddable":true,"href":"https:\/\/chacosintesis.com.ar\/index.php\/wp-json\/wp\/v2\/categories?post=221247"},{"taxonomy":"post_tag","embeddable":true,"href":"https:\/\/chacosintesis.com.ar\/index.php\/wp-json\/wp\/v2\/tags?post=221247"}],"curies":[{"name":"wp","href":"https:\/\/api.w.org\/{rel}","templated":true}]}}