{"id":221224,"date":"2026-04-28T20:08:07","date_gmt":"2026-04-28T23:08:07","guid":{"rendered":"https:\/\/chacosintesis.com.ar\/index.php\/chaco-demoran-a-un-hombre-que-intentaba-llevarse-elementos-de-una-casa-ultimo-momento-en-chaco\/"},"modified":"2026-04-28T20:08:07","modified_gmt":"2026-04-28T23:08:07","slug":"chaco-demoran-a-un-hombre-que-intentaba-llevarse-elementos-de-una-casa-ultimo-momento-en-chaco","status":"publish","type":"post","link":"https:\/\/chacosintesis.com.ar\/index.php\/chaco-demoran-a-un-hombre-que-intentaba-llevarse-elementos-de-una-casa-ultimo-momento-en-chaco\/","title":{"rendered":"CHACO:  Demoran A Un Hombre Que Intentaba Llevarse Elementos De Una Casa | \u00daltimo momento en Chaco"},"content":{"rendered":"<p><img decoding=\"async\" src=\"data:image\/gif;base64,R0lGODlhAQABAIAAAAAAAP\/\/\/ywAAAAAAQABAAACAUwAOw==\" fifu-lazy=\"1\" fifu-data-sizes=\"auto\" fifu-data-srcset=\"[og_img]?w=75&resize=75&ssl=1 75w, [og_img]?w=100&resize=100&ssl=1 100w, [og_img]?w=150&resize=150&ssl=1 150w, [og_img]?w=240&resize=240&ssl=1 240w, [og_img]?w=320&resize=320&ssl=1 320w, [og_img]?w=500&resize=500&ssl=1 500w, [og_img]?w=640&resize=640&ssl=1 640w, [og_img]?w=800&resize=800&ssl=1 800w, [og_img]?w=1024&resize=1024&ssl=1 1024w, [og_img]?w=1280&resize=1280&ssl=1 1280w, [og_img]?w=1600&resize=1600&ssl=1 1600w\" fifu-data-src=\"[og_img]\"><\/p>\n<p><p>Alrededor de las 14:40, de este martes en el marco del Programa de Prevenci\u00f3n Metropolitana, personal de la Divisi\u00f3n Patrulla Preventiva procedi\u00f3 a la demora de hombre de 25 a\u00f1os, quien fue sorprendido tras sustraer diversos elementos de un domicilio ubicado en la intersecci\u00f3n de Avenida Antonio Martina y Calle \u00c1valos.<br \/>Entre los objetos secuestrados figuran una cocina de color negro sin marca visible, una olla, un bol de pl\u00e1stico blanco, una sart\u00e9n, una fuente de pizza y un carrito r\u00fastico con dos ruedas.<br \/>El detenido fue trasladado hasta la Comisar\u00eda Duodecima Metropolitana donde qued\u00f3 a disposici\u00f3n de la justicia.<\/p>\n<\/p>\n<p>El hecho gener\u00f3 repercusi\u00f3n en la comunidad y mantiene en alerta a vecinos de la zona.<\/p>\n<p>Se esperan novedades en las pr\u00f3ximas horas por parte de las autoridades en la provincia del <a href=\"https:\/\/chacosintesis.com.ar\/index.php\/category\/chaco\/\">chaco<\/a>.<\/p>\n<p><strong>Seguinos para m\u00e1s informaci\u00f3n actualizada.<\/strong><\/p>\n","protected":false},"excerpt":{"rendered":"<p>Alrededor de las 14:40, de este martes en el marco del Programa de Prevenci\u00f3n Metropolitana, personal de la Divisi\u00f3n Patrulla Preventiva procedi\u00f3 a la demora de hombre de 25 a\u00f1os, quien fue sorprendido tras sustraer diversos elementos de un domicilio ubicado en la intersecci\u00f3n de Avenida Antonio Martina y Calle \u00c1valos.Entre los objetos secuestrados figuran [&hellip;]<\/p>\n","protected":false},"author":1,"featured_media":0,"comment_status":"closed","ping_status":"","sticky":false,"template":"","format":"standard","meta":{"footnotes":""},"categories":[5],"tags":[],"class_list":{"0":"post-221224","1":"post","2":"type-post","3":"status-publish","4":"format-standard","6":"category-policiales"},"_links":{"self":[{"href":"https:\/\/chacosintesis.com.ar\/index.php\/wp-json\/wp\/v2\/posts\/221224","targetHints":{"allow":["GET"]}}],"collection":[{"href":"https:\/\/chacosintesis.com.ar\/index.php\/wp-json\/wp\/v2\/posts"}],"about":[{"href":"https:\/\/chacosintesis.com.ar\/index.php\/wp-json\/wp\/v2\/types\/post"}],"author":[{"embeddable":true,"href":"https:\/\/chacosintesis.com.ar\/index.php\/wp-json\/wp\/v2\/users\/1"}],"replies":[{"embeddable":true,"href":"https:\/\/chacosintesis.com.ar\/index.php\/wp-json\/wp\/v2\/comments?post=221224"}],"version-history":[{"count":0,"href":"https:\/\/chacosintesis.com.ar\/index.php\/wp-json\/wp\/v2\/posts\/221224\/revisions"}],"wp:attachment":[{"href":"https:\/\/chacosintesis.com.ar\/index.php\/wp-json\/wp\/v2\/media?parent=221224"}],"wp:term":[{"taxonomy":"category","embeddable":true,"href":"https:\/\/chacosintesis.com.ar\/index.php\/wp-json\/wp\/v2\/categories?post=221224"},{"taxonomy":"post_tag","embeddable":true,"href":"https:\/\/chacosintesis.com.ar\/index.php\/wp-json\/wp\/v2\/tags?post=221224"}],"curies":[{"name":"wp","href":"https:\/\/api.w.org\/{rel}","templated":true}]}}