{"id":221200,"date":"2026-04-28T20:03:43","date_gmt":"2026-04-28T23:03:43","guid":{"rendered":"https:\/\/chacosintesis.com.ar\/index.php\/wanda-nara-debuta-en-cine-primeras-imagenes-de-quieres-ser-mi-hijo-_a69f116777825f881537b8128\/"},"modified":"2026-04-28T20:03:43","modified_gmt":"2026-04-28T23:03:43","slug":"wanda-nara-debuta-en-cine-primeras-imagenes-de-quieres-ser-mi-hijo-_a69f116777825f881537b8128","status":"publish","type":"post","link":"https:\/\/chacosintesis.com.ar\/index.php\/wanda-nara-debuta-en-cine-primeras-imagenes-de-quieres-ser-mi-hijo-_a69f116777825f881537b8128\/","title":{"rendered":"Wanda Nara debuta en cine: primeras im\u00e1genes de"},"content":{"rendered":"<p><\/p>\n<div itemprop=\"articleBody\">\n<p><a href=\"\/\"><strong>Buenos Aires, 28 abril (NA)<\/strong><\/a> \u2014 Se conocieron las primeras im\u00e1genes de la pel\u00edcula protagonizada por <strong>Wanda Nara<\/strong>. En el film, la conductora interpreta a una mujer de 40 a\u00f1os que se enamora de su joven vecino, interpretado por Agust\u00edn Bernasconi, a quien le pide que finja ser su hijo para obtener un empleo en una empresa.<\/p>\n<figure class=\"multimedia\" data-tadevel-template=\"web\/multimedia\" data-type=\"photo\">\n<div class=\"content\">\n<div class=\"sizer\" data-sizer=\"aspect-ratio\" data-tadevel-template=\"web\/aspect-ratio\" style=\"--aspect-ratio:56.25%;\"><picture data-tadevel-template=\"web\/picture\"><\/source><\/picture><\/div>\n<\/div>\n<\/figure>\n<p>Seg\u00fan la informaci\u00f3n a la que accedi\u00f3 la <strong>Agencia Noticias Argentinas<\/strong>, este lunes comenz\u00f3 el rodaje de \u201c<i><strong>\u00bfQuieres ser mi hijo?<\/strong><\/i>\u201d, la comedia rom\u00e1ntica familiar que cuenta con la participaci\u00f3n de <strong>Jean Pierre Noher y Charo L\u00f3pez, <\/strong>entre otros actores.<\/p>\n<p><tadevel-ad  class=\"block-4d\" slot-id=\"article-inline-01\"\/><\/p>\n<p>Tal y como trascendi\u00f3 semanas atr\u00e1s, Wanda Nara interpretar\u00e1 a Luc\u00eda, una mujer de 40 a\u00f1os que descubre la infidelidad de su pareja (Jean Pierre Noher) y que la obliga a volver a su vida de soltera. En esta nueva vida, se ve envuelta en una situaci\u00f3n rom\u00e1ntica con su vecino, un joven de 23 a\u00f1os al que le pide que se haga pasar por su hijo para una entrevista laboral.<\/p>\n<p style=\"--ipspy: __IP__;color: __IP__;text-decoration: __IP__;\" alt=\"__IP__\" data-ipspy=\"__IP__\" title=\"__IP__\">La medi\u00e1tica expres\u00f3 su felicidad por debutar en el cine: \u201cEstoy trabajando y ensayando hace meses para este d\u00eda; iniciar el rodaje de una producci\u00f3n internacional no sucede todos los d\u00edas, y hacer una pel\u00edcula es un esfuerzo enorme que solo se logra trabajando en equipo con mucho compromiso\u201d.<span style=\"opacity: 0;\" data-nosnippet=\"\">__IP__<\/span><\/p>\n<figure class=\"multimedia\" data-tadevel-template=\"web\/multimedia\" data-type=\"photo\">\n<div class=\"content\">\n<div class=\"sizer\" data-sizer=\"aspect-ratio\" data-tadevel-template=\"web\/aspect-ratio\" style=\"--aspect-ratio:56.25%;\"><picture data-tadevel-template=\"web\/picture\"><\/source><\/picture><\/div>\n<\/div>\n<\/figure>\n<p><tadevel-ad  class=\"block-4d\" slot-id=\"article-inline-02\"\/><\/p>\n<p>En la misma l\u00ednea, celebr\u00f3 que el nuevo proyecto llega en un momento bisagra de su carrera, despu\u00e9s de liderar el rating en Telefe: &#8220;<strong>Atraves\u00e9 momentos personales muy dif\u00edciles para llegar hasta donde estoy hoy; busco permanentemente nuevos proyectos que me obliguen a exigirme cada vez m\u00e1s.<\/strong> Este es un nuevo desaf\u00edo en mi vida y, como todo lo que hago, con much\u00edsima pasi\u00f3n. Siento mucho agradecimiento por la oportunidad y la confianza y, como siempre, dejo todo en cada cosa que hago.&#8221;<\/p>\n<figure class=\"multimedia\" data-tadevel-template=\"web\/multimedia\" data-type=\"photo\">\n<div class=\"content\">\n<div class=\"sizer\" data-sizer=\"aspect-ratio\" data-tadevel-template=\"web\/aspect-ratio\" style=\"--aspect-ratio:66.625%;\"><picture data-tadevel-template=\"web\/picture\"><\/source><\/picture><\/div>\n<\/div>\n<\/figure>\n<p><a href=\"\/-agenciana_t6916e70a4551e78eb9423f59\">#AgenciaNA<\/a>\u00a0<\/p>\n<\/div>\n<p><img decoding=\"async\" src=\"data:image\/gif;base64,R0lGODlhAQABAIAAAAAAAP\/\/\/ywAAAAAAQABAAACAUwAOw==\" fifu-lazy=\"1\" fifu-data-sizes=\"auto\" fifu-data-srcset=\"https:\/\/i3.wp.com\/chacosintesis.com.ar\/wp-content\/uploads\/2026\/04\/Wanda-Nara-debuta-en-cine-primeras-imagenes-de.jpeg?ssl=1&w=75&resize=75&ssl=1 75w, https:\/\/i3.wp.com\/chacosintesis.com.ar\/wp-content\/uploads\/2026\/04\/Wanda-Nara-debuta-en-cine-primeras-imagenes-de.jpeg?ssl=1&w=100&resize=100&ssl=1 100w, https:\/\/i3.wp.com\/chacosintesis.com.ar\/wp-content\/uploads\/2026\/04\/Wanda-Nara-debuta-en-cine-primeras-imagenes-de.jpeg?ssl=1&w=150&resize=150&ssl=1 150w, https:\/\/i3.wp.com\/chacosintesis.com.ar\/wp-content\/uploads\/2026\/04\/Wanda-Nara-debuta-en-cine-primeras-imagenes-de.jpeg?ssl=1&w=240&resize=240&ssl=1 240w, https:\/\/i3.wp.com\/chacosintesis.com.ar\/wp-content\/uploads\/2026\/04\/Wanda-Nara-debuta-en-cine-primeras-imagenes-de.jpeg?ssl=1&w=320&resize=320&ssl=1 320w, https:\/\/i3.wp.com\/chacosintesis.com.ar\/wp-content\/uploads\/2026\/04\/Wanda-Nara-debuta-en-cine-primeras-imagenes-de.jpeg?ssl=1&w=500&resize=500&ssl=1 500w, https:\/\/i3.wp.com\/chacosintesis.com.ar\/wp-content\/uploads\/2026\/04\/Wanda-Nara-debuta-en-cine-primeras-imagenes-de.jpeg?ssl=1&w=640&resize=640&ssl=1 640w, https:\/\/i3.wp.com\/chacosintesis.com.ar\/wp-content\/uploads\/2026\/04\/Wanda-Nara-debuta-en-cine-primeras-imagenes-de.jpeg?ssl=1&w=800&resize=800&ssl=1 800w, https:\/\/i3.wp.com\/chacosintesis.com.ar\/wp-content\/uploads\/2026\/04\/Wanda-Nara-debuta-en-cine-primeras-imagenes-de.jpeg?ssl=1&w=1024&resize=1024&ssl=1 1024w, https:\/\/i3.wp.com\/chacosintesis.com.ar\/wp-content\/uploads\/2026\/04\/Wanda-Nara-debuta-en-cine-primeras-imagenes-de.jpeg?ssl=1&w=1280&resize=1280&ssl=1 1280w, https:\/\/i3.wp.com\/chacosintesis.com.ar\/wp-content\/uploads\/2026\/04\/Wanda-Nara-debuta-en-cine-primeras-imagenes-de.jpeg?ssl=1&w=1600&resize=1600&ssl=1 1600w\" fifu-data-src=\"https:\/\/i3.wp.com\/chacosintesis.com.ar\/wp-content\/uploads\/2026\/04\/Wanda-Nara-debuta-en-cine-primeras-imagenes-de.jpeg?ssl=1\"><\/p>\n<p>Noticias Argentinas<\/p>\n","protected":false},"excerpt":{"rendered":"<p>Buenos Aires, 28 abril (NA) \u2014 Se conocieron las primeras im\u00e1genes de la pel\u00edcula protagonizada por Wanda Nara. En el film, la conductora interpreta a una mujer de 40 a\u00f1os que se enamora de su joven vecino, interpretado por Agust\u00edn Bernasconi, a quien le pide que finja ser su hijo para obtener un empleo en [&hellip;]<\/p>\n","protected":false},"author":1,"featured_media":221211,"comment_status":"closed","ping_status":"","sticky":false,"template":"","format":"standard","meta":{"footnotes":""},"categories":[188],"tags":[],"class_list":{"0":"post-221200","1":"post","2":"type-post","3":"status-publish","4":"format-standard","5":"has-post-thumbnail","7":"category-farandula"},"_links":{"self":[{"href":"https:\/\/chacosintesis.com.ar\/index.php\/wp-json\/wp\/v2\/posts\/221200","targetHints":{"allow":["GET"]}}],"collection":[{"href":"https:\/\/chacosintesis.com.ar\/index.php\/wp-json\/wp\/v2\/posts"}],"about":[{"href":"https:\/\/chacosintesis.com.ar\/index.php\/wp-json\/wp\/v2\/types\/post"}],"author":[{"embeddable":true,"href":"https:\/\/chacosintesis.com.ar\/index.php\/wp-json\/wp\/v2\/users\/1"}],"replies":[{"embeddable":true,"href":"https:\/\/chacosintesis.com.ar\/index.php\/wp-json\/wp\/v2\/comments?post=221200"}],"version-history":[{"count":0,"href":"https:\/\/chacosintesis.com.ar\/index.php\/wp-json\/wp\/v2\/posts\/221200\/revisions"}],"wp:featuredmedia":[{"embeddable":true,"href":"https:\/\/chacosintesis.com.ar\/index.php\/wp-json\/wp\/v2\/media\/221211"}],"wp:attachment":[{"href":"https:\/\/chacosintesis.com.ar\/index.php\/wp-json\/wp\/v2\/media?parent=221200"}],"wp:term":[{"taxonomy":"category","embeddable":true,"href":"https:\/\/chacosintesis.com.ar\/index.php\/wp-json\/wp\/v2\/categories?post=221200"},{"taxonomy":"post_tag","embeddable":true,"href":"https:\/\/chacosintesis.com.ar\/index.php\/wp-json\/wp\/v2\/tags?post=221200"}],"curies":[{"name":"wp","href":"https:\/\/api.w.org\/{rel}","templated":true}]}}