{"id":221176,"date":"2026-04-28T18:07:08","date_gmt":"2026-04-28T21:07:08","guid":{"rendered":"https:\/\/chacosintesis.com.ar\/index.php\/el-gobierno-sumo-otro-fallo-favorable-en-la-pelea-judicial-por-la-reforma-laboral\/"},"modified":"2026-04-28T18:07:08","modified_gmt":"2026-04-28T21:07:08","slug":"el-gobierno-sumo-otro-fallo-favorable-en-la-pelea-judicial-por-la-reforma-laboral","status":"publish","type":"post","link":"https:\/\/chacosintesis.com.ar\/index.php\/el-gobierno-sumo-otro-fallo-favorable-en-la-pelea-judicial-por-la-reforma-laboral\/","title":{"rendered":"El Gobierno sum\u00f3 otro fallo favorable en la pelea judicial por la reforma laboral"},"content":{"rendered":"<p><\/p>\n<div id=\"post-2212764\">\n<div class=\"entry-content\">\n<aside class=\"scaip scaip-1    \">\n\t\t<\/aside>\n<p>El Gobierno acumula victorias judiciales en su defensa de la reforma laboral. Este martes, la Sala IV de la C\u00e1mara Nacional de Apelaciones en lo Contencioso Administrativo Federal, a trav\u00e9s de los jueces Rogelio Vincenti y Marcelo Daniel Duffy, <strong>resolvi\u00f3 que la causa iniciada por la CGT contra el Estado Nacional deber\u00e1 tramitarse en ese fuero y no en la Justicia Nacional del Trabajo<\/strong>. Exactamente lo que ped\u00eda la Casa Rosada.<\/p>\n<p>El conflicto de competencia se hab\u00eda originado cuando el Juzgado Nacional en lo Contencioso Administrativo Federal N\u00b012 se declar\u00f3 competente para intervenir en la causa y el Juzgado Nacional del Trabajo N\u00b063 rechaz\u00f3 ese criterio, derivando las actuaciones a la C\u00e1mara del Trabajo. <strong>Fue ese choque entre juzgados el que oblig\u00f3 a la C\u00e1mara a intervenir para definir qui\u00e9n deb\u00eda llevar el expediente.<\/strong><\/p>\n<aside class=\"scaip scaip-2    \">\n\t\t<\/aside>\n<p>El tribunal resolvi\u00f3 a favor del fuero contencioso administrativo federal, amparado en la ley 26.854 y la jurisprudencia de la Corte Suprema. En su fallo, los camaristas cuestionaron la conducta del juzgado laboral, al se\u00f1alar que se apart\u00f3 del procedimiento previsto para este tipo de disputas <strong>y gener\u00f3 un conflicto innecesario que afecta la celeridad del proceso.<\/strong> Tambi\u00e9n argumentaron que el caso involucra aspectos federales que exceden el derecho laboral, como la validez de una ley del Congreso y la organizaci\u00f3n de la competencia judicial.<\/p>\n<p><strong>Para la CGT, el resultado es un mal augurio.<\/strong> La central obrera sabe que el fuero contencioso administrativo es considerado af\u00edn a la gesti\u00f3n de Javier Milei y teme que termine convalidando la vigencia total de la normativa que impugn\u00f3 por inconstitucionalidad. Sin embargo, tanto el Gobierno como los sindicalistas tienen claro que el recorrido judicial no termina aqu\u00ed: <strong>el destino final de esta disputa ser\u00e1, inevitablemente, la Corte Suprema.<\/strong><\/p>\n<aside class=\"scaip scaip-3    \">\n\t\t<\/aside>\n<p><h3 class=\"jp-relatedposts-headline\"><em>M\u00c1S NOTICIAS:<\/em><\/h3>\n<\/p>\n<section id=\"block-24\" class=\"below-content widget widget_block\"\/>\t<\/div>\n<p><!-- .entry-content --><\/p>\n<p>\t<!-- .entry-footer --><\/p>\n<\/div>\n","protected":false},"excerpt":{"rendered":"<p>El Gobierno acumula victorias judiciales en su defensa de la reforma laboral. Este martes, la Sala IV de la C\u00e1mara Nacional de Apelaciones en lo Contencioso Administrativo Federal, a trav\u00e9s de los jueces Rogelio Vincenti y Marcelo Daniel Duffy, resolvi\u00f3 que la causa iniciada por la CGT contra el Estado Nacional deber\u00e1 tramitarse en ese [&hellip;]<\/p>\n","protected":false},"author":1,"featured_media":221186,"comment_status":"","ping_status":"","sticky":false,"template":"","format":"standard","meta":{"footnotes":""},"categories":[8],"tags":[],"class_list":{"0":"post-221176","1":"post","2":"type-post","3":"status-publish","4":"format-standard","5":"has-post-thumbnail","7":"category-nacionales"},"_links":{"self":[{"href":"https:\/\/chacosintesis.com.ar\/index.php\/wp-json\/wp\/v2\/posts\/221176","targetHints":{"allow":["GET"]}}],"collection":[{"href":"https:\/\/chacosintesis.com.ar\/index.php\/wp-json\/wp\/v2\/posts"}],"about":[{"href":"https:\/\/chacosintesis.com.ar\/index.php\/wp-json\/wp\/v2\/types\/post"}],"author":[{"embeddable":true,"href":"https:\/\/chacosintesis.com.ar\/index.php\/wp-json\/wp\/v2\/users\/1"}],"replies":[{"embeddable":true,"href":"https:\/\/chacosintesis.com.ar\/index.php\/wp-json\/wp\/v2\/comments?post=221176"}],"version-history":[{"count":0,"href":"https:\/\/chacosintesis.com.ar\/index.php\/wp-json\/wp\/v2\/posts\/221176\/revisions"}],"wp:featuredmedia":[{"embeddable":true,"href":"https:\/\/chacosintesis.com.ar\/index.php\/wp-json\/wp\/v2\/media\/221186"}],"wp:attachment":[{"href":"https:\/\/chacosintesis.com.ar\/index.php\/wp-json\/wp\/v2\/media?parent=221176"}],"wp:term":[{"taxonomy":"category","embeddable":true,"href":"https:\/\/chacosintesis.com.ar\/index.php\/wp-json\/wp\/v2\/categories?post=221176"},{"taxonomy":"post_tag","embeddable":true,"href":"https:\/\/chacosintesis.com.ar\/index.php\/wp-json\/wp\/v2\/tags?post=221176"}],"curies":[{"name":"wp","href":"https:\/\/api.w.org\/{rel}","templated":true}]}}