{"id":22117,"date":"2023-05-25T11:30:00","date_gmt":"2023-05-25T14:30:00","guid":{"rendered":"https:\/\/chacosintesis.com.ar\/?p=22117"},"modified":"2023-05-25T11:33:55","modified_gmt":"2023-05-25T14:33:55","slug":"gran-demanda-en-el-servicio-de-pediatria-del-hospital-4-de-junio","status":"publish","type":"post","link":"https:\/\/chacosintesis.com.ar\/index.php\/gran-demanda-en-el-servicio-de-pediatria-del-hospital-4-de-junio\/","title":{"rendered":"Gran demanda en el servicio de pediatr\u00eda del Hospital 4 de Junio"},"content":{"rendered":"<p>Las madres solicitaron m\u00e1s profesionales. &#8220;Se distribuyen tan solamente veinte n\u00fameros en cada turno: ma\u00f1ana y tarde&#8221;, aseguran.<\/p>\n<p>Un grupo de madres que concurren al Hospital 4 de Junio de esta ciudad hicieron un reclamo ante los medios de prensa al considerar que se dan pocos n\u00fameros para la atenci\u00f3n de pediatras. \u2018Se distribuyen tan solamente veinte n\u00fameros en cada turno: ma\u00f1ana y tarde\u2018, fue el reclamo que hicieron saber las mujeres en la espera de la atenci\u00f3n.<br \/>\n Las madres solicitaron se incorpore al menos por unos meses otro pediatra m\u00e1s, o de lo contrario los problemas se agravar\u00e1n con el paso de las semanas, porque hay muchos ni\u00f1os menores con cuadros gripales que requieren atenci\u00f3n urgente\u2018, refirieron.<br \/>\nSi bien las mujeres resaltan \u2018la buena predisposici\u00f3n por parte de los profesionales m\u00e9dicos, como as\u00ed tambi\u00e9n de la direcci\u00f3n del hospital, en aumentar la cantidad de atenci\u00f3n\u2019, reclaman que est\u00e1n faltando m\u00e9dicos pediatras para que se pueda cubrir un poco m\u00e1s la demanda diaria, estamos hasta doce horas esperando con nuestros hijos en brazo\u2018, dijeron las consultadas.<br \/>\nPOCO M\u00c1S DE CUARENTA<br \/>\nEn la fila permanec\u00edan alrededor de veinte mujeres con sus hijos. Como el caso de Liliana, que lleg\u00f3 bien temprano a la madrugada desde el Lote 3 de la colonia Bajo Hondo, quien dijo que \u2018pudo salir del campo apenas, por el mal estado de los caminos tras las lluvias de estos d\u00edas, para poder concurrir al hospital y hacer atender a su hijo de tres a\u00f1os por un cuadro gripal\u2018.<br \/>\nSe refiri\u00f3 a la atenci\u00f3n por parte de los profesionales pediatras, que deber\u00edan dar m\u00e1s n\u00fameros por turnos, porque \u2018con tan solo veinte para la ma\u00f1ana y otros veinte a la tarde no alcanza\u2018, requiri\u00f3 la mujer.<br \/>\n Tambi\u00e9n fue el caso de Yanina Lezcano, del barrio Nuevo de S\u00e1enz Pe\u00f1a, quien dijo que \u2018es imperiosa la necesidad de que se construya cuanto antes el hospital Pedi\u00e1trico que tanto se anuncia, as\u00ed al menos podremos tener la esperanza de poder contar con m\u00e1s pediatras\u2018, se esperanz\u00f3.<br \/>\n&#8220;Esta situaci\u00f3n que padecemos todos los d\u00edas, de que no alcanzan los n\u00fameros, se agrava por dos cuestiones: los paros del personal administrativo y, la m\u00e1s graves, que en la guardia de emergencia de pediatr\u00eda muchas veces no est\u00e1n los pediatras y se debe esperar horas hasta que llegue alguno\u2018, sentenci\u00f3 la mujer.<br \/>\nAUMENTA POR LA ESTACI\u00d3N<br \/>\n\u2018La atenci\u00f3n en las distintas guardias de emergencias estas \u00faltimas semanas se increment\u00f3 en valores cercanos al ciento por ciento por la altura del a\u00f1o, mucha gente engripada, sobre todo menores y adultos mayores, que concurren por cuestiones que se agravan\u2018, manifestaron las autoridades.<br \/>\nTambi\u00e9n se pudo saber que \u2018a ello se suman los casos de testeos para posible positivo de dengue, que aumentaron considerablemente las \u00faltimas semanas de abril y la primera de mayo, hasta el descenso de la temperatura\u2018, indicaron.<br \/>\nLA IMPORTANCIA DE LAS VACUNAS<br \/>\nFinalmente, las autoridades sanitarias recordaron que es importante cumplir con el calendario de vacunaci\u00f3n, ahora las gripales, que se est\u00e1n aplicando tanto en la sala de vacunaci\u00f3n del hospital local, como en todas las salitas de los barrios, insistieron.<\/p>\n<p>DIARIO NORTE.-<\/p>\n","protected":false},"excerpt":{"rendered":"<p>Las madres solicitaron m\u00e1s profesionales. &#8220;Se distribuyen tan solamente veinte n\u00fameros en cada turno: ma\u00f1ana y tarde&#8221;, aseguran. Un grupo de madres que concurren al Hospital 4 de Junio de esta ciudad hicieron un reclamo ante los medios de prensa al considerar que se dan pocos n\u00fameros para la atenci\u00f3n de pediatras. \u2018Se distribuyen tan [&hellip;]<\/p>\n","protected":false},"author":1,"featured_media":22118,"comment_status":"closed","ping_status":"closed","sticky":false,"template":"","format":"standard","meta":{"footnotes":""},"categories":[6],"tags":[197],"class_list":{"0":"post-22117","1":"post","2":"type-post","3":"status-publish","4":"format-standard","5":"has-post-thumbnail","7":"category-chaco","8":"tag-destacada"},"_links":{"self":[{"href":"https:\/\/chacosintesis.com.ar\/index.php\/wp-json\/wp\/v2\/posts\/22117","targetHints":{"allow":["GET"]}}],"collection":[{"href":"https:\/\/chacosintesis.com.ar\/index.php\/wp-json\/wp\/v2\/posts"}],"about":[{"href":"https:\/\/chacosintesis.com.ar\/index.php\/wp-json\/wp\/v2\/types\/post"}],"author":[{"embeddable":true,"href":"https:\/\/chacosintesis.com.ar\/index.php\/wp-json\/wp\/v2\/users\/1"}],"replies":[{"embeddable":true,"href":"https:\/\/chacosintesis.com.ar\/index.php\/wp-json\/wp\/v2\/comments?post=22117"}],"version-history":[{"count":0,"href":"https:\/\/chacosintesis.com.ar\/index.php\/wp-json\/wp\/v2\/posts\/22117\/revisions"}],"wp:featuredmedia":[{"embeddable":true,"href":"https:\/\/chacosintesis.com.ar\/index.php\/wp-json\/wp\/v2\/media\/22118"}],"wp:attachment":[{"href":"https:\/\/chacosintesis.com.ar\/index.php\/wp-json\/wp\/v2\/media?parent=22117"}],"wp:term":[{"taxonomy":"category","embeddable":true,"href":"https:\/\/chacosintesis.com.ar\/index.php\/wp-json\/wp\/v2\/categories?post=22117"},{"taxonomy":"post_tag","embeddable":true,"href":"https:\/\/chacosintesis.com.ar\/index.php\/wp-json\/wp\/v2\/tags?post=22117"}],"curies":[{"name":"wp","href":"https:\/\/api.w.org\/{rel}","templated":true}]}}