{"id":221152,"date":"2026-04-28T17:03:10","date_gmt":"2026-04-28T20:03:10","guid":{"rendered":"http:\/\/chacosintesis.com.ar\/index.php\/charly-garcia-fue-dado-de-alta-tras-la-cirugia-de-rinon-a-la-que-fue-sometido-la-semana-pasada_a69f0f5637825f88153783b5c\/"},"modified":"2026-04-28T17:03:10","modified_gmt":"2026-04-28T20:03:10","slug":"charly-garcia-fue-dado-de-alta-tras-la-cirugia-de-rinon-a-la-que-fue-sometido-la-semana-pasada_a69f0f5637825f88153783b5c","status":"publish","type":"post","link":"https:\/\/chacosintesis.com.ar\/index.php\/charly-garcia-fue-dado-de-alta-tras-la-cirugia-de-rinon-a-la-que-fue-sometido-la-semana-pasada_a69f0f5637825f88153783b5c\/","title":{"rendered":"Charly Garc\u00eda fue dado de alta tras la cirug\u00eda de ri\u00f1\u00f3n a la que fue sometido la semana pasada"},"content":{"rendered":"<p><img decoding=\"async\" src=\"data:image\/gif;base64,R0lGODlhAQABAIAAAAAAAP\/\/\/ywAAAAAAQABAAACAUwAOw==\" fifu-lazy=\"1\" fifu-data-sizes=\"auto\" fifu-data-srcset=\"https:\/\/i3.wp.com\/chacosintesis.com.ar\/wp-content\/uploads\/2026\/04\/Charly-Garcia-fue-dado-de-alta-tras-la-cirugia-de.jpeg?ssl=1&w=75&resize=75&ssl=1 75w, https:\/\/i3.wp.com\/chacosintesis.com.ar\/wp-content\/uploads\/2026\/04\/Charly-Garcia-fue-dado-de-alta-tras-la-cirugia-de.jpeg?ssl=1&w=100&resize=100&ssl=1 100w, https:\/\/i3.wp.com\/chacosintesis.com.ar\/wp-content\/uploads\/2026\/04\/Charly-Garcia-fue-dado-de-alta-tras-la-cirugia-de.jpeg?ssl=1&w=150&resize=150&ssl=1 150w, https:\/\/i3.wp.com\/chacosintesis.com.ar\/wp-content\/uploads\/2026\/04\/Charly-Garcia-fue-dado-de-alta-tras-la-cirugia-de.jpeg?ssl=1&w=240&resize=240&ssl=1 240w, https:\/\/i3.wp.com\/chacosintesis.com.ar\/wp-content\/uploads\/2026\/04\/Charly-Garcia-fue-dado-de-alta-tras-la-cirugia-de.jpeg?ssl=1&w=320&resize=320&ssl=1 320w, https:\/\/i3.wp.com\/chacosintesis.com.ar\/wp-content\/uploads\/2026\/04\/Charly-Garcia-fue-dado-de-alta-tras-la-cirugia-de.jpeg?ssl=1&w=500&resize=500&ssl=1 500w, https:\/\/i3.wp.com\/chacosintesis.com.ar\/wp-content\/uploads\/2026\/04\/Charly-Garcia-fue-dado-de-alta-tras-la-cirugia-de.jpeg?ssl=1&w=640&resize=640&ssl=1 640w, https:\/\/i3.wp.com\/chacosintesis.com.ar\/wp-content\/uploads\/2026\/04\/Charly-Garcia-fue-dado-de-alta-tras-la-cirugia-de.jpeg?ssl=1&w=800&resize=800&ssl=1 800w, https:\/\/i3.wp.com\/chacosintesis.com.ar\/wp-content\/uploads\/2026\/04\/Charly-Garcia-fue-dado-de-alta-tras-la-cirugia-de.jpeg?ssl=1&w=1024&resize=1024&ssl=1 1024w, https:\/\/i3.wp.com\/chacosintesis.com.ar\/wp-content\/uploads\/2026\/04\/Charly-Garcia-fue-dado-de-alta-tras-la-cirugia-de.jpeg?ssl=1&w=1280&resize=1280&ssl=1 1280w, https:\/\/i3.wp.com\/chacosintesis.com.ar\/wp-content\/uploads\/2026\/04\/Charly-Garcia-fue-dado-de-alta-tras-la-cirugia-de.jpeg?ssl=1&w=1600&resize=1600&ssl=1 1600w\" fifu-data-src=\"https:\/\/i3.wp.com\/chacosintesis.com.ar\/wp-content\/uploads\/2026\/04\/Charly-Garcia-fue-dado-de-alta-tras-la-cirugia-de.jpeg?ssl=1\" \/><\/p>\n<div itemprop=\"articleBody\">\n<p><a href=\"\/\"><strong>Buenos Aires, 28 abril (NA)<\/strong><\/a> &#8212; El hist\u00f3rico m\u00fasico <strong>Charly Garc\u00eda fue dado de alta y ya se encuentra en su domicilio,<\/strong> luego de haber permanecido internado durante una semana en una cl\u00ednica de la Ciudad de Buenos Aires, por una cirug\u00eda renal programada.<\/p>\n<p>Seg\u00fan supo la <a href=\"https:\/\/noticiasargentinas.com\/espectaculos\/operaron-a-charly-garcia--que-se-sabe-sobre-su-estado-de-salud_a69e969aa7825f881536bf547?srsltid=AfmBOoonjJKDPu84EGEiF5JI6s5xWli-_4_3UdWR4NX13eWA1Sg-7Sk_\"><strong>Agencia Noticias Argentinas<\/strong><\/a>, el artista fue sometido a una<strong> nefrectom\u00eda parcial,<\/strong> una intervenci\u00f3n quir\u00fargica en la que se<strong> extirpa una parte del ri\u00f1\u00f3n, el pasado 21 de abril, en el Instituto Argentino de Diagn\u00f3stico y Tratamiento (IADT).<\/strong><\/p>\n<p style=\"--ipspy: __IP__;color: __IP__;text-decoration: __IP__;\" alt=\"__IP__\" data-ipspy=\"__IP__\" title=\"__IP__\">A los 74 a\u00f1os, el int\u00e9rprete pas\u00f3 por el quir\u00f3fano y, tal como hab\u00edan indicado desde el nosocomio en un comunicado oficial, la intervenci\u00f3n se realiz\u00f3 <strong>seg\u00fan lo previsto, evolucion\u00f3 favorablemente, se recuper\u00f3 en una habitaci\u00f3n com\u00fan y no present\u00f3 complicaciones.<\/strong><span style=\"opacity: 0;\" data-nosnippet=\"\">__IP__<\/span><\/p>\n<p><tadevel-ad  class=\"block-4d\" slot-id=\"article-inline-01\"\/><\/p>\n<p>Adem\u00e1s, Garc\u00eda <strong>no requiri\u00f3 di\u00e1lisis en ning\u00fan momento, ni ninguna intervenci\u00f3n adicional fuera de las habituales para este tipo de procedimiento<\/strong>, y as\u00ed continu\u00f3 el proceso de recuperaci\u00f3n hasta este martes 28, cuando fue dado de alta y derivado a su domicilio.\u00a0<\/p>\n<p><a href=\"\/-agenciana_t6916e70a4551e78eb9423f59\">#AgenciaNA<\/a>\u00a0<\/p>\n<\/div>\n<p><img decoding=\"async\" src=\"data:image\/gif;base64,R0lGODlhAQABAIAAAAAAAP\/\/\/ywAAAAAAQABAAACAUwAOw==\" fifu-lazy=\"1\" fifu-data-sizes=\"auto\" fifu-data-srcset=\"https:\/\/i2.wp.com\/chacosintesis.com.ar\/wp-content\/uploads\/2026\/04\/1777406590_674_Charly-Garcia-fue-dado-de-alta-tras-la-cirugia-de.jpeg?ssl=1&w=75&resize=75&ssl=1 75w, https:\/\/i2.wp.com\/chacosintesis.com.ar\/wp-content\/uploads\/2026\/04\/1777406590_674_Charly-Garcia-fue-dado-de-alta-tras-la-cirugia-de.jpeg?ssl=1&w=100&resize=100&ssl=1 100w, https:\/\/i2.wp.com\/chacosintesis.com.ar\/wp-content\/uploads\/2026\/04\/1777406590_674_Charly-Garcia-fue-dado-de-alta-tras-la-cirugia-de.jpeg?ssl=1&w=150&resize=150&ssl=1 150w, https:\/\/i2.wp.com\/chacosintesis.com.ar\/wp-content\/uploads\/2026\/04\/1777406590_674_Charly-Garcia-fue-dado-de-alta-tras-la-cirugia-de.jpeg?ssl=1&w=240&resize=240&ssl=1 240w, https:\/\/i2.wp.com\/chacosintesis.com.ar\/wp-content\/uploads\/2026\/04\/1777406590_674_Charly-Garcia-fue-dado-de-alta-tras-la-cirugia-de.jpeg?ssl=1&w=320&resize=320&ssl=1 320w, https:\/\/i2.wp.com\/chacosintesis.com.ar\/wp-content\/uploads\/2026\/04\/1777406590_674_Charly-Garcia-fue-dado-de-alta-tras-la-cirugia-de.jpeg?ssl=1&w=500&resize=500&ssl=1 500w, https:\/\/i2.wp.com\/chacosintesis.com.ar\/wp-content\/uploads\/2026\/04\/1777406590_674_Charly-Garcia-fue-dado-de-alta-tras-la-cirugia-de.jpeg?ssl=1&w=640&resize=640&ssl=1 640w, https:\/\/i2.wp.com\/chacosintesis.com.ar\/wp-content\/uploads\/2026\/04\/1777406590_674_Charly-Garcia-fue-dado-de-alta-tras-la-cirugia-de.jpeg?ssl=1&w=800&resize=800&ssl=1 800w, https:\/\/i2.wp.com\/chacosintesis.com.ar\/wp-content\/uploads\/2026\/04\/1777406590_674_Charly-Garcia-fue-dado-de-alta-tras-la-cirugia-de.jpeg?ssl=1&w=1024&resize=1024&ssl=1 1024w, https:\/\/i2.wp.com\/chacosintesis.com.ar\/wp-content\/uploads\/2026\/04\/1777406590_674_Charly-Garcia-fue-dado-de-alta-tras-la-cirugia-de.jpeg?ssl=1&w=1280&resize=1280&ssl=1 1280w, https:\/\/i2.wp.com\/chacosintesis.com.ar\/wp-content\/uploads\/2026\/04\/1777406590_674_Charly-Garcia-fue-dado-de-alta-tras-la-cirugia-de.jpeg?ssl=1&w=1600&resize=1600&ssl=1 1600w\" fifu-data-src=\"https:\/\/i2.wp.com\/chacosintesis.com.ar\/wp-content\/uploads\/2026\/04\/1777406590_674_Charly-Garcia-fue-dado-de-alta-tras-la-cirugia-de.jpeg?ssl=1\"><\/p>\n<p>Noticias Argentinas<\/p>\n","protected":false},"excerpt":{"rendered":"<p>Buenos Aires, 28 abril (NA) &#8212; El hist\u00f3rico m\u00fasico Charly Garc\u00eda fue dado de alta y ya se encuentra en su domicilio, luego de haber permanecido internado durante una semana en una cl\u00ednica de la Ciudad de Buenos Aires, por una cirug\u00eda renal programada. Seg\u00fan supo la Agencia Noticias Argentinas, el artista fue sometido a [&hellip;]<\/p>\n","protected":false},"author":1,"featured_media":221162,"comment_status":"closed","ping_status":"","sticky":false,"template":"","format":"standard","meta":{"footnotes":""},"categories":[188],"tags":[],"class_list":{"0":"post-221152","1":"post","2":"type-post","3":"status-publish","4":"format-standard","5":"has-post-thumbnail","7":"category-farandula"},"_links":{"self":[{"href":"https:\/\/chacosintesis.com.ar\/index.php\/wp-json\/wp\/v2\/posts\/221152","targetHints":{"allow":["GET"]}}],"collection":[{"href":"https:\/\/chacosintesis.com.ar\/index.php\/wp-json\/wp\/v2\/posts"}],"about":[{"href":"https:\/\/chacosintesis.com.ar\/index.php\/wp-json\/wp\/v2\/types\/post"}],"author":[{"embeddable":true,"href":"https:\/\/chacosintesis.com.ar\/index.php\/wp-json\/wp\/v2\/users\/1"}],"replies":[{"embeddable":true,"href":"https:\/\/chacosintesis.com.ar\/index.php\/wp-json\/wp\/v2\/comments?post=221152"}],"version-history":[{"count":0,"href":"https:\/\/chacosintesis.com.ar\/index.php\/wp-json\/wp\/v2\/posts\/221152\/revisions"}],"wp:featuredmedia":[{"embeddable":true,"href":"https:\/\/chacosintesis.com.ar\/index.php\/wp-json\/wp\/v2\/media\/221162"}],"wp:attachment":[{"href":"https:\/\/chacosintesis.com.ar\/index.php\/wp-json\/wp\/v2\/media?parent=221152"}],"wp:term":[{"taxonomy":"category","embeddable":true,"href":"https:\/\/chacosintesis.com.ar\/index.php\/wp-json\/wp\/v2\/categories?post=221152"},{"taxonomy":"post_tag","embeddable":true,"href":"https:\/\/chacosintesis.com.ar\/index.php\/wp-json\/wp\/v2\/tags?post=221152"}],"curies":[{"name":"wp","href":"https:\/\/api.w.org\/{rel}","templated":true}]}}