{"id":22115,"date":"2023-05-25T10:39:51","date_gmt":"2023-05-25T13:39:51","guid":{"rendered":"https:\/\/chacosintesis.com.ar\/?p=22115"},"modified":"2023-05-25T11:06:38","modified_gmt":"2023-05-25T14:06:38","slug":"carolina-centeno-respondio-a-zdero-fuiste-y-seguis-siendo-complice-del-vaciamiento-mas-grande-de-la-historia-del-sector-publico-en-salud","status":"publish","type":"post","link":"https:\/\/chacosintesis.com.ar\/index.php\/carolina-centeno-respondio-a-zdero-fuiste-y-seguis-siendo-complice-del-vaciamiento-mas-grande-de-la-historia-del-sector-publico-en-salud\/","title":{"rendered":"Carolina Centeno respondi\u00f3 a Zdero: \u201cFuiste y segu\u00eds siendo c\u00f3mplice del vaciamiento m\u00e1s grande de la historia del sector p\u00fablico en salud\u201d"},"content":{"rendered":"<p>La ministra de Salud P\u00fablica asegur\u00f3 que el centro de salud de Avia Terai se pondr\u00e1 en funcionamiento la pr\u00f3xima semana y solicit\u00f3 que el precandidato pida disculpas por compartir informaci\u00f3n falsa.<br \/>\nLa ministra de Salud P\u00fablica de la provincia, Carolina Centeno, respondi\u00f3 a los cuestionamientos del precandidato de la oposici\u00f3n, Leandro Zdero, acerca de un centro de salud en Avia Terai.<br \/>\n\u201cQuiero creer que est\u00e1s mal asesorado y que vas a pedir disculpas por lo que est\u00e1s diciendo. Ese centro de salud se pondr\u00e1 en funcionamiento por primera vez la pr\u00f3xima semana\u201d, asegur\u00f3 la funcionaria.<br \/>\nCenteno, m\u00e9dica generalista y sanitarista adem\u00e1s de militante, se\u00f1al\u00f3 en redes sociales en referencia a Zdero: \u201cFuiste y segu\u00eds siendo c\u00f3mplice del vaciamiento m\u00e1s grande de la historia del sector p\u00fablico de salud tanto provincial como nacional. Lo perpetraste con Macri y sus secuaces\u201d, afirm\u00f3.<br \/>\nLa funcionaria record\u00f3 los m\u00e1s de 2 millones de vacunas y 600 mil unidades de la triple bacteriana que la gesti\u00f3n de Mauricio Macri nunca distribuy\u00f3 a las provincias y fueron encontradas durante la gesti\u00f3n actual en estado de vencimiento. Adem\u00e1s de los m\u00e1s de 3.000 despidos de profesionales totalmente injustificados e informados en su momento por la Federaci\u00f3n Sindical de Profesionales de la Salud de la Rep\u00fablica Argentina.<br \/>\n\u201cDejaron vencer vacunas, echaron profesionales que ahora dec\u00eds que vas a incorporar, vaciaron hospitales enteros y eliminaron el Ministerio de Salud de la Naci\u00f3n. \u00bfO de eso no quer\u00e9s hablar?\u201d, apunt\u00f3 Centeno y agreg\u00f3: \u201cNo ten\u00e9s propuestas, ni plan ni ideas. S\u00f3lo repet\u00eds frases hechas o que te arman\u201d.<br \/>\nA esto se suma el faltante de medicamentos debido a los recortes presupuestarios durante la gesti\u00f3n de Cambiemos, y el desmantelamiento de programas sanitarios claves como la Cobertura Universal de Salud (CUS) hasta la degradaci\u00f3n misma del Ministerio de Salud a una simple Secretar\u00eda.<br \/>\n\u201cEs evidente que no ten\u00e9s ni idea de c\u00f3mo es el sistema sanitario de la provincia, ni de su complejidad o de su conformaci\u00f3n, y menos de lo que se realiza todos los d\u00edas en nuestros efectores\u201d, ampli\u00f3 la funcionaria quien adem\u00e1s, desafi\u00f3 al precandidato a conocer por dentro el sistema de salud: \u201cSi ten\u00e9s ganas de hablar de pol\u00edticas sanitarias en serio, las puertas del Ministerio est\u00e1n abiertas. Sin frases hechas, sin mentiras. S\u00f3lo compromiso, vocaci\u00f3n de trabajo y mucho amor por lo que hicimos y por lo que nos falta\u201d.<\/p>\n","protected":false},"excerpt":{"rendered":"<p>La ministra de Salud P\u00fablica asegur\u00f3 que el centro de salud de Avia Terai se pondr\u00e1 en funcionamiento la pr\u00f3xima semana y solicit\u00f3 que el precandidato pida disculpas por compartir informaci\u00f3n falsa. La ministra de Salud P\u00fablica de la provincia, Carolina Centeno, respondi\u00f3 a los cuestionamientos del precandidato de la oposici\u00f3n, Leandro Zdero, acerca de [&hellip;]<\/p>\n","protected":false},"author":1,"featured_media":22116,"comment_status":"closed","ping_status":"closed","sticky":false,"template":"","format":"standard","meta":{"footnotes":""},"categories":[6],"tags":[],"class_list":{"0":"post-22115","1":"post","2":"type-post","3":"status-publish","4":"format-standard","5":"has-post-thumbnail","7":"category-chaco"},"_links":{"self":[{"href":"https:\/\/chacosintesis.com.ar\/index.php\/wp-json\/wp\/v2\/posts\/22115","targetHints":{"allow":["GET"]}}],"collection":[{"href":"https:\/\/chacosintesis.com.ar\/index.php\/wp-json\/wp\/v2\/posts"}],"about":[{"href":"https:\/\/chacosintesis.com.ar\/index.php\/wp-json\/wp\/v2\/types\/post"}],"author":[{"embeddable":true,"href":"https:\/\/chacosintesis.com.ar\/index.php\/wp-json\/wp\/v2\/users\/1"}],"replies":[{"embeddable":true,"href":"https:\/\/chacosintesis.com.ar\/index.php\/wp-json\/wp\/v2\/comments?post=22115"}],"version-history":[{"count":0,"href":"https:\/\/chacosintesis.com.ar\/index.php\/wp-json\/wp\/v2\/posts\/22115\/revisions"}],"wp:featuredmedia":[{"embeddable":true,"href":"https:\/\/chacosintesis.com.ar\/index.php\/wp-json\/wp\/v2\/media\/22116"}],"wp:attachment":[{"href":"https:\/\/chacosintesis.com.ar\/index.php\/wp-json\/wp\/v2\/media?parent=22115"}],"wp:term":[{"taxonomy":"category","embeddable":true,"href":"https:\/\/chacosintesis.com.ar\/index.php\/wp-json\/wp\/v2\/categories?post=22115"},{"taxonomy":"post_tag","embeddable":true,"href":"https:\/\/chacosintesis.com.ar\/index.php\/wp-json\/wp\/v2\/tags?post=22115"}],"curies":[{"name":"wp","href":"https:\/\/api.w.org\/{rel}","templated":true}]}}