{"id":221139,"date":"2026-04-28T16:07:33","date_gmt":"2026-04-28T19:07:33","guid":{"rendered":"https:\/\/chacosintesis.com.ar\/index.php\/con-el-respaldo-de-unicef-desarrollo-humano-fortalece-el-cuidado-de-la-primera-infancia-en-toda-la-provincia\/"},"modified":"2026-04-28T16:08:22","modified_gmt":"2026-04-28T19:08:22","slug":"con-el-respaldo-de-unicef-desarrollo-humano-fortalece-el-cuidado-de-la-primera-infancia-en-toda-la-provincia","status":"publish","type":"post","link":"https:\/\/chacosintesis.com.ar\/index.php\/con-el-respaldo-de-unicef-desarrollo-humano-fortalece-el-cuidado-de-la-primera-infancia-en-toda-la-provincia\/","title":{"rendered":"Con El Respaldo De Unicef, Desarrollo Humano Fortalece El Cuidado De La Primera Infancia En Toda La Provincia"},"content":{"rendered":"<p><\/p>\n<div><strong>El Gobierno del Chaco, a trav\u00e9s del Ministerio de Desarrollo Humano y con el acompa\u00f1amiento de UNICEF, puso en marcha un ciclo de formaci\u00f3n destinado a fortalecer las capacidades institucionales y el trabajo de quienes se desempe\u00f1an en el cuidado de la primera infancia.<\/strong><\/p>\n<p>La propuesta, que tendr\u00e1 una duraci\u00f3n de siete meses, est\u00e1 orientada a equipos t\u00e9cnicos y personal de distintos dispositivos territoriales, con el objetivo de mejorar la calidad de atenci\u00f3n y promover la corresponsabilidad entre el Estado, las familias y las comunidades en la protecci\u00f3n de los derechos de ni\u00f1os y ni\u00f1as.<br \/>La apertura de esta instancia formativa estuvo encabezada por el ministro de Desarrollo Humano, Diego Guti\u00e9rrez; la subsecretaria de Ni\u00f1ez, Adolescencia, Familia y Adultos Mayores, Gabriela Madzrevich; y la consultora de Salud y Primera Infancia de UNICEF, Claudia Castro, quien adem\u00e1s es responsable de las capacitaciones. \u201cQueremos garantizar lo m\u00ednimo, que son las condiciones de salud e higiene, para luego ir hacia lo m\u00e1ximo: que los ni\u00f1os puedan interactuar con el arte, el deporte y la cultura para desarrollarse en plenitud\u201d, expres\u00f3 Guti\u00e9rrez, al tiempo que remarc\u00f3 que \u201cel fortalecimiento del capital humano es clave para transformar las instituciones de cuidado\u201d.<br \/>En esta primera etapa participan representantes de seis localidades: Pampa del Infierno, Basail, Presidencia Roque S\u00e1enz Pe\u00f1a, Laguna Blanca, Fontana y Barranqueras. Los participantes se formar\u00e1n como formadores, con la misi\u00f3n de replicar los contenidos en sus territorios, especialmente en los Centros de Desarrollo Infantil (CDI) y Centros Integrales de Fortalecimiento Familiar (CIFF).<br \/>El trayecto formativo est\u00e1 estructurado en cuatro ejes principales: Desarrollo Infantil, Habilidades Pedag\u00f3gicas, Derechos, y Salud y Nutrici\u00f3n. A trav\u00e9s de estos contenidos, se busca profesionalizar las pr\u00e1cticas de cuidado y consolidar equipos con herramientas actualizadas para el abordaje integral de la primera infancia.<br \/>Durante este primer encuentro, se combinaron instancias te\u00f3ricas con din\u00e1micas grupales y trabajo en comisiones t\u00e9cnicas, donde se analizaron los m\u00f3dulos de ense\u00f1anza y se definieron los cronogramas de implementaci\u00f3n en cada territorio.<br \/>La iniciativa se enmarca en una agenda conjunta entre el Gobierno provincial y UNICEF, que continuar\u00e1 ampli\u00e1ndose con la incorporaci\u00f3n de nuevas localidades y actores, fortaleciendo as\u00ed una red de cuidado integral para las primeras infancias en todo el Chaco.<\/p>\n<\/div>\n","protected":false},"excerpt":{"rendered":"<p>El Gobierno del Chaco, a trav\u00e9s del Ministerio de Desarrollo Humano y con el acompa\u00f1amiento de UNICEF, puso en marcha un ciclo de formaci\u00f3n destinado a fortalecer las capacidades institucionales y el trabajo de quienes se desempe\u00f1an en el cuidado de la primera infancia. La propuesta, que tendr\u00e1 una duraci\u00f3n de siete meses, est\u00e1 orientada [&hellip;]<\/p>\n","protected":false},"author":1,"featured_media":221150,"comment_status":"closed","ping_status":"","sticky":false,"template":"","format":"standard","meta":{"footnotes":""},"categories":[6],"tags":[],"class_list":{"0":"post-221139","1":"post","2":"type-post","3":"status-publish","4":"format-standard","5":"has-post-thumbnail","7":"category-chaco"},"_links":{"self":[{"href":"https:\/\/chacosintesis.com.ar\/index.php\/wp-json\/wp\/v2\/posts\/221139","targetHints":{"allow":["GET"]}}],"collection":[{"href":"https:\/\/chacosintesis.com.ar\/index.php\/wp-json\/wp\/v2\/posts"}],"about":[{"href":"https:\/\/chacosintesis.com.ar\/index.php\/wp-json\/wp\/v2\/types\/post"}],"author":[{"embeddable":true,"href":"https:\/\/chacosintesis.com.ar\/index.php\/wp-json\/wp\/v2\/users\/1"}],"replies":[{"embeddable":true,"href":"https:\/\/chacosintesis.com.ar\/index.php\/wp-json\/wp\/v2\/comments?post=221139"}],"version-history":[{"count":1,"href":"https:\/\/chacosintesis.com.ar\/index.php\/wp-json\/wp\/v2\/posts\/221139\/revisions"}],"predecessor-version":[{"id":221151,"href":"https:\/\/chacosintesis.com.ar\/index.php\/wp-json\/wp\/v2\/posts\/221139\/revisions\/221151"}],"wp:featuredmedia":[{"embeddable":true,"href":"https:\/\/chacosintesis.com.ar\/index.php\/wp-json\/wp\/v2\/media\/221150"}],"wp:attachment":[{"href":"https:\/\/chacosintesis.com.ar\/index.php\/wp-json\/wp\/v2\/media?parent=221139"}],"wp:term":[{"taxonomy":"category","embeddable":true,"href":"https:\/\/chacosintesis.com.ar\/index.php\/wp-json\/wp\/v2\/categories?post=221139"},{"taxonomy":"post_tag","embeddable":true,"href":"https:\/\/chacosintesis.com.ar\/index.php\/wp-json\/wp\/v2\/tags?post=221139"}],"curies":[{"name":"wp","href":"https:\/\/api.w.org\/{rel}","templated":true}]}}