{"id":221127,"date":"2026-04-28T16:06:24","date_gmt":"2026-04-28T19:06:24","guid":{"rendered":"https:\/\/chacosintesis.com.ar\/index.php\/donald-trump-despejo-la-polemica-sobre-las-malvinas-con-un-guino-contundente-al-reino-unido\/"},"modified":"2026-04-28T16:06:24","modified_gmt":"2026-04-28T19:06:24","slug":"donald-trump-despejo-la-polemica-sobre-las-malvinas-con-un-guino-contundente-al-reino-unido","status":"publish","type":"post","link":"https:\/\/chacosintesis.com.ar\/index.php\/donald-trump-despejo-la-polemica-sobre-las-malvinas-con-un-guino-contundente-al-reino-unido\/","title":{"rendered":"Donald Trump despej\u00f3 la pol\u00e9mica sobre las Malvinas con un gui\u00f1o contundente al Reino Unido"},"content":{"rendered":"<p><\/p>\n<div id=\"post-2212688\">\n<div class=\"entry-content\">\n<aside class=\"scaip scaip-1    \">\n\t\t<\/aside>\n<p>El presidente de <strong>Estados Unidos<\/strong>,<strong> Donald Trump<\/strong>, despej\u00f3 la pol\u00e9mica que gir\u00f3 en torno a su posici\u00f3n sobre la soberan\u00eda de las <strong>Islas Malvinas,<\/strong> al recibir en la Casa Blanca al <strong>rey<\/strong> <strong>Carlos III<\/strong> en el marco de una agenda bilateral que se extender\u00e1 a lo largo de 4 d\u00edas.<\/p>\n<p>Al recibir al monarca y su esposa Camila, el presidente estadounidense afirm\u00f3: \u201c<em>En los siglos transcurridos desde que conquistamos nuestra independencia, los estadounidenses no hemos tenido <strong>amigos m\u00e1s cercanos que los brit\u00e1nicos<\/strong><\/em>\u201c.<\/p>\n<aside class=\"scaip scaip-2    \">\n\t\t<\/aside>\n<figure class=\"wp-block-image size-large\"><img loading=\"lazy\" loading=\"lazy\" data-recalc-dims=\"1\" decoding=\"async\" width=\"780\" height=\"520\" src=\"https:\/\/i0.wp.com\/www.elsol.com.ar\/wp-content\/uploads\/2026\/04\/trump-carlos-inglaterra.jpg?resize=780%2C520&amp;quality=89&amp;ssl=1\" alt=\"\" class=\"wp-image-2212699\" srcset=\"https:\/\/i0.wp.com\/www.elsol.com.ar\/wp-content\/uploads\/2026\/04\/trump-carlos-inglaterra-scaled.jpg?resize=1024%2C683&amp;quality=89&amp;ssl=1 1024w, https:\/\/i0.wp.com\/www.elsol.com.ar\/wp-content\/uploads\/2026\/04\/trump-carlos-inglaterra-scaled.jpg?resize=300%2C200&amp;quality=89&amp;ssl=1 300w, https:\/\/i0.wp.com\/www.elsol.com.ar\/wp-content\/uploads\/2026\/04\/trump-carlos-inglaterra-scaled.jpg?resize=768%2C512&amp;quality=89&amp;ssl=1 768w, https:\/\/i0.wp.com\/www.elsol.com.ar\/wp-content\/uploads\/2026\/04\/trump-carlos-inglaterra-scaled.jpg?resize=1536%2C1024&amp;quality=89&amp;ssl=1 1536w, https:\/\/i0.wp.com\/www.elsol.com.ar\/wp-content\/uploads\/2026\/04\/trump-carlos-inglaterra-scaled.jpg?resize=2048%2C1365&amp;quality=89&amp;ssl=1 2048w, https:\/\/i0.wp.com\/www.elsol.com.ar\/wp-content\/uploads\/2026\/04\/trump-carlos-inglaterra-scaled.jpg?resize=1200%2C800&amp;quality=89&amp;ssl=1 1200w, https:\/\/i0.wp.com\/www.elsol.com.ar\/wp-content\/uploads\/2026\/04\/trump-carlos-inglaterra-scaled.jpg?resize=2000%2C1333&amp;quality=89&amp;ssl=1 2000w, https:\/\/i0.wp.com\/www.elsol.com.ar\/wp-content\/uploads\/2026\/04\/trump-carlos-inglaterra-scaled.jpg?resize=780%2C520&amp;quality=89&amp;ssl=1 780w, https:\/\/i0.wp.com\/www.elsol.com.ar\/wp-content\/uploads\/2026\/04\/trump-carlos-inglaterra-scaled.jpg?resize=400%2C267&amp;quality=89&amp;ssl=1 400w, https:\/\/i0.wp.com\/www.elsol.com.ar\/wp-content\/uploads\/2026\/04\/trump-carlos-inglaterra-scaled.jpg?w=2340&amp;quality=89&amp;ssl=1 2340w, https:\/\/i0.wp.com\/www.elsol.com.ar\/wp-content\/uploads\/2026\/04\/trump-carlos-inglaterra-1024x683.jpg?w=370&amp;quality=89&amp;ssl=1 370w\" sizes=\"auto, (max-width: 780px) 100vw, 780px\"\/><\/figure>\n<p>De esta manera, <strong>Trump <\/strong>sald\u00f3 personalmente la pol\u00e9mica que inici\u00f3 con una filtraci\u00f3n al Pent\u00e1gono que fue publicada por la agencia Reuters y suger\u00eda que Estados Unidos iba a retirar el apoyo a Gran Breta\u00f1a por las Malvinas. <\/p>\n<aside class=\"scaip scaip-3    \">\n\t\t<\/aside>\n<p>Esta situaci\u00f3n desat\u00f3 una respuesta del portavoz del primer ministro brit\u00e1nico, <strong>Keir Starmer<\/strong>. Aseguraron que su soberan\u00eda sobre las islas no est\u00e1 en discusi\u00f3n y que la autodeterminaci\u00f3n de los \u201ckelpers\u201d es incuestionable. As\u00ed lo hizo tambi\u00e9n el vocero brit\u00e1nico de los malvinenses.<\/p>\n<p>El encuentro entre <strong>Carlos III<\/strong> y <strong>Donald<\/strong> <strong>Trump <\/strong>tambi\u00e9n se produce en el contexto de tensi\u00f3n entre el mandatario y el primer ministro por la participaci\u00f3n brit\u00e1nica en la guerra con Ir\u00e1n. A pesar de eso, Trump reconoci\u00f3 que \u201c<em>nadie luch\u00f3 mejor junto a Estados Unidos<\/em>\u201d como Gran Breta\u00f1a, asegur\u00f3 que a ambas naciones las une una \u201c<em>relaci\u00f3n especial<\/em>\u201d y dese\u00f3 que \u201c<em>siempre siga siendo as\u00ed<\/em>\u201c.<\/p>\n<aside class=\"scaip scaip-4    \">\n\t\t<\/aside>\n<p><h3 class=\"jp-relatedposts-headline\"><em>M\u00c1S NOTICIAS:<\/em><\/h3>\n<\/p>\n<section id=\"block-24\" class=\"below-content widget widget_block\"\/>\t<\/div>\n<p><!-- .entry-content --><\/p>\n<p>\t<!-- .entry-footer --><\/p>\n<\/div>\n","protected":false},"excerpt":{"rendered":"<p>El presidente de Estados Unidos, Donald Trump, despej\u00f3 la pol\u00e9mica que gir\u00f3 en torno a su posici\u00f3n sobre la soberan\u00eda de las Islas Malvinas, al recibir en la Casa Blanca al rey Carlos III en el marco de una agenda bilateral que se extender\u00e1 a lo largo de 4 d\u00edas. Al recibir al monarca y [&hellip;]<\/p>\n","protected":false},"author":1,"featured_media":221138,"comment_status":"","ping_status":"","sticky":false,"template":"","format":"standard","meta":{"footnotes":""},"categories":[8],"tags":[],"class_list":{"0":"post-221127","1":"post","2":"type-post","3":"status-publish","4":"format-standard","5":"has-post-thumbnail","7":"category-nacionales"},"_links":{"self":[{"href":"https:\/\/chacosintesis.com.ar\/index.php\/wp-json\/wp\/v2\/posts\/221127","targetHints":{"allow":["GET"]}}],"collection":[{"href":"https:\/\/chacosintesis.com.ar\/index.php\/wp-json\/wp\/v2\/posts"}],"about":[{"href":"https:\/\/chacosintesis.com.ar\/index.php\/wp-json\/wp\/v2\/types\/post"}],"author":[{"embeddable":true,"href":"https:\/\/chacosintesis.com.ar\/index.php\/wp-json\/wp\/v2\/users\/1"}],"replies":[{"embeddable":true,"href":"https:\/\/chacosintesis.com.ar\/index.php\/wp-json\/wp\/v2\/comments?post=221127"}],"version-history":[{"count":0,"href":"https:\/\/chacosintesis.com.ar\/index.php\/wp-json\/wp\/v2\/posts\/221127\/revisions"}],"wp:featuredmedia":[{"embeddable":true,"href":"https:\/\/chacosintesis.com.ar\/index.php\/wp-json\/wp\/v2\/media\/221138"}],"wp:attachment":[{"href":"https:\/\/chacosintesis.com.ar\/index.php\/wp-json\/wp\/v2\/media?parent=221127"}],"wp:term":[{"taxonomy":"category","embeddable":true,"href":"https:\/\/chacosintesis.com.ar\/index.php\/wp-json\/wp\/v2\/categories?post=221127"},{"taxonomy":"post_tag","embeddable":true,"href":"https:\/\/chacosintesis.com.ar\/index.php\/wp-json\/wp\/v2\/tags?post=221127"}],"curies":[{"name":"wp","href":"https:\/\/api.w.org\/{rel}","templated":true}]}}