{"id":22112,"date":"2023-05-24T15:07:00","date_gmt":"2023-05-24T18:07:00","guid":{"rendered":"https:\/\/chacosintesis.com.ar\/?p=22112"},"modified":"2023-05-25T10:36:10","modified_gmt":"2023-05-25T13:36:10","slug":"cuesta-llama-a-las-y-los-candidatos-a-no-ensuciar-con-carteleria-proselitista-espacios-publicos-no-habilitados","status":"publish","type":"post","link":"https:\/\/chacosintesis.com.ar\/index.php\/cuesta-llama-a-las-y-los-candidatos-a-no-ensuciar-con-carteleria-proselitista-espacios-publicos-no-habilitados\/","title":{"rendered":"Cuesta llama a las y los candidatos a no ensuciar con carteler\u00eda proselitista espacios p\u00fablicos no habilitados"},"content":{"rendered":"\n<p>Con la idea de mantener limpios los espacios p\u00fablicos de la ciudad y concienciar a las y los candidatos de todos los partidos pol\u00edticos sobre la carteler\u00eda proselitista en lugares no habilitados, prohibici\u00f3n dispuesta por ordenanza municipal, la candidata a intendenta por la Corriente de Expresi\u00f3n Renovada (CER), Eli Cuesta, junto a precandidatos de todas las listas que la acompa\u00f1an, encabez\u00f3 un operativo de limpieza de jirafas del alumbrado, postes de tendido el\u00e9ctrico y espacios p\u00fablicos en diferentes calles de Resistencia. Los afiches propagand\u00edsticos se encuentran distribuidos por toda la capital chaque\u00f1a, lo cual afecta y genera inconvenientes en gran parte de los barrios y zona c\u00e9ntrica. \u201cPedimos la colaboraci\u00f3n a todas y todos los partidos pol\u00edticos que nos ayuden a limpiar y no ensucien la ciudad\u201d, remarc\u00f3.<br>Durante la recorrida, la candidata del CER recibi\u00f3 el apoyo de las y los vecinos y remarc\u00f3 que \u201cno ensuciemos, si queremos ser candidatos con m\u00e1s raz\u00f3n\u201d. Cuesta agreg\u00f3 que van a limpiar todas las columnas que est\u00e1n sobre avenidas Sarmiento e Italia y en otros lugares porque \u201crecibimos tambi\u00e9n denuncias de las y los vecinos, es por eso que pedimos la colaboraci\u00f3n de todos\u201d.<br>Asimismo, se\u00f1al\u00f3 que existe una legislaci\u00f3n vigente dispuesta por el Concejo de Resistencia y a\u00f1adi\u00f3 que \u201chay multas, pero la verdad es que hay que tener sentido com\u00fan. Por eso pido a las y los candidatos y a dirigentes de otros partidos pol\u00edticos que instruyan a sus militantes a que no lo hagan porque nos perjudican a todos\u201d.<br>Para Cuesta es muy importante que todos los que sean candidatos se comprometan con la ciudad. \u201cLes pedimos que nos ayuden a mantener Resistencia limpia, ya que es responsabilidad de todas y todos. No la ensucien con sus pegatinas\u201d, reiter\u00f3.<\/p>\n\n\n\n<p>\u201cDesde 2017 existe ordenanza municipal\u201d<br>El precandidato a presidente del Concejo por la Lista 665-A, Guillermo Monz\u00f3n, se\u00f1al\u00f3 que \u201ctodos los frentes y partidos pol\u00edticos, todas y todos los candidatos, tienen que conducir su proceso electoral de manera limpia para no ensuciar las columnas, paredes o vidrieras con cualquier tipo de afiche\u201d. Manifest\u00f3 tambi\u00e9n que la ordenanza fue sancionada en 2017 y ratificada en 2021, \u201clo que se potencia es cuidar la ciudad y que las campa\u00f1as sean totalmente ordenadas y, una vez finalizadas, retiremos todo; son cuestiones muy sencillas y pr\u00e1cticas. Si existe una normativa queremos que las cumplan, como hombres y mujeres de bien\u201d, concluy\u00f3.<\/p>\n","protected":false},"excerpt":{"rendered":"<p>Con la idea de mantener limpios los espacios p\u00fablicos de la ciudad y concienciar a las y los candidatos de todos los partidos pol\u00edticos sobre la carteler\u00eda proselitista en lugares no habilitados, prohibici\u00f3n dispuesta por ordenanza municipal, la candidata a intendenta por la Corriente de Expresi\u00f3n Renovada (CER), Eli Cuesta, junto a precandidatos de todas [&hellip;]<\/p>\n","protected":false},"author":1,"featured_media":22113,"comment_status":"closed","ping_status":"closed","sticky":false,"template":"","format":"standard","meta":{"footnotes":""},"categories":[6],"tags":[202],"class_list":{"0":"post-22112","1":"post","2":"type-post","3":"status-publish","4":"format-standard","5":"has-post-thumbnail","7":"category-chaco","8":"tag-legislatura"},"_links":{"self":[{"href":"https:\/\/chacosintesis.com.ar\/index.php\/wp-json\/wp\/v2\/posts\/22112","targetHints":{"allow":["GET"]}}],"collection":[{"href":"https:\/\/chacosintesis.com.ar\/index.php\/wp-json\/wp\/v2\/posts"}],"about":[{"href":"https:\/\/chacosintesis.com.ar\/index.php\/wp-json\/wp\/v2\/types\/post"}],"author":[{"embeddable":true,"href":"https:\/\/chacosintesis.com.ar\/index.php\/wp-json\/wp\/v2\/users\/1"}],"replies":[{"embeddable":true,"href":"https:\/\/chacosintesis.com.ar\/index.php\/wp-json\/wp\/v2\/comments?post=22112"}],"version-history":[{"count":0,"href":"https:\/\/chacosintesis.com.ar\/index.php\/wp-json\/wp\/v2\/posts\/22112\/revisions"}],"wp:featuredmedia":[{"embeddable":true,"href":"https:\/\/chacosintesis.com.ar\/index.php\/wp-json\/wp\/v2\/media\/22113"}],"wp:attachment":[{"href":"https:\/\/chacosintesis.com.ar\/index.php\/wp-json\/wp\/v2\/media?parent=22112"}],"wp:term":[{"taxonomy":"category","embeddable":true,"href":"https:\/\/chacosintesis.com.ar\/index.php\/wp-json\/wp\/v2\/categories?post=22112"},{"taxonomy":"post_tag","embeddable":true,"href":"https:\/\/chacosintesis.com.ar\/index.php\/wp-json\/wp\/v2\/tags?post=22112"}],"curies":[{"name":"wp","href":"https:\/\/api.w.org\/{rel}","templated":true}]}}