{"id":221093,"date":"2026-04-28T14:06:33","date_gmt":"2026-04-28T17:06:33","guid":{"rendered":"http:\/\/chacosintesis.com.ar\/index.php\/chaco-detuvieron-a-un-joven-tras-una-seguidilla-de-robos-en-comercios-de-la-capital-ultimo-momento-en-chaco\/"},"modified":"2026-04-28T14:06:33","modified_gmt":"2026-04-28T17:06:33","slug":"chaco-detuvieron-a-un-joven-tras-una-seguidilla-de-robos-en-comercios-de-la-capital-ultimo-momento-en-chaco","status":"publish","type":"post","link":"https:\/\/chacosintesis.com.ar\/index.php\/chaco-detuvieron-a-un-joven-tras-una-seguidilla-de-robos-en-comercios-de-la-capital-ultimo-momento-en-chaco\/","title":{"rendered":"CHACO: Detuvieron A Un Joven Tras Una Seguidilla De Robos En Comercios De La Capital | \u00daltimo momento en Chaco"},"content":{"rendered":"<p><img decoding=\"async\" src=\"\"><\/p>\n<div id=\"\">\n<div class=\"entry-meta\">\n<p>28-Abr-26  El sospechoso, de 27 a\u00f1os, intent\u00f3 asaltar una librer\u00eda con un cuchillo de carnicero y, horas antes, habr\u00eda sustra\u00eddo una bicicleta de un supermercado. Fue capturado en un inquilinato con los elementos robados.<\/p>\n<div class=\"heateor_sss_sharing_container heateor_sss_horizontal_sharing\" data-heateor-sss-href=\"https:\/\/www.noticiasdelparana.com.ar\/NuevaEdicion\/2026\/04\/28\/<a href=\"https:\/\/chacosintesis.com.ar\/index.php\/category\/chaco\/\">chaco<\/a>-detuvieron-a-un-joven-tras-una-seguidilla-de-robos-en-comercios-de-la-capital\/&#8221;><\/p>\n<p>Compart\u00ed esta nota en tus redes sociales&#8230;<\/p>\n<\/div>\n<p><span class=\"posted-on\"><span class=\"screen-reader-text\">Posted on<\/span> <a href=\"https:\/\/www.noticiasdelparana.com.ar\/NuevaEdicion\/2026\/04\/28\/<a href=\"https:\/\/chacosintesis.com.ar\/index.php\/category\/chaco\/\">chaco<\/a>-detuvieron-a-un-joven-tras-una-seguidilla-de-robos-en-comercios-de-la-capital\/&#8221; rel=&#8221;bookmark&#8221;><time class=\"entry-date published\" datetime=\"2026-04-28T13:01:20-03:00\">28 abril, 2026<\/time><time class=\"updated\" datetime=\"2026-04-28T13:01:25-03:00\">28 abril, 2026<\/time><\/a>\t\t\t\t\t<\/span><\/div>\n<p><!-- .entry-meta -->\n\t<\/div>\n<div>\n<div class=\"heateor_sss_sharing_container heateor_sss_horizontal_sharing\" data-heateor-sss-href=\"https:\/\/www.noticiasdelparana.com.ar\/NuevaEdicion\/2026\/04\/28\/<a href=\"https:\/\/chacosintesis.com.ar\/index.php\/category\/chaco\/\">chaco<\/a>-detuvieron-a-un-joven-tras-una-seguidilla-de-robos-en-comercios-de-la-capital\/&#8221;><\/p>\n<p>Compart\u00ed esta nota en tus redes sociales&#8230;<\/p>\n<\/div><\/div>\n<\/p>\n<p>El hecho gener\u00f3 repercusi\u00f3n en la comunidad y mantiene en alerta a vecinos de la zona.<\/p>\n<p>Se esperan novedades en las pr\u00f3ximas horas por parte de las autoridades en la provincia del <a href=\"https:\/\/chacosintesis.com.ar\/index.php\/category\/chaco\/\">chaco<\/a>.<\/p>\n<p><strong>Seguinos para m\u00e1s informaci\u00f3n actualizada.<\/strong><\/p>\n","protected":false},"excerpt":{"rendered":"<p>28-Abr-26 El sospechoso, de 27 a\u00f1os, intent\u00f3 asaltar una librer\u00eda con un cuchillo de carnicero y, horas antes, habr\u00eda sustra\u00eddo una bicicleta de un supermercado. Fue capturado en un inquilinato con los elementos robados. 28 abril, 202628 abril, 2026<\/p>\n","protected":false},"author":1,"featured_media":0,"comment_status":"closed","ping_status":"","sticky":false,"template":"","format":"standard","meta":{"footnotes":""},"categories":[5],"tags":[],"class_list":{"0":"post-221093","1":"post","2":"type-post","3":"status-publish","4":"format-standard","6":"category-policiales"},"_links":{"self":[{"href":"https:\/\/chacosintesis.com.ar\/index.php\/wp-json\/wp\/v2\/posts\/221093","targetHints":{"allow":["GET"]}}],"collection":[{"href":"https:\/\/chacosintesis.com.ar\/index.php\/wp-json\/wp\/v2\/posts"}],"about":[{"href":"https:\/\/chacosintesis.com.ar\/index.php\/wp-json\/wp\/v2\/types\/post"}],"author":[{"embeddable":true,"href":"https:\/\/chacosintesis.com.ar\/index.php\/wp-json\/wp\/v2\/users\/1"}],"replies":[{"embeddable":true,"href":"https:\/\/chacosintesis.com.ar\/index.php\/wp-json\/wp\/v2\/comments?post=221093"}],"version-history":[{"count":0,"href":"https:\/\/chacosintesis.com.ar\/index.php\/wp-json\/wp\/v2\/posts\/221093\/revisions"}],"wp:attachment":[{"href":"https:\/\/chacosintesis.com.ar\/index.php\/wp-json\/wp\/v2\/media?parent=221093"}],"wp:term":[{"taxonomy":"category","embeddable":true,"href":"https:\/\/chacosintesis.com.ar\/index.php\/wp-json\/wp\/v2\/categories?post=221093"},{"taxonomy":"post_tag","embeddable":true,"href":"https:\/\/chacosintesis.com.ar\/index.php\/wp-json\/wp\/v2\/tags?post=221093"}],"curies":[{"name":"wp","href":"https:\/\/api.w.org\/{rel}","templated":true}]}}